{"id":193795,"date":"2023-08-14T08:30:00","date_gmt":"2023-08-14T06:30:00","guid":{"rendered":"https:\/\/www.tucomarca.com\/wordpress\/segunda\/?p=193795"},"modified":"2023-08-14T14:04:38","modified_gmt":"2023-08-14T12:04:38","slug":"els-bombers-realitzen-dos-nous-rescats-en-helicopter-a-bicorb-i-anna","status":"publish","type":"post","link":"https:\/\/tucomarca.whitekongsoftware.com\/ca\/els-bombers-realitzen-dos-nous-rescats-en-helicopter-a-bicorb-i-anna\/","title":{"rendered":"Els Bombers realitzen dos nous rescats en helic\u00f2pter a Bicorb i Anna"},"content":{"rendered":"\n<p class=\"wp-block-paragraph\">Els Bombers del Consorci provincial han efectuat dos rescats rurals, el primer d&#8217;ells a Anna, on s&#8217;ha rescatat a una persona amb l&#8217;ajuda de l&#8217;helic\u00f2pter del Consorci, al costat del Grup Especial de Rescat a Altura, GERA, el BRIFO del Consorci i una dotaci\u00f3 de de X\u00e0tiva i sergent d&#8217;Alzira.<\/p>\n\n\n\n<p class=\"wp-block-paragraph\">D&#8217;altra banda, en el riu Frare, a Bicorb, s&#8217;ha rescatat a una persona que no podia caminar. En aquest cas ha intervingut tamb\u00e9 l&#8217;helic\u00f2pter del Consorci, el grup GERA, el coordinador i bombers forestals i una dotaci\u00f3 de bombers voluntaris de Navarr\u00e9s.<\/p>\n\n\n\n<figure class=\"wp-block-image size-large\"><img loading=\"lazy\" decoding=\"async\" width=\"1024\" height=\"567\" src=\"https:\/\/www.tucomarca.com\/wordpress\/segunda\/wp-content\/uploads\/2023\/08\/RescateAnna-1024x567.jpeg\" alt=\"\" class=\"wp-image-193790\" srcset=\"https:\/\/tucomarca.whitekongsoftware.com\/wp-content\/uploads\/2023\/08\/RescateAnna-1024x567.jpeg 1024w, https:\/\/tucomarca.whitekongsoftware.com\/wp-content\/uploads\/2023\/08\/RescateAnna-300x166.jpeg 300w, https:\/\/tucomarca.whitekongsoftware.com\/wp-content\/uploads\/2023\/08\/RescateAnna-768x425.jpeg 768w, https:\/\/tucomarca.whitekongsoftware.com\/wp-content\/uploads\/2023\/08\/RescateAnna-1536x850.jpeg 1536w, https:\/\/tucomarca.whitekongsoftware.com\/wp-content\/uploads\/2023\/08\/RescateAnna.jpeg 1920w\" sizes=\"auto, (max-width: 1024px) 100vw, 1024px\" \/><figcaption>Imagen del rescate en Anna<\/figcaption><\/figure>\n\n\n\n<figure class=\"wp-block-image size-large\"><img loading=\"lazy\" decoding=\"async\" width=\"1024\" height=\"768\" src=\"https:\/\/www.tucomarca.com\/wordpress\/segunda\/wp-content\/uploads\/2023\/08\/RescateBicorp-1024x768.jpeg\" alt=\"\" class=\"wp-image-193792\" srcset=\"https:\/\/tucomarca.whitekongsoftware.com\/wp-content\/uploads\/2023\/08\/RescateBicorp-1024x768.jpeg 1024w, https:\/\/tucomarca.whitekongsoftware.com\/wp-content\/uploads\/2023\/08\/RescateBicorp-300x225.jpeg 300w, https:\/\/tucomarca.whitekongsoftware.com\/wp-content\/uploads\/2023\/08\/RescateBicorp-768x576.jpeg 768w, https:\/\/tucomarca.whitekongsoftware.com\/wp-content\/uploads\/2023\/08\/RescateBicorp-1536x1152.jpeg 1536w, https:\/\/tucomarca.whitekongsoftware.com\/wp-content\/uploads\/2023\/08\/RescateBicorp-678x509.jpeg 678w, https:\/\/tucomarca.whitekongsoftware.com\/wp-content\/uploads\/2023\/08\/RescateBicorp-326x245.jpeg 326w, https:\/\/tucomarca.whitekongsoftware.com\/wp-content\/uploads\/2023\/08\/RescateBicorp-80x60.jpeg 80w, https:\/\/tucomarca.whitekongsoftware.com\/wp-content\/uploads\/2023\/08\/RescateBicorp.jpeg 1920w\" sizes=\"auto, (max-width: 1024px) 100vw, 1024px\" \/><figcaption>Imagen del rescate en Bicorp<\/figcaption><\/figure>\n","protected":false},"excerpt":{"rendered":"<div class=\"mh-excerpt\">Els Bombers del Consorci provincial han efectuat dos rescats rurals, el primer d&#8217;ells a Anna, on s&#8217;ha rescatat a una persona amb l&#8217;ajuda de l&#8217;helic\u00f2pter del Consorci, al costat del Grup Especial de Rescat a <a class=\"mh-excerpt-more\" href=\"https:\/\/tucomarca.whitekongsoftware.com\/ca\/els-bombers-realitzen-dos-nous-rescats-en-helicopter-a-bicorb-i-anna\/\" title=\"Els Bombers realitzen dos nous rescats en helic\u00f2pter a Bicorb i Anna\">[+] <\/a><\/div>\n","protected":false},"author":13,"featured_media":193791,"comment_status":"open","ping_status":"open","sticky":false,"template":"","format":"gallery","meta":{"footnotes":""},"categories":[10964,10965,10898,10948,10963,10894,10904,10896,10897],"tags":[12636,13893,11094],"class_list":["post-193795","post","type-post","status-publish","format-gallery","has-post-thumbnail","category-anna-ca","category-bicorp-ca","category-ventana-ca","category-infraestructuras-ca","category-la-canal-de-navarres-ca","category-la-comarca-ca","category-sin-categorizar-ca","category-seccion-ca","category-sucesos-la-comarca-ca","tag-anna-ca","tag-bicorp-ca","tag-la-canal-de-navarres","post_format-post-format-gallery"],"_links":{"self":[{"href":"https:\/\/tucomarca.whitekongsoftware.com\/ca\/wp-json\/wp\/v2\/posts\/193795","targetHints":{"allow":["GET"]}}],"collection":[{"href":"https:\/\/tucomarca.whitekongsoftware.com\/ca\/wp-json\/wp\/v2\/posts"}],"about":[{"href":"https:\/\/tucomarca.whitekongsoftware.com\/ca\/wp-json\/wp\/v2\/types\/post"}],"author":[{"embeddable":true,"href":"https:\/\/tucomarca.whitekongsoftware.com\/ca\/wp-json\/wp\/v2\/users\/13"}],"replies":[{"embeddable":true,"href":"https:\/\/tucomarca.whitekongsoftware.com\/ca\/wp-json\/wp\/v2\/comments?post=193795"}],"version-history":[{"count":0,"href":"https:\/\/tucomarca.whitekongsoftware.com\/ca\/wp-json\/wp\/v2\/posts\/193795\/revisions"}],"wp:featuredmedia":[{"embeddable":true,"href":"https:\/\/tucomarca.whitekongsoftware.com\/ca\/wp-json\/wp\/v2\/media\/193791"}],"wp:attachment":[{"href":"https:\/\/tucomarca.whitekongsoftware.com\/ca\/wp-json\/wp\/v2\/media?parent=193795"}],"wp:term":[{"taxonomy":"category","embeddable":true,"href":"https:\/\/tucomarca.whitekongsoftware.com\/ca\/wp-json\/wp\/v2\/categories?post=193795"},{"taxonomy":"post_tag","embeddable":true,"href":"https:\/\/tucomarca.whitekongsoftware.com\/ca\/wp-json\/wp\/v2\/tags?post=193795"}],"curies":[{"name":"wp","href":"https:\/\/api.w.org\/{rel}","templated":true}]}}