{"id":193713,"date":"2023-08-11T10:00:00","date_gmt":"2023-08-11T08:00:00","guid":{"rendered":"https:\/\/www.tucomarca.com\/wordpress\/segunda\/?p=193713"},"modified":"2023-08-11T19:11:32","modified_gmt":"2023-08-11T17:11:32","slug":"los-bomberos-rescatan-a-una-persona-atrapada-en-una-acequia-en-requena","status":"publish","type":"post","link":"https:\/\/tucomarca.whitekongsoftware.com\/ca\/los-bomberos-rescatan-a-una-persona-atrapada-en-una-acequia-en-requena\/","title":{"rendered":"Los bomberos rescatan a una persona atrapada en una acequia en Requena"},"content":{"rendered":"\n<p class=\"wp-block-paragraph\">Els Bombers del Consorci Provincial han realitzat la passada nit una intervenci\u00f3 per a rescatar a una persona que havia caigut a una s\u00e9quia a Requena. <\/p>\n\n\n\n<p class=\"wp-block-paragraph\">Per a dur a terme els treballs d&#8217;auxili es va mobilitzar fins ac\u00ed una dotaci\u00f3 de Requena amb comandament i, una vegada rescatada la persona, es van fer c\u00e0rrec els mitjans sanitaris.<\/p>\n\n\n\n<figure class=\"wp-block-gallery has-nested-images columns-default is-cropped wp-block-gallery-1 is-layout-flex wp-block-gallery-is-layout-flex\">\n<figure class=\"wp-block-image size-large\"><img loading=\"lazy\" decoding=\"async\" width=\"768\" height=\"1024\" data-id=\"193708\" src=\"https:\/\/www.tucomarca.com\/wordpress\/segunda\/wp-content\/uploads\/2023\/08\/BomberosRequena01-1-768x1024.jpeg\" alt=\"\" class=\"wp-image-193708\" srcset=\"https:\/\/tucomarca.whitekongsoftware.com\/wp-content\/uploads\/2023\/08\/BomberosRequena01-1-768x1024.jpeg 768w, https:\/\/tucomarca.whitekongsoftware.com\/wp-content\/uploads\/2023\/08\/BomberosRequena01-1-225x300.jpeg 225w, https:\/\/tucomarca.whitekongsoftware.com\/wp-content\/uploads\/2023\/08\/BomberosRequena01-1-1152x1536.jpeg 1152w, https:\/\/tucomarca.whitekongsoftware.com\/wp-content\/uploads\/2023\/08\/BomberosRequena01-1.jpeg 1512w\" sizes=\"auto, (max-width: 768px) 100vw, 768px\" \/><\/figure>\n\n\n\n<figure class=\"wp-block-image size-large\"><img loading=\"lazy\" decoding=\"async\" width=\"768\" height=\"1024\" data-id=\"193710\" src=\"https:\/\/www.tucomarca.com\/wordpress\/segunda\/wp-content\/uploads\/2023\/08\/BomberosRequena02-768x1024.jpeg\" alt=\"\" class=\"wp-image-193710\" srcset=\"https:\/\/tucomarca.whitekongsoftware.com\/wp-content\/uploads\/2023\/08\/BomberosRequena02-768x1024.jpeg 768w, https:\/\/tucomarca.whitekongsoftware.com\/wp-content\/uploads\/2023\/08\/BomberosRequena02-225x300.jpeg 225w, https:\/\/tucomarca.whitekongsoftware.com\/wp-content\/uploads\/2023\/08\/BomberosRequena02-1152x1536.jpeg 1152w, https:\/\/tucomarca.whitekongsoftware.com\/wp-content\/uploads\/2023\/08\/BomberosRequena02.jpeg 1512w\" sizes=\"auto, (max-width: 768px) 100vw, 768px\" \/><\/figure>\n<\/figure>\n","protected":false},"excerpt":{"rendered":"<div class=\"mh-excerpt\">Els Bombers del Consorci Provincial han realitzat la passada nit una intervenci\u00f3 per a rescatar a una persona que havia caigut a una s\u00e9quia a Requena. Per a dur a terme els treballs d&#8217;auxili es <a class=\"mh-excerpt-more\" href=\"https:\/\/tucomarca.whitekongsoftware.com\/ca\/los-bomberos-rescatan-a-una-persona-atrapada-en-una-acequia-en-requena\/\" title=\"Los bomberos rescatan a una persona atrapada en una acequia en Requena\">[+] <\/a><\/div>\n","protected":false},"author":13,"featured_media":193709,"comment_status":"open","ping_status":"open","sticky":false,"template":"","format":"image","meta":{"footnotes":""},"categories":[10898,10948,10894,10908,10909,10896,10897],"tags":[11099,10910,10901],"class_list":["post-193713","post","type-post","status-publish","format-image","has-post-thumbnail","category-ventana-ca","category-infraestructuras-ca","category-la-comarca-ca","category-requena-ca","category-requena-utiel-ca","category-seccion-ca","category-sucesos-la-comarca-ca","tag-requena-ca","tag-requena-utiel-ca","tag-sucesos-ca","post_format-post-format-image"],"_links":{"self":[{"href":"https:\/\/tucomarca.whitekongsoftware.com\/ca\/wp-json\/wp\/v2\/posts\/193713","targetHints":{"allow":["GET"]}}],"collection":[{"href":"https:\/\/tucomarca.whitekongsoftware.com\/ca\/wp-json\/wp\/v2\/posts"}],"about":[{"href":"https:\/\/tucomarca.whitekongsoftware.com\/ca\/wp-json\/wp\/v2\/types\/post"}],"author":[{"embeddable":true,"href":"https:\/\/tucomarca.whitekongsoftware.com\/ca\/wp-json\/wp\/v2\/users\/13"}],"replies":[{"embeddable":true,"href":"https:\/\/tucomarca.whitekongsoftware.com\/ca\/wp-json\/wp\/v2\/comments?post=193713"}],"version-history":[{"count":0,"href":"https:\/\/tucomarca.whitekongsoftware.com\/ca\/wp-json\/wp\/v2\/posts\/193713\/revisions"}],"wp:featuredmedia":[{"embeddable":true,"href":"https:\/\/tucomarca.whitekongsoftware.com\/ca\/wp-json\/wp\/v2\/media\/193709"}],"wp:attachment":[{"href":"https:\/\/tucomarca.whitekongsoftware.com\/ca\/wp-json\/wp\/v2\/media?parent=193713"}],"wp:term":[{"taxonomy":"category","embeddable":true,"href":"https:\/\/tucomarca.whitekongsoftware.com\/ca\/wp-json\/wp\/v2\/categories?post=193713"},{"taxonomy":"post_tag","embeddable":true,"href":"https:\/\/tucomarca.whitekongsoftware.com\/ca\/wp-json\/wp\/v2\/tags?post=193713"}],"curies":[{"name":"wp","href":"https:\/\/api.w.org\/{rel}","templated":true}]}}