{"id":193640,"date":"2023-08-10T08:08:00","date_gmt":"2023-08-10T06:08:00","guid":{"rendered":"https:\/\/www.tucomarca.com\/wordpress\/segunda\/?p=193640"},"modified":"2023-08-10T15:20:39","modified_gmt":"2023-08-10T13:20:39","slug":"lateneu-de-bunyol-organitza-una-observacio-astronomica-des-del-castell-de-bunyol","status":"publish","type":"post","link":"https:\/\/tucomarca.whitekongsoftware.com\/ca\/lateneu-de-bunyol-organitza-una-observacio-astronomica-des-del-castell-de-bunyol\/","title":{"rendered":"L&#8217;Ateneu de Bunyol organitza una observaci\u00f3 astron\u00f2mica des del castell de Bunyol"},"content":{"rendered":"\n<p class=\"wp-block-paragraph\">Des de fa diversos anys l&#8217;Ateneu de Bunyol organitza una observaci\u00f3 astron\u00f2mica des del Castell de Bunyol la nit del m\u00e0xim de les perseidas, que enguany&nbsp; ocorrer\u00e0 en la del 12 al 13 d&#8217;agost. La constel\u00b7laci\u00f3 de Perseo comen\u00e7a el dia sobre les 2,00 hores del 13 d&#8217;agost pel NE, cosa que significa que els meteors que provinguen d&#8217;aqueixa direcci\u00f3 seran Perseidas i espor\u00e0dics si ho fan de qualsevol altra direcci\u00f3. A m\u00e9s de l&#8217;observaci\u00f3 de meteors han dissenyat unes activitats dirigides a con\u00e9ixer la Via L\u00e0ctia.<\/p>\n\n\n\n<p class=\"wp-block-paragraph\">El lloc d&#8217;observaci\u00f3 ser\u00e0 el terrat de la sala del \u00aboscurico\u00bb del Castell de Bunyol on, a partir de la 21 hores del 12 d&#8217;agost de 2023, s&#8217;instal\u00b7lar\u00e0 un telescopi Dobson de 254 mm d&#8217;obertura i 1250 mm de focal i un Maksutov de 127 mm i 1500 mm respectivament, a m\u00e9s es disposar\u00e0 de mapes del cel per a les persones assistents que els servir\u00e0 de guia per a l&#8217;observaci\u00f3 dels objectes celestes. \u00c9s aconsellable que qui dispose d&#8217;uns prism\u00e0tics els porte per a con\u00e9ixer les seues caracter\u00edstiques relacionades amb l&#8217;observaci\u00f3 astron\u00f2mica.<\/p>\n\n\n\n<p class=\"wp-block-paragraph\"><strong>Programaci\u00f3<\/strong>:<\/p>\n\n\n\n<p class=\"wp-block-paragraph\">21.00 hores: geolocalitzaci\u00f3, observaci\u00f3 dels planetes Mercuri i Mart prop de l&#8217;horitz\u00f3 oest durant el crepuscle i localitzaci\u00f3 de l&#8217;estrela mes brillant de l&#8217;hemisferi nord celeste, Arturo de la constel\u00b7laci\u00f3 Boyero.<\/p>\n\n\n\n<p class=\"wp-block-paragraph\">21.30 hores: despr\u00e9s del crepuscle astron\u00f2mic localitzaci\u00f3 de les constel\u00b7lacions que travessa la Via L\u00e0ctia: Cigne, \u00c0guila, Sagitari i Escorp\u00ed; altres constel\u00b7lacions rellevants com a Ossa Major i Ossa Menor; les estreles Polar, Deneb, Vega, Altair i Antares; i els asterismes del carro, el triangle d&#8217;estiu, la tetera i l&#8217;ham.<\/p>\n\n\n\n<p class=\"wp-block-paragraph\">22.00 hores: descripci\u00f3 dels telescopis i les seues muntures, observaci\u00f3 a trav\u00e9s dels seus oculars dels objectes anomenats de cel profund que pertanyen a la nostra gal\u00e0xia: nebuloses d&#8217;emissi\u00f3, de reflexi\u00f3 i planet\u00e0ries i c\u00famuls estel\u00b7lars oberts i globulars.<\/p>\n\n\n\n<p class=\"wp-block-paragraph\">22.30 hores:&nbsp;<a rel=\"noreferrer noopener\" href=\"https:\/\/ropalna801139470.wordpress.com\/materia-interestelar-en-sagitario-y-escorpion-con-prismaticos\/\" target=\"_blank\">descripci\u00f3 b\u00e0sica dels prism\u00e0tics<\/a>&nbsp; amb els quals intentarem observar les nebuloses i els c\u00famuls mes extensos i brillants, per a aix\u00f2 usarem com a guies les estreles Antares d&#8217;Escorp\u00ed, Kaus Borealis i Kaus Australis de Sagitari i Arturo.<\/p>\n","protected":false},"excerpt":{"rendered":"<div class=\"mh-excerpt\">Des de fa diversos anys l&#8217;Ateneu de Bunyol organitza una observaci\u00f3 astron\u00f2mica des del Castell de Bunyol la nit del m\u00e0xim de les perseidas, que enguany&nbsp; ocorrer\u00e0 en la del 12 al 13 d&#8217;agost. La <a class=\"mh-excerpt-more\" href=\"https:\/\/tucomarca.whitekongsoftware.com\/ca\/lateneu-de-bunyol-organitza-una-observacio-astronomica-des-del-castell-de-bunyol\/\" title=\"L&#8217;Ateneu de Bunyol organitza una observaci\u00f3 astron\u00f2mica des del castell de Bunyol\">[+] <\/a><\/div>\n","protected":false},"author":13,"featured_media":193631,"comment_status":"open","ping_status":"open","sticky":false,"template":"","format":"standard","meta":{"footnotes":""},"categories":[11019,10911,10894,10912,11007,10896],"tags":[19576,10913,10914],"class_list":["post-193640","post","type-post","status-publish","format-standard","has-post-thumbnail","category-agenda-ca","category-bunol-ca","category-la-comarca-ca","category-la-hoya-ca","category-ocio-y-cultura-ca","category-seccion-ca","tag-astronomia-ca","tag-bunol-ca","tag-la-hoya-de-bunol-chiva-ca"],"_links":{"self":[{"href":"https:\/\/tucomarca.whitekongsoftware.com\/ca\/wp-json\/wp\/v2\/posts\/193640","targetHints":{"allow":["GET"]}}],"collection":[{"href":"https:\/\/tucomarca.whitekongsoftware.com\/ca\/wp-json\/wp\/v2\/posts"}],"about":[{"href":"https:\/\/tucomarca.whitekongsoftware.com\/ca\/wp-json\/wp\/v2\/types\/post"}],"author":[{"embeddable":true,"href":"https:\/\/tucomarca.whitekongsoftware.com\/ca\/wp-json\/wp\/v2\/users\/13"}],"replies":[{"embeddable":true,"href":"https:\/\/tucomarca.whitekongsoftware.com\/ca\/wp-json\/wp\/v2\/comments?post=193640"}],"version-history":[{"count":0,"href":"https:\/\/tucomarca.whitekongsoftware.com\/ca\/wp-json\/wp\/v2\/posts\/193640\/revisions"}],"wp:featuredmedia":[{"embeddable":true,"href":"https:\/\/tucomarca.whitekongsoftware.com\/ca\/wp-json\/wp\/v2\/media\/193631"}],"wp:attachment":[{"href":"https:\/\/tucomarca.whitekongsoftware.com\/ca\/wp-json\/wp\/v2\/media?parent=193640"}],"wp:term":[{"taxonomy":"category","embeddable":true,"href":"https:\/\/tucomarca.whitekongsoftware.com\/ca\/wp-json\/wp\/v2\/categories?post=193640"},{"taxonomy":"post_tag","embeddable":true,"href":"https:\/\/tucomarca.whitekongsoftware.com\/ca\/wp-json\/wp\/v2\/tags?post=193640"}],"curies":[{"name":"wp","href":"https:\/\/api.w.org\/{rel}","templated":true}]}}