{"id":193515,"date":"2023-08-09T09:00:00","date_gmt":"2023-08-09T07:00:00","guid":{"rendered":"https:\/\/www.tucomarca.com\/wordpress\/segunda\/?p=193515"},"modified":"2023-08-09T12:06:36","modified_gmt":"2023-08-09T10:06:36","slug":"lajuntament-de-requena-expressa-el-seu-suport-a-lassociacio-de-viticultors-del-cava-que-acaba-de-constituir-se","status":"publish","type":"post","link":"https:\/\/tucomarca.whitekongsoftware.com\/ca\/lajuntament-de-requena-expressa-el-seu-suport-a-lassociacio-de-viticultors-del-cava-que-acaba-de-constituir-se\/","title":{"rendered":"L&#8217;Ajuntament de Requena expressa el seu suport a l&#8217;Associaci\u00f3 de Viticultors del Cava que acaba de constituir-se"},"content":{"rendered":"\n<p class=\"wp-block-paragraph\">La corporaci\u00f3 municipal de Requena va ser testimoni d&#8217;un esdeveniment transcendental, el passat 7 d&#8217;agost, amb la constituci\u00f3 de l&#8217;Associaci\u00f3 de Viticultors del Cava de Requena.&nbsp;<\/p>\n\n\n\n<p class=\"wp-block-paragraph\">&#8220;Aquesta fita marca un pas crucial en l&#8217;enfortiment i promoci\u00f3 de la vitivinicultura en el municipi&#8221; van afirmar fonts municipals.<\/p>\n\n\n\n<p class=\"wp-block-paragraph\">L&#8217;esdeveniment va comptar amb la pres\u00e8ncia de viticultors productors de ra\u00efm per a elaborar caves, de la zona.&nbsp;<\/p>\n\n\n\n<p class=\"wp-block-paragraph\">El suport ferm de la corporaci\u00f3 municipal a la iniciativa reflecteix &#8220;el reconeixement del valor hist\u00f2ric, cultural i econ\u00f2mic que l&#8217;activitat vitivin\u00edcola aporta a la zona&#8221; , destaquen les fonts.<\/p>\n\n\n\n<p class=\"wp-block-paragraph\">L&#8217;associaci\u00f3 es forja amb el prop\u00f2sit de fomentar la col\u00b7laboraci\u00f3 entre els viticultors i elaboradors locals. La seua missi\u00f3 inclou la promoci\u00f3 de l&#8217;intercanvi de coneixements, la implementaci\u00f3 de bones pr\u00e0ctiques i la consolidaci\u00f3 de la denominaci\u00f3 d&#8217;origen &#8220;Cava de Requena&#8221;. Aquesta alian\u00e7a entre l&#8217;Ajuntament i els protagonistes de la ind\u00fastria &#8220;\u00e9s essencial per a impulsar el creixement sostenible i la projecci\u00f3 internacional dels productes vin\u00edcoles del municipi&#8221; van comentar representants municipals.<\/p>\n\n\n\n<p class=\"wp-block-paragraph\">A Requena, municipi amb la major extensi\u00f3 de vinyes dins de la Denominaci\u00f3 d&#8217;Origen Cava, m\u00e9s de 1000 viticultors cultiven varietats de ra\u00efm #apte per a l&#8217;elaboraci\u00f3 de cava des de mitjan anys 80. La producci\u00f3 se centra en varietats com a Macabeu, Chardonnay, Xare-el, Garnacha i Pinot Noir.<\/p>\n\n\n\n<p class=\"wp-block-paragraph\">Des de l&#8217;associaci\u00f3, es busca defensar i servir com a veu unificada i representativa davant el sector, col\u00b7laborant amb cellers elaboradors del municipi per a impulsar la qualitat del ra\u00efm i del Cava de Requena. M\u00e9s del 90% del ra\u00efm produ\u00eft s\u00f3n de viticultors socis de cooperatives i viticultors independents, la qual cosa reflecteix la diversitat i riquesa de la comunitat vin\u00edcola local.<\/p>\n\n\n\n<p class=\"wp-block-paragraph\">Cal tindre en compte que la producci\u00f3 de ra\u00efm i l&#8217;elaboraci\u00f3 dels caves, \u00e9s una de les principals activitats econ\u00f2miques del municipi de Requena, que compta amb un potencial de producci\u00f3 d&#8217;uns 40 milions de quilograms anuals de ra\u00efm.<\/p>\n\n\n\n<p class=\"wp-block-paragraph\">A la foto: viticultors del cava al costat de l&#8217;edil d&#8217;Agricultura, Alejandro Hern\u00e1ndez. Informa, <strong>Luis Ib\u00e1\u00f1ez<\/strong>.<\/p>\n","protected":false},"excerpt":{"rendered":"<div class=\"mh-excerpt\">La corporaci\u00f3 municipal de Requena va ser testimoni d&#8217;un esdeveniment transcendental, el passat 7 d&#8217;agost, amb la constituci\u00f3 de l&#8217;Associaci\u00f3 de Viticultors del Cava de Requena.&nbsp; &#8220;Aquesta fita marca un pas crucial en l&#8217;enfortiment i <a class=\"mh-excerpt-more\" href=\"https:\/\/tucomarca.whitekongsoftware.com\/ca\/lajuntament-de-requena-expressa-el-seu-suport-a-lassociacio-de-viticultors-del-cava-que-acaba-de-constituir-se\/\" title=\"L&#8217;Ajuntament de Requena expressa el seu suport a l&#8217;Associaci\u00f3 de Viticultors del Cava que acaba de constituir-se\">[+] <\/a><\/div>\n","protected":false},"author":13,"featured_media":193513,"comment_status":"open","ping_status":"open","sticky":false,"template":"","format":"standard","meta":{"footnotes":""},"categories":[10905,11006,10948,10894,10947,10908,10909,10896],"tags":[11309,11099,10910],"class_list":["post-193515","post","type-post","status-publish","format-standard","has-post-thumbnail","category-agricultura-la-comarca-ca","category-canal-vinos","category-infraestructuras-ca","category-la-comarca-ca","category-politica","category-requena-ca","category-requena-utiel-ca","category-seccion-ca","tag-agricultura-ca","tag-requena-ca","tag-requena-utiel-ca"],"_links":{"self":[{"href":"https:\/\/tucomarca.whitekongsoftware.com\/ca\/wp-json\/wp\/v2\/posts\/193515","targetHints":{"allow":["GET"]}}],"collection":[{"href":"https:\/\/tucomarca.whitekongsoftware.com\/ca\/wp-json\/wp\/v2\/posts"}],"about":[{"href":"https:\/\/tucomarca.whitekongsoftware.com\/ca\/wp-json\/wp\/v2\/types\/post"}],"author":[{"embeddable":true,"href":"https:\/\/tucomarca.whitekongsoftware.com\/ca\/wp-json\/wp\/v2\/users\/13"}],"replies":[{"embeddable":true,"href":"https:\/\/tucomarca.whitekongsoftware.com\/ca\/wp-json\/wp\/v2\/comments?post=193515"}],"version-history":[{"count":0,"href":"https:\/\/tucomarca.whitekongsoftware.com\/ca\/wp-json\/wp\/v2\/posts\/193515\/revisions"}],"wp:featuredmedia":[{"embeddable":true,"href":"https:\/\/tucomarca.whitekongsoftware.com\/ca\/wp-json\/wp\/v2\/media\/193513"}],"wp:attachment":[{"href":"https:\/\/tucomarca.whitekongsoftware.com\/ca\/wp-json\/wp\/v2\/media?parent=193515"}],"wp:term":[{"taxonomy":"category","embeddable":true,"href":"https:\/\/tucomarca.whitekongsoftware.com\/ca\/wp-json\/wp\/v2\/categories?post=193515"},{"taxonomy":"post_tag","embeddable":true,"href":"https:\/\/tucomarca.whitekongsoftware.com\/ca\/wp-json\/wp\/v2\/tags?post=193515"}],"curies":[{"name":"wp","href":"https:\/\/api.w.org\/{rel}","templated":true}]}}