{"id":193473,"date":"2023-08-08T17:00:00","date_gmt":"2023-08-08T15:00:00","guid":{"rendered":"https:\/\/www.tucomarca.com\/wordpress\/segunda\/?p=193473"},"modified":"2023-08-08T19:40:46","modified_gmt":"2023-08-08T17:40:46","slug":"efectius-del-consorci-provincial-de-bombers-realitzen-un-rescat-en-el-terme-de-setaigues","status":"publish","type":"post","link":"https:\/\/tucomarca.whitekongsoftware.com\/ca\/efectius-del-consorci-provincial-de-bombers-realitzen-un-rescat-en-el-terme-de-setaigues\/","title":{"rendered":"Efectius del Consorci Provincial de Bombers realitzen un rescat en el terme de Setaig\u00fces"},"content":{"rendered":"\n<p class=\"wp-block-paragraph\">Els Bombers del Consorci Provincial han intervingut en un rescat rural en el terme de Setaig\u00fces aquest dimarts al migdia. <\/p>\n\n\n\n<p class=\"wp-block-paragraph\">Per a tendir a aquest accidentat s&#8217;ha hagut de mobilitzar una dotaci\u00f3 del parc de bombers de Xiva, el sergent de Requena, el servei de Bombers Forestals de la Generalitat Valenciana aix\u00ed com l&#8217;helic\u00f2pter del Consorci acompanyat pel Grup Especial de Rescat a Altura, GERA.<\/p>\n\n\n\n<figure class=\"wp-block-gallery has-nested-images columns-default is-cropped wp-block-gallery-1 is-layout-flex wp-block-gallery-is-layout-flex\">\n<figure class=\"wp-block-image size-large\"><img loading=\"lazy\" decoding=\"async\" width=\"1549\" height=\"2048\" data-id=\"193466\" src=\"http:\/\/www.tucomarca.com\/wordpress\/segunda\/wp-content\/uploads\/2023\/08\/SieteAguasRescate1.jpg\" alt=\"\" class=\"wp-image-193466\" srcset=\"https:\/\/tucomarca.whitekongsoftware.com\/wp-content\/uploads\/2023\/08\/SieteAguasRescate1.jpg 1549w, https:\/\/tucomarca.whitekongsoftware.com\/wp-content\/uploads\/2023\/08\/SieteAguasRescate1-227x300.jpg 227w, https:\/\/tucomarca.whitekongsoftware.com\/wp-content\/uploads\/2023\/08\/SieteAguasRescate1-775x1024.jpg 775w, https:\/\/tucomarca.whitekongsoftware.com\/wp-content\/uploads\/2023\/08\/SieteAguasRescate1-768x1015.jpg 768w, https:\/\/tucomarca.whitekongsoftware.com\/wp-content\/uploads\/2023\/08\/SieteAguasRescate1-1162x1536.jpg 1162w\" sizes=\"auto, (max-width: 1549px) 100vw, 1549px\" \/><\/figure>\n\n\n\n<figure class=\"wp-block-image size-large\"><img loading=\"lazy\" decoding=\"async\" width=\"1531\" height=\"1920\" data-id=\"193468\" src=\"http:\/\/www.tucomarca.com\/wordpress\/segunda\/wp-content\/uploads\/2023\/08\/SieteAguasRescate2.jpg\" alt=\"\" class=\"wp-image-193468\" srcset=\"https:\/\/tucomarca.whitekongsoftware.com\/wp-content\/uploads\/2023\/08\/SieteAguasRescate2.jpg 1531w, https:\/\/tucomarca.whitekongsoftware.com\/wp-content\/uploads\/2023\/08\/SieteAguasRescate2-239x300.jpg 239w, https:\/\/tucomarca.whitekongsoftware.com\/wp-content\/uploads\/2023\/08\/SieteAguasRescate2-817x1024.jpg 817w, https:\/\/tucomarca.whitekongsoftware.com\/wp-content\/uploads\/2023\/08\/SieteAguasRescate2-768x963.jpg 768w, https:\/\/tucomarca.whitekongsoftware.com\/wp-content\/uploads\/2023\/08\/SieteAguasRescate2-1225x1536.jpg 1225w\" sizes=\"auto, (max-width: 1531px) 100vw, 1531px\" \/><\/figure>\n<\/figure>\n","protected":false},"excerpt":{"rendered":"<div class=\"mh-excerpt\">Els Bombers del Consorci Provincial han intervingut en un rescat rural en el terme de Setaig\u00fces aquest dimarts al migdia. Per a tendir a aquest accidentat s&#8217;ha hagut de mobilitzar una dotaci\u00f3 del parc de <a class=\"mh-excerpt-more\" href=\"https:\/\/tucomarca.whitekongsoftware.com\/ca\/efectius-del-consorci-provincial-de-bombers-realitzen-un-rescat-en-el-terme-de-setaigues\/\" title=\"Efectius del Consorci Provincial de Bombers realitzen un rescat en el terme de Setaig\u00fces\">[+] <\/a><\/div>\n","protected":false},"author":1,"featured_media":193467,"comment_status":"open","ping_status":"open","sticky":false,"template":"","format":"standard","meta":{"footnotes":""},"categories":[10898,10948,10894,10904,10912,10903,10896,10979,10897],"tags":[10914,11157,10901],"class_list":["post-193473","post","type-post","status-publish","format-standard","has-post-thumbnail","category-ventana-ca","category-infraestructuras-ca","category-la-comarca-ca","category-sin-categorizar-ca","category-la-hoya-ca","category-medio-ambiente-la-comarca-ca","category-seccion-ca","category-siete-aguas-ca","category-sucesos-la-comarca-ca","tag-la-hoya-de-bunol-chiva-ca","tag-siete-aguas-ca","tag-sucesos-ca"],"_links":{"self":[{"href":"https:\/\/tucomarca.whitekongsoftware.com\/ca\/wp-json\/wp\/v2\/posts\/193473","targetHints":{"allow":["GET"]}}],"collection":[{"href":"https:\/\/tucomarca.whitekongsoftware.com\/ca\/wp-json\/wp\/v2\/posts"}],"about":[{"href":"https:\/\/tucomarca.whitekongsoftware.com\/ca\/wp-json\/wp\/v2\/types\/post"}],"author":[{"embeddable":true,"href":"https:\/\/tucomarca.whitekongsoftware.com\/ca\/wp-json\/wp\/v2\/users\/1"}],"replies":[{"embeddable":true,"href":"https:\/\/tucomarca.whitekongsoftware.com\/ca\/wp-json\/wp\/v2\/comments?post=193473"}],"version-history":[{"count":0,"href":"https:\/\/tucomarca.whitekongsoftware.com\/ca\/wp-json\/wp\/v2\/posts\/193473\/revisions"}],"wp:featuredmedia":[{"embeddable":true,"href":"https:\/\/tucomarca.whitekongsoftware.com\/ca\/wp-json\/wp\/v2\/media\/193467"}],"wp:attachment":[{"href":"https:\/\/tucomarca.whitekongsoftware.com\/ca\/wp-json\/wp\/v2\/media?parent=193473"}],"wp:term":[{"taxonomy":"category","embeddable":true,"href":"https:\/\/tucomarca.whitekongsoftware.com\/ca\/wp-json\/wp\/v2\/categories?post=193473"},{"taxonomy":"post_tag","embeddable":true,"href":"https:\/\/tucomarca.whitekongsoftware.com\/ca\/wp-json\/wp\/v2\/tags?post=193473"}],"curies":[{"name":"wp","href":"https:\/\/api.w.org\/{rel}","templated":true}]}}