{"id":193338,"date":"2023-08-07T07:00:00","date_gmt":"2023-08-07T06:00:00","guid":{"rendered":"https:\/\/www.tucomarca.com\/wordpress\/segunda\/?p=193338"},"modified":"2023-08-07T11:44:37","modified_gmt":"2023-08-07T10:44:37","slug":"el-consell-regulador-de-la-do-valencia-elabora-un-informe-amb-les-caracteristiques-de-les-collites-de-raim-i-previsions-i-atorga-excellent-a-la-verema-2023","status":"publish","type":"post","link":"https:\/\/tucomarca.whitekongsoftware.com\/ca\/el-consell-regulador-de-la-do-valencia-elabora-un-informe-amb-les-caracteristiques-de-les-collites-de-raim-i-previsions-i-atorga-excellent-a-la-verema-2023\/","title":{"rendered":"El Consell Regulador de la DO Val\u00e8ncia elabora un informe amb les caracter\u00edstiques de les collites de ra\u00efm i previsions i atorga Excel\u00b7lent a la Verema 2023"},"content":{"rendered":"\n<p class=\"wp-block-paragraph\"><strong>El Consell Regulador de la DO ha elaborat un informe amb les caracter\u00edstiques de les collites de ra\u00efm i sobre les previsions quant a quantitats<\/strong><\/p>\n\n\n\n<p class=\"wp-block-paragraph\">La verema 2023 en la Denominaci\u00f3 d&#8217;Origen Val\u00e8ncia \u201des prepara per a una collita excepcional, marcada per la qualitat del ra\u00efm enmig de desafiaments \u00fanics. Malgrat un inici de primavera sec i preocupant, les precipitacions tardanes han donat un gir inesperat a la situaci\u00f3, preparant el terreny per a una collita prometedora\u201d afirmen des de l&#8217;entitat.<\/p>\n\n\n\n<p class=\"wp-block-paragraph\">Viticultors i en\u00f2legs s&#8217;enfronten a la temporada amb optimisme i determinaci\u00f3. El ra\u00efm exhibeixen una qualitat i sanitat notablement altes, aplanant el cam\u00ed per a obtindre vins d&#8217;alta qualitat. Encara que es preveuen lleugeres disminucions en el volum, especialment en les parcel\u00b7les de sec\u00e0, l&#8217;atenci\u00f3 se centra en la not\u00f2ria variabilitat en la maduraci\u00f3 del ra\u00efm, un desafiament directament relacionat amb el moment en qu\u00e8 es van produir les pluges i que permet observar, en alguns casos, fins a tres estats maduratius diferents en un mateix cep.<\/p>\n\n\n\n<p class=\"wp-block-paragraph\">L&#8217;u d&#8217;agost va marcar l&#8217;inici de la verema en la zona del Clariano, amb la Gew\u00fcrztraminer liderant el proc\u00e9s, seguida per la Chardonnay, la Verdil i altres varietats blanques a les quals seguiran les tintes. La qualitat del ra\u00efm \u00e9s destacable, lliure de malalties de la vinya, gr\u00e0cies a un exhaustiu control per part dels viticultors i a l&#8217;ajuda del temps. Aquestes condicions han mantingut les expectatives de collita a l&#8217;una amb anys anteriors, fins i tot anticipant un lleuger augment en el volum.<\/p>\n\n\n\n<p class=\"wp-block-paragraph\">En la zona de Moscatell, la verema est\u00e0 programada per a avan\u00e7ar-se uns dies en comparaci\u00f3 amb anys anteriors, comen\u00e7ant entre el 24 i el 30 d&#8217;agost. Encara que s&#8217;espera una lleu reducci\u00f3 en el volum degut a la sequera, l&#8217;estat sanitari \u00e9s \u00f2ptim, assegurant la qualitat desitjada.<\/p>\n\n\n\n<p class=\"wp-block-paragraph\">Les subzones de l&#8217;Alt T\u00faria i Valentino, que hist\u00f2ricament veremen m\u00e9s tard a causa de les seues condicions clim\u00e0tiques \u00faniques, tamb\u00e9 anticipen una collita d&#8217;alta qualitat i volums similars a anys anteriors. A m\u00e9s, enguany es preveu un avan\u00e7ament en les dates de verema.<\/p>\n\n\n\n<p class=\"wp-block-paragraph\">En resum, la Denominaci\u00f3 d&#8217;Origen Val\u00e8ncia es prepara per a una collita emocionant en 2023, on la qualitat del ra\u00efm \u00e9s el punt central, i s&#8217;espera superar els desafiaments amb experi\u00e8ncia i creativitat. L&#8217;expectaci\u00f3 davant el que est\u00e0 per vindre \u00e9s palpable i els cellers es preparen per a elaborar vins excepcionals amb ra\u00efm de molt bona qualitat. Informa, <strong>Luis Ib\u00e1\u00f1ez<\/strong>.<\/p>\n","protected":false},"excerpt":{"rendered":"<div class=\"mh-excerpt\">El Consell Regulador de la DO ha elaborat un informe amb les caracter\u00edstiques de les collites de ra\u00efm i sobre les previsions quant a quantitats La verema 2023 en la Denominaci\u00f3 d&#8217;Origen Val\u00e8ncia \u201des prepara <a class=\"mh-excerpt-more\" href=\"https:\/\/tucomarca.whitekongsoftware.com\/ca\/el-consell-regulador-de-la-do-valencia-elabora-un-informe-amb-les-caracteristiques-de-les-collites-de-raim-i-previsions-i-atorga-excellent-a-la-verema-2023\/\" title=\"El Consell Regulador de la DO Val\u00e8ncia elabora un informe amb les caracter\u00edstiques de les collites de ra\u00efm i previsions i atorga Excel\u00b7lent a la Verema 2023\">[+] <\/a><\/div>\n","protected":false},"author":13,"featured_media":193336,"comment_status":"open","ping_status":"open","sticky":false,"template":"","format":"standard","meta":{"footnotes":""},"categories":[10890,10905,10892,11006,11046,10898,10948,10963,10904,10902,11007,10896],"tags":[11309,12747,12673],"class_list":["post-193338","post","type-post","status-publish","format-standard","has-post-thumbnail","category-ademus","category-agricultura-la-comarca-ca","category-camp-de-turia-ca","category-canal-vinos","category-los-serranos-ca","category-ventana-ca","category-infraestructuras-ca","category-la-canal-de-navarres-ca","category-sin-categorizar-ca","category-la-ribera-ca","category-ocio-y-cultura-ca","category-seccion-ca","tag-agricultura-ca","tag-do-utiel-requena-ca","tag-vinos-2-ca"],"_links":{"self":[{"href":"https:\/\/tucomarca.whitekongsoftware.com\/ca\/wp-json\/wp\/v2\/posts\/193338","targetHints":{"allow":["GET"]}}],"collection":[{"href":"https:\/\/tucomarca.whitekongsoftware.com\/ca\/wp-json\/wp\/v2\/posts"}],"about":[{"href":"https:\/\/tucomarca.whitekongsoftware.com\/ca\/wp-json\/wp\/v2\/types\/post"}],"author":[{"embeddable":true,"href":"https:\/\/tucomarca.whitekongsoftware.com\/ca\/wp-json\/wp\/v2\/users\/13"}],"replies":[{"embeddable":true,"href":"https:\/\/tucomarca.whitekongsoftware.com\/ca\/wp-json\/wp\/v2\/comments?post=193338"}],"version-history":[{"count":0,"href":"https:\/\/tucomarca.whitekongsoftware.com\/ca\/wp-json\/wp\/v2\/posts\/193338\/revisions"}],"wp:featuredmedia":[{"embeddable":true,"href":"https:\/\/tucomarca.whitekongsoftware.com\/ca\/wp-json\/wp\/v2\/media\/193336"}],"wp:attachment":[{"href":"https:\/\/tucomarca.whitekongsoftware.com\/ca\/wp-json\/wp\/v2\/media?parent=193338"}],"wp:term":[{"taxonomy":"category","embeddable":true,"href":"https:\/\/tucomarca.whitekongsoftware.com\/ca\/wp-json\/wp\/v2\/categories?post=193338"},{"taxonomy":"post_tag","embeddable":true,"href":"https:\/\/tucomarca.whitekongsoftware.com\/ca\/wp-json\/wp\/v2\/tags?post=193338"}],"curies":[{"name":"wp","href":"https:\/\/api.w.org\/{rel}","templated":true}]}}