{"id":193323,"date":"2023-08-07T08:00:00","date_gmt":"2023-08-07T07:00:00","guid":{"rendered":"https:\/\/www.tucomarca.com\/wordpress\/segunda\/?p=193323"},"modified":"2023-08-07T11:19:05","modified_gmt":"2023-08-07T10:19:05","slug":"la-unio-alerta-duna-fisiopatia-en-les-taronges-i-mandarines-per-efectes-de-la-meteorologia-que-allarga-la-forma-del-fruit","status":"publish","type":"post","link":"https:\/\/tucomarca.whitekongsoftware.com\/ca\/la-unio-alerta-duna-fisiopatia-en-les-taronges-i-mandarines-per-efectes-de-la-meteorologia-que-allarga-la-forma-del-fruit\/","title":{"rendered":"La Uni\u00f3\u00a0alerta d&#8217;una fisiopat\u00eda en les taronges i mandarines per efectes de la meteorologia que allarga la forma del fruit"},"content":{"rendered":"\n<p class=\"wp-block-paragraph\"><strong>L&#8217;organitzaci\u00f3 ja ho va indicar en l&#8217;\u00faltima reuni\u00f3 de la Conselleria d&#8217;Agricultura per a valorar els danys clim\u00e0tics de l&#8217;\u00faltim semestre<\/strong><\/p>\n\n\n\n<p class=\"wp-block-paragraph\"><strong>Sol\u00b7licita tamb\u00e9 que queden incloses dins de les cobertures per riscos excepcionals de la l\u00ednia de l&#8217;actual asseguran\u00e7a de c\u00edtrics<\/strong><\/p>\n\n\n\n<p class=\"wp-block-paragraph\">La Uni\u00f3 Llauradora ha detectat en el transcurs de les \u00faltimes setmanes una fisiopat\u00eda en les taronges i mandarines que allarga considerablement el fruit i li confereix una forma ben diferent a la que hauria de ser habitual a hores d&#8217;ara de la campanya.<\/p>\n\n\n\n<p class=\"wp-block-paragraph\">Aquesta forma allargada m\u00e9s en forma de pera que de taronja o mandarina podria ser conseq\u00fc\u00e8ncia dels efectes de la meteorologia extrema que vivim al llarg d&#8217;aquesta primavera i estiu i que provoca danys fisiol\u00f2gics i comportaments diferents en les plantes. En aquests casos concrets podria deure&#8217;s a un estr\u00e9s en la floraci\u00f3.<\/p>\n\n\n\n<p class=\"wp-block-paragraph\">L&#8217;organitzaci\u00f3 indica que de moment no es tracta de danys alarmants en totes les explotacions citr\u00edcoles de la Comunitat Valenciana, per\u00f2 s\u00ed que es van observant cada vegada m\u00e9s. En aquest sentit Carles Peris, secretari general de La Uni\u00f3, assenyala que \u201cfins hui els danys que s&#8217;aprecien en els camps no s\u00f3n massa alarmants, per\u00f2 s\u00ed que ens venen a transmetre que la meteorologia \u00faltimament ens apareix amb m\u00e9s fen\u00f2mens extrems que afecten el comportament habitual de les plantes\u201d.<\/p>\n\n\n\n<p class=\"wp-block-paragraph\">Dins de l&#8217;informe de danys clim\u00e0tics que elabora la Conselleria d&#8217;Agricultura cada semestre en col\u00b7laboraci\u00f3 amb les organitzacions agr\u00e0ries i cooperatives, La Uni\u00f3 ja va traslladar l&#8217;exist\u00e8ncia d&#8217;aquesta circumst\u00e0ncia perqu\u00e8 es tingueren en compte a l&#8217;hora de possibles exempcions fiscals per als productors.<\/p>\n\n\n\n<p class=\"wp-block-paragraph\">La Uni\u00f3 sol\u00b7licita tamb\u00e9 que aquest tipus de fisiopaties queden incloses dins de les cobertures per riscos excepcionals de la l\u00ednia de l&#8217;actual asseguran\u00e7a de c\u00edtrics, ja que en l&#8217;actualitat no ho estan i la seua pres\u00e8ncia s&#8217;est\u00e0 fent ja habitual per la meteorologia.<\/p>\n","protected":false},"excerpt":{"rendered":"<div class=\"mh-excerpt\">L&#8217;organitzaci\u00f3 ja ho va indicar en l&#8217;\u00faltima reuni\u00f3 de la Conselleria d&#8217;Agricultura per a valorar els danys clim\u00e0tics de l&#8217;\u00faltim semestre Sol\u00b7licita tamb\u00e9 que queden incloses dins de les cobertures per riscos excepcionals de la <a class=\"mh-excerpt-more\" href=\"https:\/\/tucomarca.whitekongsoftware.com\/ca\/la-unio-alerta-duna-fisiopatia-en-les-taronges-i-mandarines-per-efectes-de-la-meteorologia-que-allarga-la-forma-del-fruit\/\" title=\"La Uni\u00f3\u00a0alerta d&#8217;una fisiopat\u00eda en les taronges i mandarines per efectes de la meteorologia que allarga la forma del fruit\">[+] <\/a><\/div>\n","protected":false},"author":13,"featured_media":193321,"comment_status":"open","ping_status":"open","sticky":false,"template":"","format":"standard","meta":{"footnotes":""},"categories":[10905,10898,10948,10894,10904,10912,10902,10903,10896],"tags":[11309,11927],"class_list":["post-193323","post","type-post","status-publish","format-standard","has-post-thumbnail","category-agricultura-la-comarca-ca","category-ventana-ca","category-infraestructuras-ca","category-la-comarca-ca","category-sin-categorizar-ca","category-la-hoya-ca","category-la-ribera-ca","category-medio-ambiente-la-comarca-ca","category-seccion-ca","tag-agricultura-ca","tag-la-unio-de-llauradors-ca"],"_links":{"self":[{"href":"https:\/\/tucomarca.whitekongsoftware.com\/ca\/wp-json\/wp\/v2\/posts\/193323","targetHints":{"allow":["GET"]}}],"collection":[{"href":"https:\/\/tucomarca.whitekongsoftware.com\/ca\/wp-json\/wp\/v2\/posts"}],"about":[{"href":"https:\/\/tucomarca.whitekongsoftware.com\/ca\/wp-json\/wp\/v2\/types\/post"}],"author":[{"embeddable":true,"href":"https:\/\/tucomarca.whitekongsoftware.com\/ca\/wp-json\/wp\/v2\/users\/13"}],"replies":[{"embeddable":true,"href":"https:\/\/tucomarca.whitekongsoftware.com\/ca\/wp-json\/wp\/v2\/comments?post=193323"}],"version-history":[{"count":0,"href":"https:\/\/tucomarca.whitekongsoftware.com\/ca\/wp-json\/wp\/v2\/posts\/193323\/revisions"}],"wp:featuredmedia":[{"embeddable":true,"href":"https:\/\/tucomarca.whitekongsoftware.com\/ca\/wp-json\/wp\/v2\/media\/193321"}],"wp:attachment":[{"href":"https:\/\/tucomarca.whitekongsoftware.com\/ca\/wp-json\/wp\/v2\/media?parent=193323"}],"wp:term":[{"taxonomy":"category","embeddable":true,"href":"https:\/\/tucomarca.whitekongsoftware.com\/ca\/wp-json\/wp\/v2\/categories?post=193323"},{"taxonomy":"post_tag","embeddable":true,"href":"https:\/\/tucomarca.whitekongsoftware.com\/ca\/wp-json\/wp\/v2\/tags?post=193323"}],"curies":[{"name":"wp","href":"https:\/\/api.w.org\/{rel}","templated":true}]}}