{"id":193305,"date":"2023-08-05T13:00:00","date_gmt":"2023-08-05T12:00:00","guid":{"rendered":"https:\/\/www.tucomarca.com\/wordpress\/segunda\/?p=193305"},"modified":"2023-08-05T13:33:47","modified_gmt":"2023-08-05T12:33:47","slug":"fotogaleria-godelleta-inaugura-amb-el-prego-i-la-presentacio-de-les-clavaries-el-programa-dactes-dels-seus-festejos-dagost","status":"publish","type":"post","link":"https:\/\/tucomarca.whitekongsoftware.com\/ca\/fotogaleria-godelleta-inaugura-amb-el-prego-i-la-presentacio-de-les-clavaries-el-programa-dactes-dels-seus-festejos-dagost\/","title":{"rendered":"Fotogaler\u00eda: Godelleta inaugura amb el preg\u00f3 i la presentaci\u00f3 de les clavaries el programa d&#8217;actes dels seus festejos d&#8217;agost"},"content":{"rendered":"\n<p class=\"wp-block-paragraph\">L&#8217;Ajuntament de Godelleta ha donat el tret d&#8217;eixida a les seues Festes d&#8217;Agost aquest divendres a la vesprada-nit amb el preg\u00f3 i la cercavila pr\u00e8via de totes les clavaries que es van presentar durant la vetlada en el sopar desenvolupat el poliesportiu municipal.<\/p>\n\n\n\n<p class=\"wp-block-paragraph\">Una cercavila dels Clavaris i Clav\u00e0ries que es va realitzar acompanyats d&#8217;una Uni\u00f3 Musical sempre a l&#8217;altura de la festa.<\/p>\n\n\n\n<p class=\"wp-block-paragraph\">Enguany el preg\u00f3 ha sigut a c\u00e0rrec d&#8217;\u00c1lvaro i de Juan, uns pregoners que despr\u00e9s del chupinazo van participar en un sopar desenvolupat en un ambient c\u00f2mode i acollidor en el poliesportiu, acompanyats d&#8217;un duo musical que va amenitzar el moment.<\/p>\n\n\n\n<p class=\"wp-block-paragraph\">Posteriorment, es va desenvolupar una discomovil per a rematar la nit als m\u00e9s marchosos.<\/p>\n\n\n\n<p class=\"wp-block-paragraph\">&#8220;Per descomptat, amb la participaci\u00f3 d&#8217;una Comissi\u00f3 de Festes aportant sempre el millor de si. Gr\u00e0cies a tots per fer possible una arrancada de festes tan perfecte. Continuem sumant&#8221;, tal com ha destacat a l&#8217;alcaldessa de la localitat, Mar\u00eda Amparo Pardo.<\/p>\n\n\n\n<figure class=\"wp-block-gallery has-nested-images columns-1 is-cropped wp-block-gallery-1 is-layout-flex wp-block-gallery-is-layout-flex\">\n<figure class=\"wp-block-image size-large\"><img loading=\"lazy\" decoding=\"async\" width=\"2048\" height=\"1253\" data-id=\"193280\" src=\"http:\/\/www.tucomarca.com\/wordpress\/segunda\/wp-content\/uploads\/2023\/08\/GodelletaFiestas2301.jpg\" alt=\"\" class=\"wp-image-193280\" srcset=\"https:\/\/tucomarca.whitekongsoftware.com\/wp-content\/uploads\/2023\/08\/GodelletaFiestas2301.jpg 2048w, https:\/\/tucomarca.whitekongsoftware.com\/wp-content\/uploads\/2023\/08\/GodelletaFiestas2301-300x184.jpg 300w, https:\/\/tucomarca.whitekongsoftware.com\/wp-content\/uploads\/2023\/08\/GodelletaFiestas2301-1024x627.jpg 1024w, https:\/\/tucomarca.whitekongsoftware.com\/wp-content\/uploads\/2023\/08\/GodelletaFiestas2301-768x470.jpg 768w, https:\/\/tucomarca.whitekongsoftware.com\/wp-content\/uploads\/2023\/08\/GodelletaFiestas2301-1536x940.jpg 1536w\" sizes=\"auto, (max-width: 2048px) 100vw, 2048px\" \/><\/figure>\n\n\n\n<figure class=\"wp-block-image size-large\"><img loading=\"lazy\" decoding=\"async\" width=\"1500\" height=\"2000\" data-id=\"193282\" src=\"http:\/\/www.tucomarca.com\/wordpress\/segunda\/wp-content\/uploads\/2023\/08\/GodelletaFiestas2302.jpg\" alt=\"\" class=\"wp-image-193282\" srcset=\"https:\/\/tucomarca.whitekongsoftware.com\/wp-content\/uploads\/2023\/08\/GodelletaFiestas2302.jpg 1500w, https:\/\/tucomarca.whitekongsoftware.com\/wp-content\/uploads\/2023\/08\/GodelletaFiestas2302-225x300.jpg 225w, https:\/\/tucomarca.whitekongsoftware.com\/wp-content\/uploads\/2023\/08\/GodelletaFiestas2302-768x1024.jpg 768w, https:\/\/tucomarca.whitekongsoftware.com\/wp-content\/uploads\/2023\/08\/GodelletaFiestas2302-1152x1536.jpg 1152w\" sizes=\"auto, (max-width: 1500px) 100vw, 1500px\" \/><\/figure>\n\n\n\n<figure class=\"wp-block-image size-large\"><img loading=\"lazy\" decoding=\"async\" width=\"2048\" height=\"1292\" data-id=\"193284\" src=\"http:\/\/www.tucomarca.com\/wordpress\/segunda\/wp-content\/uploads\/2023\/08\/GodelletaFiestas2303.jpg\" alt=\"\" class=\"wp-image-193284\" srcset=\"https:\/\/tucomarca.whitekongsoftware.com\/wp-content\/uploads\/2023\/08\/GodelletaFiestas2303.jpg 2048w, https:\/\/tucomarca.whitekongsoftware.com\/wp-content\/uploads\/2023\/08\/GodelletaFiestas2303-300x189.jpg 300w, https:\/\/tucomarca.whitekongsoftware.com\/wp-content\/uploads\/2023\/08\/GodelletaFiestas2303-1024x646.jpg 1024w, https:\/\/tucomarca.whitekongsoftware.com\/wp-content\/uploads\/2023\/08\/GodelletaFiestas2303-768x485.jpg 768w, https:\/\/tucomarca.whitekongsoftware.com\/wp-content\/uploads\/2023\/08\/GodelletaFiestas2303-1536x969.jpg 1536w\" sizes=\"auto, (max-width: 2048px) 100vw, 2048px\" \/><\/figure>\n\n\n\n<figure class=\"wp-block-image size-large\"><img loading=\"lazy\" decoding=\"async\" width=\"2048\" height=\"1094\" data-id=\"193286\" src=\"http:\/\/www.tucomarca.com\/wordpress\/segunda\/wp-content\/uploads\/2023\/08\/GodelletaFiestas2304.jpg\" alt=\"\" class=\"wp-image-193286\" srcset=\"https:\/\/tucomarca.whitekongsoftware.com\/wp-content\/uploads\/2023\/08\/GodelletaFiestas2304.jpg 2048w, https:\/\/tucomarca.whitekongsoftware.com\/wp-content\/uploads\/2023\/08\/GodelletaFiestas2304-300x160.jpg 300w, https:\/\/tucomarca.whitekongsoftware.com\/wp-content\/uploads\/2023\/08\/GodelletaFiestas2304-1024x547.jpg 1024w, https:\/\/tucomarca.whitekongsoftware.com\/wp-content\/uploads\/2023\/08\/GodelletaFiestas2304-768x410.jpg 768w, https:\/\/tucomarca.whitekongsoftware.com\/wp-content\/uploads\/2023\/08\/GodelletaFiestas2304-1536x821.jpg 1536w\" sizes=\"auto, (max-width: 2048px) 100vw, 2048px\" \/><\/figure>\n\n\n\n<figure class=\"wp-block-image size-large\"><img loading=\"lazy\" decoding=\"async\" width=\"2048\" height=\"1396\" data-id=\"193288\" src=\"http:\/\/www.tucomarca.com\/wordpress\/segunda\/wp-content\/uploads\/2023\/08\/GodelletaFiestas2305.jpg\" alt=\"\" class=\"wp-image-193288\" srcset=\"https:\/\/tucomarca.whitekongsoftware.com\/wp-content\/uploads\/2023\/08\/GodelletaFiestas2305.jpg 2048w, https:\/\/tucomarca.whitekongsoftware.com\/wp-content\/uploads\/2023\/08\/GodelletaFiestas2305-300x204.jpg 300w, https:\/\/tucomarca.whitekongsoftware.com\/wp-content\/uploads\/2023\/08\/GodelletaFiestas2305-1024x698.jpg 1024w, https:\/\/tucomarca.whitekongsoftware.com\/wp-content\/uploads\/2023\/08\/GodelletaFiestas2305-768x524.jpg 768w, https:\/\/tucomarca.whitekongsoftware.com\/wp-content\/uploads\/2023\/08\/GodelletaFiestas2305-1536x1047.jpg 1536w\" sizes=\"auto, (max-width: 2048px) 100vw, 2048px\" \/><\/figure>\n\n\n\n<figure class=\"wp-block-image size-large\"><img loading=\"lazy\" decoding=\"async\" width=\"2048\" height=\"1856\" data-id=\"193290\" src=\"http:\/\/www.tucomarca.com\/wordpress\/segunda\/wp-content\/uploads\/2023\/08\/GodelletaFiestas2306.jpg\" alt=\"\" class=\"wp-image-193290\" srcset=\"https:\/\/tucomarca.whitekongsoftware.com\/wp-content\/uploads\/2023\/08\/GodelletaFiestas2306.jpg 2048w, https:\/\/tucomarca.whitekongsoftware.com\/wp-content\/uploads\/2023\/08\/GodelletaFiestas2306-300x272.jpg 300w, https:\/\/tucomarca.whitekongsoftware.com\/wp-content\/uploads\/2023\/08\/GodelletaFiestas2306-1024x928.jpg 1024w, https:\/\/tucomarca.whitekongsoftware.com\/wp-content\/uploads\/2023\/08\/GodelletaFiestas2306-768x696.jpg 768w, https:\/\/tucomarca.whitekongsoftware.com\/wp-content\/uploads\/2023\/08\/GodelletaFiestas2306-1536x1392.jpg 1536w\" sizes=\"auto, (max-width: 2048px) 100vw, 2048px\" \/><\/figure>\n\n\n\n<figure class=\"wp-block-image size-large\"><img loading=\"lazy\" decoding=\"async\" width=\"2048\" height=\"1366\" data-id=\"193292\" src=\"http:\/\/www.tucomarca.com\/wordpress\/segunda\/wp-content\/uploads\/2023\/08\/GodelletaFiestas2307.jpg\" alt=\"\" class=\"wp-image-193292\" srcset=\"https:\/\/tucomarca.whitekongsoftware.com\/wp-content\/uploads\/2023\/08\/GodelletaFiestas2307.jpg 2048w, https:\/\/tucomarca.whitekongsoftware.com\/wp-content\/uploads\/2023\/08\/GodelletaFiestas2307-300x200.jpg 300w, https:\/\/tucomarca.whitekongsoftware.com\/wp-content\/uploads\/2023\/08\/GodelletaFiestas2307-1024x683.jpg 1024w, https:\/\/tucomarca.whitekongsoftware.com\/wp-content\/uploads\/2023\/08\/GodelletaFiestas2307-768x512.jpg 768w, https:\/\/tucomarca.whitekongsoftware.com\/wp-content\/uploads\/2023\/08\/GodelletaFiestas2307-1536x1025.jpg 1536w\" sizes=\"auto, (max-width: 2048px) 100vw, 2048px\" \/><\/figure>\n\n\n\n<figure class=\"wp-block-image size-large\"><img loading=\"lazy\" decoding=\"async\" width=\"2048\" height=\"1953\" data-id=\"193294\" src=\"http:\/\/www.tucomarca.com\/wordpress\/segunda\/wp-content\/uploads\/2023\/08\/GodelletaFiestas2308.jpg\" alt=\"\" class=\"wp-image-193294\" srcset=\"https:\/\/tucomarca.whitekongsoftware.com\/wp-content\/uploads\/2023\/08\/GodelletaFiestas2308.jpg 2048w, https:\/\/tucomarca.whitekongsoftware.com\/wp-content\/uploads\/2023\/08\/GodelletaFiestas2308-300x286.jpg 300w, https:\/\/tucomarca.whitekongsoftware.com\/wp-content\/uploads\/2023\/08\/GodelletaFiestas2308-1024x977.jpg 1024w, https:\/\/tucomarca.whitekongsoftware.com\/wp-content\/uploads\/2023\/08\/GodelletaFiestas2308-768x732.jpg 768w, https:\/\/tucomarca.whitekongsoftware.com\/wp-content\/uploads\/2023\/08\/GodelletaFiestas2308-1536x1465.jpg 1536w\" sizes=\"auto, (max-width: 2048px) 100vw, 2048px\" \/><\/figure>\n<\/figure>\n","protected":false},"excerpt":{"rendered":"<div class=\"mh-excerpt\">L&#8217;Ajuntament de Godelleta ha donat el tret d&#8217;eixida a les seues Festes d&#8217;Agost aquest divendres a la vesprada-nit amb el preg\u00f3 i la cercavila pr\u00e8via de totes les clavaries que es van presentar durant la <a class=\"mh-excerpt-more\" href=\"https:\/\/tucomarca.whitekongsoftware.com\/ca\/fotogaleria-godelleta-inaugura-amb-el-prego-i-la-presentacio-de-les-clavaries-el-programa-dactes-dels-seus-festejos-dagost\/\" title=\"Fotogaler\u00eda: Godelleta inaugura amb el preg\u00f3 i la presentaci\u00f3 de les clavaries el programa d&#8217;actes dels seus festejos d&#8217;agost\">[+] <\/a><\/div>\n","protected":false},"author":1,"featured_media":193281,"comment_status":"open","ping_status":"open","sticky":false,"template":"","format":"gallery","meta":{"footnotes":""},"categories":[10898,10977,10894,10912,11004,11007,11008,10896],"tags":[11087,10914,19468],"class_list":["post-193305","post","type-post","status-publish","format-gallery","has-post-thumbnail","category-ventana-ca","category-godelleta-ca","category-la-comarca-ca","category-la-hoya-ca","category-la-semana-en-imagenes-ca","category-ocio-y-cultura-ca","category-pueblos-en-fiestas-ca","category-seccion-ca","tag-godelleta-ca","tag-la-hoya-de-bunol-chiva-ca","tag-pueblos-en-fiestas-ca","post_format-post-format-gallery"],"_links":{"self":[{"href":"https:\/\/tucomarca.whitekongsoftware.com\/ca\/wp-json\/wp\/v2\/posts\/193305","targetHints":{"allow":["GET"]}}],"collection":[{"href":"https:\/\/tucomarca.whitekongsoftware.com\/ca\/wp-json\/wp\/v2\/posts"}],"about":[{"href":"https:\/\/tucomarca.whitekongsoftware.com\/ca\/wp-json\/wp\/v2\/types\/post"}],"author":[{"embeddable":true,"href":"https:\/\/tucomarca.whitekongsoftware.com\/ca\/wp-json\/wp\/v2\/users\/1"}],"replies":[{"embeddable":true,"href":"https:\/\/tucomarca.whitekongsoftware.com\/ca\/wp-json\/wp\/v2\/comments?post=193305"}],"version-history":[{"count":0,"href":"https:\/\/tucomarca.whitekongsoftware.com\/ca\/wp-json\/wp\/v2\/posts\/193305\/revisions"}],"wp:featuredmedia":[{"embeddable":true,"href":"https:\/\/tucomarca.whitekongsoftware.com\/ca\/wp-json\/wp\/v2\/media\/193281"}],"wp:attachment":[{"href":"https:\/\/tucomarca.whitekongsoftware.com\/ca\/wp-json\/wp\/v2\/media?parent=193305"}],"wp:term":[{"taxonomy":"category","embeddable":true,"href":"https:\/\/tucomarca.whitekongsoftware.com\/ca\/wp-json\/wp\/v2\/categories?post=193305"},{"taxonomy":"post_tag","embeddable":true,"href":"https:\/\/tucomarca.whitekongsoftware.com\/ca\/wp-json\/wp\/v2\/tags?post=193305"}],"curies":[{"name":"wp","href":"https:\/\/api.w.org\/{rel}","templated":true}]}}