{"id":193192,"date":"2023-08-04T08:30:00","date_gmt":"2023-08-04T07:30:00","guid":{"rendered":"https:\/\/www.tucomarca.com\/wordpress\/segunda\/?p=193192"},"modified":"2023-08-04T08:33:29","modified_gmt":"2023-08-04T07:33:29","slug":"opinio-i-agost-va-arribar-per-francisco-blasco-president-de-la-sm-lartistica-de-bunyol","status":"publish","type":"post","link":"https:\/\/tucomarca.whitekongsoftware.com\/ca\/opinio-i-agost-va-arribar-per-francisco-blasco-president-de-la-sm-lartistica-de-bunyol\/","title":{"rendered":"Opini\u00f3: &#8220;I agost va arribar&#8221;, per Francisco Blasco, president de la SM &#8220;L&#8217;Art\u00edstica&#8221; de Bunyol"},"content":{"rendered":"\n<figure class=\"wp-block-image size-full is-resized\"><img loading=\"lazy\" decoding=\"async\" src=\"http:\/\/www.tucomarca.com\/wordpress\/segunda\/wp-content\/uploads\/2023\/08\/PacoBlasco-1.jpg\" alt=\"\" class=\"wp-image-193196\" width=\"328\" height=\"329\" srcset=\"https:\/\/tucomarca.whitekongsoftware.com\/wp-content\/uploads\/2023\/08\/PacoBlasco-1.jpg 577w, https:\/\/tucomarca.whitekongsoftware.com\/wp-content\/uploads\/2023\/08\/PacoBlasco-1-300x300.jpg 300w, https:\/\/tucomarca.whitekongsoftware.com\/wp-content\/uploads\/2023\/08\/PacoBlasco-1-290x290.jpg 290w\" sizes=\"auto, (max-width: 328px) 100vw, 328px\" \/><figcaption>Francisco Blasco, president de la SM &#8220;La Art\u00edstica&#8221; de Bunyol.<\/figcaption><\/figure>\n\n\n\n<p class=\"wp-block-paragraph\">He de confessar que des de fa alguns anys, l&#8217;arribada de Juliol i Agost em genera una certa ansietat, sobretot per veure com compaginar vida familiar, laboral i musical. Diuen que sarna amb gust, no pica. I \u00e9s cert. Cou m\u00e9s que la sal. Per\u00f2 al final, tot acaba valent la pena.<\/p>\n\n\n\n<p class=\"wp-block-paragraph\">I Agost va arribar, i aquesta vegada, amb molta temperatura. Tant meteorol\u00f2gica, com a metaf\u00f2rica. Supose que s&#8217;han donat les condicions perfectes per a una tempesta d&#8217;estiu. Unes eleccions amb un pol\u00e8mic resultat, un concert que no hauria d&#8217;haver sigut pol\u00e8mic i una completa falta d&#8217;altura pol\u00edtica d&#8217;alguns membres de la vida pol\u00edtica del nostre poble.<\/p>\n\n\n\n<p class=\"wp-block-paragraph\">No escric aquesta carta a t\u00edtol personal, ja que soc president d&#8217;una societat musical, igual que soc pare, marit o empresari, i cadascuna d&#8217;aquestes facetes condiciona el que dec o no, dir o fer, i sempre he de tractar de ser coherent. Seguint aqueixa simpl\u00edssim argument, des que soc president m&#8217;he abstingut de fer comentaris en xarxes socials que puguen interpretar-se d&#8217;una forma pol\u00edtica o social. Represente a una associaci\u00f3 plural, i per tant, respecte les opinions de tots els seus membres, les compartisca o no, igual que espere que es respecten les mies. I assumisc que quan deixe el c\u00e0rrec, seguir\u00e9 sense pronunciar-me, ja que a totes les meues facetes, haur\u00e9 d&#8217;afegir la d&#8217;expresident d&#8217;una Societat Musical (sense deixar de ser directiu). Cal actuar correctament quan s&#8217;est\u00e0 i sobretot, quan ja no s&#8217;est\u00e0.<\/p>\n\n\n\n<p class=\"wp-block-paragraph\">M&#8217;ha resultat xocant si m\u00e9s no, que membres de partits pol\u00edtics utilitzen un esdeveniment musical, com a arma per a tractar de demostrar l&#8217;error com\u00e9s en les urnes, quasi, sense haver passat un mes. Sobretot per tractar d&#8217;aferrar-se a un os sense tractar d&#8217;informar-se de tot el context de la situaci\u00f3 i dels malestars que es poden generar en una part de la poblaci\u00f3 de Bunyol. Com a associaci\u00f3, no ens fiquem en la pol\u00edtica del poble. La nostra missi\u00f3 \u00e9s poder aconseguir els m\u00e0xims recursos de cada consistori per a poder desenvolupar la nostra desinteressada tasca de la forma m\u00e9s eficient possible i amb els menors maldecaps. Aqueix respecte hauria de ser mutu i l&#8217;\u00fas del sentit com\u00fa, aix\u00ed ho aconsella.<\/p>\n\n\n\n<p class=\"wp-block-paragraph\">En Els Lletjos es realitza una labor tant cultural com social desinteressada, amb l&#8217;\u00fanic prop\u00f2sit de continuar, mantindre i si \u00e9s possible, fer cr\u00e9ixer a la Societat Musical a la qual pertanyem, i deixar a les mans de qui prenga el relleu, una associaci\u00f3 en les mateixes condicions, sin\u00f3 poden ser millors, que les que nosaltres ens trobem. Independentment de qui prenga el relleu. Perqu\u00e8 el resultat ha de ser que la nostra societat guanye, i les traves s\u00f3n plantejaments egoista de qui vol demostrar quanta ra\u00f3 tenia mancant d&#8217;amplitud de mires.<\/p>\n\n\n\n<p class=\"wp-block-paragraph\">Dit aix\u00f2, crec que abans de ficar a una societat musical en una guerra pol\u00edtica, heu de plantejar-vos si amb aquesta guerra es milloren clarament les condicions d&#8217;aquesta societat, o si, per contra, es convertir\u00e0 en un problema afegit. Si no podeu sumar, almenys no resteu ni dividiu.<\/p>\n\n\n\n<p class=\"wp-block-paragraph\">Durant aquesta setmana, en una tert\u00falia radiof\u00f2nica s&#8217;esmenta que els membres de la junta directiva que represente haurien de tindre vergonya que el concert d&#8217;homenatge a Henrie Adams no s&#8217;haja realitzat a Bunyol. D&#8217;una banda, ja es van expressar p\u00fablicament les seues \u00faltimes voluntats i llevat que la fam\u00edlia aix\u00ed ho haguera requerit, nosaltres hem de mantindre&#8217;ns al marge. D&#8217;altra banda, tampoc tenim el poder que se&#8217;ns vol atorgar. L&#8217;auditori est\u00e0 tancat i els concerts que s&#8217;anaven a realitzar all\u00ed durant aquest estiu s&#8217;han reallotjat tractant d&#8217;ocasionar el menor impacte possible. L&#8217;ajuntament ja va expressar la seua opini\u00f3 sobre aquest tema.<\/p>\n\n\n\n<p class=\"wp-block-paragraph\">Com a representant de la directiva, entenc que soc jo, el que segons la tertuliana, he d&#8217;estar avergonyit. I mira, resulta que t\u00e9 ra\u00f3. El que em fa vergonya i coratge \u00e9s no poder tindre m\u00e9s hores per a treballar m\u00e9s pels Lletjos, mentre veig com els meus companys de la Junta Directiva i de la Comissi\u00f3 de la Festa del Mant\u00f3, treballen sense parar per a fer que tot funcione, per a preparar concerts i festes, sense importar si estan convalescents d&#8217;una malaltia, en tractament, si van bojos amb el treball, o altres centenars de situacions personals que doblegarien a m\u00e9s d&#8217;un, mentre ells segueixen al peu del can\u00f3. Aqueix treball altruista el fan (fem), pel respecte que sentim pel treball que realitzen altres membres d&#8217;aquesta societat, ja siguen col\u00b7laboradors, pares\/mares d&#8217;alumnes o m\u00fasics, i pel llegat rebut. Entre tots es crea. I el que obtenim \u00e9s la satisfacci\u00f3 d&#8217;haver fet el treball.  Enteneu-me, no espere ni tampoc els meus companys palmades a l&#8217;esquena. No som ac\u00ed per a aix\u00f2, com tampoc som ac\u00ed perqu\u00e8 se&#8217;ns tire damunt qualsevol desprop\u00f2sit sorgit, potser alguns casos, de ments que estan per diagnosticar. La difer\u00e8ncia entre una cr\u00edtica i un menyspreu \u00e9s l&#8217;objectiu del qual les expressa. Quan es vol ajudar, \u00e9s cr\u00edtica. I quan es vol danyar, ja no ho \u00e9s.<\/p>\n\n\n\n<p class=\"wp-block-paragraph\">Sempre he pensat que el sentiment que processem per la nostra Societat Musical \u00e9s una de les tantes facetes de l&#8217;amor. I conseg\u00fcentment, \u00e9s un sentiment altruista. Donem el nostre temps, treball i diners per a veure com creix, i no hi ha un altre pagament com veure que tot funciona i evoluciona. No entenc a qui diu que mestressa a aquesta societat, per\u00f2 li fa mal perqu\u00e8 no li agraden les decisions que la junta puguem prendre. Si la manera d&#8217;expressar el desacord es basa a danyar la imatge, el funcionament o qualsevol altra faceta de la nostra societat, ja no parlem d&#8217;amor, \u00e9s una altra cosa. \u201cLi faig mal per\u00f2 des de l&#8217;afecte\u201d &#8211; mai va existir tal afirmaci\u00f3. Les portes estan obertes per a qui vulga vindre a ajudar. Som un grup plural amb pensaments diferents que acabem prenent acords democr\u00e0tics, perqu\u00e8 entenem que \u00e9s el correcte. <\/p>\n\n\n\n<p class=\"wp-block-paragraph\">A tota la societat pol\u00edtica de Bunyol, o almenys, al conjunt que ha pres partit en els fets que han donat lloc a aquesta carta, simplement dir-los que es treballa des del respecte i l&#8217;amor pel poble que ens acull. A vegades cal posar-se en les sabates del ve\u00ed abans de fer proclames i soflames, perqu\u00e8 al final, vivim en un poble xicotet on el m\u00e9s important \u00e9s poder conviure amb respecte.<\/p>\n\n\n\n<p class=\"wp-block-paragraph\"><em><strong>Francisco J. Blasco es President de la Societat Musical &#8220;La Art\u00edstica&#8221; de Bunyol.<\/strong><\/em><\/p>\n","protected":false},"excerpt":{"rendered":"<div class=\"mh-excerpt\">He de confessar que des de fa alguns anys, l&#8217;arribada de Juliol i Agost em genera una certa ansietat, sobretot per veure com compaginar vida familiar, laboral i musical. Diuen que sarna amb gust, no <a class=\"mh-excerpt-more\" href=\"https:\/\/tucomarca.whitekongsoftware.com\/ca\/opinio-i-agost-va-arribar-per-francisco-blasco-president-de-la-sm-lartistica-de-bunyol\/\" title=\"Opini\u00f3: &#8220;I agost va arribar&#8221;, per Francisco Blasco, president de la SM &#8220;L&#8217;Art\u00edstica&#8221; de Bunyol\">[+] <\/a><\/div>\n","protected":false},"author":1,"featured_media":193197,"comment_status":"open","ping_status":"open","sticky":false,"template":"","format":"standard","meta":{"footnotes":""},"categories":[10911,11005,10898,10948,10894,10904,10912,11007,11021,11020,10947,10896],"tags":[10913,10914,11154],"class_list":["post-193192","post","type-post","status-publish","format-standard","has-post-thumbnail","category-bunol-ca","category-canal-musica","category-ventana-ca","category-infraestructuras-ca","category-la-comarca-ca","category-sin-categorizar-ca","category-la-hoya-ca","category-ocio-y-cultura-ca","category-opinion-ca-2","category-opinion-ca","category-politica","category-seccion-ca","tag-bunol-ca","tag-la-hoya-de-bunol-chiva-ca","tag-sm-la-artistica-de-bunol-ca"],"_links":{"self":[{"href":"https:\/\/tucomarca.whitekongsoftware.com\/ca\/wp-json\/wp\/v2\/posts\/193192","targetHints":{"allow":["GET"]}}],"collection":[{"href":"https:\/\/tucomarca.whitekongsoftware.com\/ca\/wp-json\/wp\/v2\/posts"}],"about":[{"href":"https:\/\/tucomarca.whitekongsoftware.com\/ca\/wp-json\/wp\/v2\/types\/post"}],"author":[{"embeddable":true,"href":"https:\/\/tucomarca.whitekongsoftware.com\/ca\/wp-json\/wp\/v2\/users\/1"}],"replies":[{"embeddable":true,"href":"https:\/\/tucomarca.whitekongsoftware.com\/ca\/wp-json\/wp\/v2\/comments?post=193192"}],"version-history":[{"count":0,"href":"https:\/\/tucomarca.whitekongsoftware.com\/ca\/wp-json\/wp\/v2\/posts\/193192\/revisions"}],"wp:featuredmedia":[{"embeddable":true,"href":"https:\/\/tucomarca.whitekongsoftware.com\/ca\/wp-json\/wp\/v2\/media\/193197"}],"wp:attachment":[{"href":"https:\/\/tucomarca.whitekongsoftware.com\/ca\/wp-json\/wp\/v2\/media?parent=193192"}],"wp:term":[{"taxonomy":"category","embeddable":true,"href":"https:\/\/tucomarca.whitekongsoftware.com\/ca\/wp-json\/wp\/v2\/categories?post=193192"},{"taxonomy":"post_tag","embeddable":true,"href":"https:\/\/tucomarca.whitekongsoftware.com\/ca\/wp-json\/wp\/v2\/tags?post=193192"}],"curies":[{"name":"wp","href":"https:\/\/api.w.org\/{rel}","templated":true}]}}