{"id":193169,"date":"2023-08-04T07:00:00","date_gmt":"2023-08-04T06:00:00","guid":{"rendered":"https:\/\/www.tucomarca.com\/wordpress\/segunda\/?p=193169"},"modified":"2023-08-04T08:21:15","modified_gmt":"2023-08-04T07:21:15","slug":"aquest-dissabte-larmonica-presenta-a-andrea-carmen-i-arlen-com-les-seues-misses-i-representant-2023","status":"publish","type":"post","link":"https:\/\/tucomarca.whitekongsoftware.com\/ca\/aquest-dissabte-larmonica-presenta-a-andrea-carmen-i-arlen-com-les-seues-misses-i-representant-2023\/","title":{"rendered":"Aquest dissabte &#8220;L&#8217;Arm\u00f2nica&#8221; presenta a Andrea, Carmen i Arl\u00e9n com les seues Misses i Representant 2023"},"content":{"rendered":"\n<p class=\"wp-block-paragraph\">Dissabte que ve, 5 d&#8217;agost, se celebrar\u00e0 als Jardins de L&#8217;Harm\u00f2nica l&#8217;acte de presentaci\u00f3 de les Misses de l&#8217;Arm\u00f2nica 2023.\u00a0<\/p>\n\n\n\n<p class=\"wp-block-paragraph\">L&#8217;acte que comen\u00e7ar\u00e0 a les 22,30 h, ser\u00e0 presentat per Laura Carrascosa i Raquel Bad\u00eda. A la presentaci\u00f3 d&#8217;Andrea Cano Bened\u00e9, com Miss Harm\u00f2nica 2023, a Carmen Blasco Cerd\u00e1n, com Miss Harm\u00f2nica Infantil i a Arl\u00e9n S\u00e1nchez S\u00e1nchez, com a Representant del Litre en la Cort d&#8217;Honor de la Reina de la Fira i Festes, seguir\u00e0 el concert de la Banda Simf\u00f2nica sota la batuta de Sa\u00fcl G\u00f3mez Soler i la cantant Paloma Grueso amb el seg\u00fcent programa:<\/p>\n\n\n\n<p class=\"wp-block-paragraph\">PROGRAMA &#8220;RADIO LITRO&#8221;<\/p>\n\n\n\n<p class=\"wp-block-paragraph\">A\u00d1OS 60: A TRIBUTE TO ELVIS. Love me tender. -Don&#8217;t be cruel. -Heartbreak Hotel. -Blue Suede Shoes. -Can&#8217;t help falling in love. Arr. JAMES CHRISTENSEN.<\/p>\n\n\n\n<p class=\"wp-block-paragraph\">A\u00d1OS 70: QUEEN IN CONCERT. We will rock you -Bohemian Rhapsody -Another one bites the dust -We are the champions. Arr. JAY BOCOOK. <\/p>\n\n\n\n<p class=\"wp-block-paragraph\">A\u00d1OS 80: BIENVENIDOS. MIGUEL RIOS<\/p>\n\n\n\n<p class=\"wp-block-paragraph\">A\u00d1OS 90: ALASKA. Arr. AZAEL TORMO<\/p>\n\n\n\n<p class=\"wp-block-paragraph\">A\u00d1OS 00: CAROLINA. Arr. AZAEL TORMO<\/p>\n","protected":false},"excerpt":{"rendered":"<div class=\"mh-excerpt\">Dissabte que ve, 5 d&#8217;agost, se celebrar\u00e0 als Jardins de L&#8217;Harm\u00f2nica l&#8217;acte de presentaci\u00f3 de les Misses de l&#8217;Arm\u00f2nica 2023.\u00a0 L&#8217;acte que comen\u00e7ar\u00e0 a les 22,30 h, ser\u00e0 presentat per Laura Carrascosa i Raquel Bad\u00eda. <a class=\"mh-excerpt-more\" href=\"https:\/\/tucomarca.whitekongsoftware.com\/ca\/aquest-dissabte-larmonica-presenta-a-andrea-carmen-i-arlen-com-les-seues-misses-i-representant-2023\/\" title=\"Aquest dissabte &#8220;L&#8217;Arm\u00f2nica&#8221; presenta a Andrea, Carmen i Arl\u00e9n com les seues Misses i Representant 2023\">[+] <\/a><\/div>\n","protected":false},"author":12,"featured_media":193167,"comment_status":"open","ping_status":"open","sticky":false,"template":"","format":"standard","meta":{"footnotes":""},"categories":[10911,11005,10894,10912,11007,10896],"tags":[10913,11209,10914,19557],"class_list":["post-193169","post","type-post","status-publish","format-standard","has-post-thumbnail","category-bunol-ca","category-canal-musica","category-la-comarca-ca","category-la-hoya-ca","category-ocio-y-cultura-ca","category-seccion-ca","tag-bunol-ca","tag-cim-la-armonica-de-bunol-ca","tag-la-hoya-de-bunol-chiva-ca","tag-misses-y-representante-2023-ca"],"_links":{"self":[{"href":"https:\/\/tucomarca.whitekongsoftware.com\/ca\/wp-json\/wp\/v2\/posts\/193169","targetHints":{"allow":["GET"]}}],"collection":[{"href":"https:\/\/tucomarca.whitekongsoftware.com\/ca\/wp-json\/wp\/v2\/posts"}],"about":[{"href":"https:\/\/tucomarca.whitekongsoftware.com\/ca\/wp-json\/wp\/v2\/types\/post"}],"author":[{"embeddable":true,"href":"https:\/\/tucomarca.whitekongsoftware.com\/ca\/wp-json\/wp\/v2\/users\/12"}],"replies":[{"embeddable":true,"href":"https:\/\/tucomarca.whitekongsoftware.com\/ca\/wp-json\/wp\/v2\/comments?post=193169"}],"version-history":[{"count":0,"href":"https:\/\/tucomarca.whitekongsoftware.com\/ca\/wp-json\/wp\/v2\/posts\/193169\/revisions"}],"wp:featuredmedia":[{"embeddable":true,"href":"https:\/\/tucomarca.whitekongsoftware.com\/ca\/wp-json\/wp\/v2\/media\/193167"}],"wp:attachment":[{"href":"https:\/\/tucomarca.whitekongsoftware.com\/ca\/wp-json\/wp\/v2\/media?parent=193169"}],"wp:term":[{"taxonomy":"category","embeddable":true,"href":"https:\/\/tucomarca.whitekongsoftware.com\/ca\/wp-json\/wp\/v2\/categories?post=193169"},{"taxonomy":"post_tag","embeddable":true,"href":"https:\/\/tucomarca.whitekongsoftware.com\/ca\/wp-json\/wp\/v2\/tags?post=193169"}],"curies":[{"name":"wp","href":"https:\/\/api.w.org\/{rel}","templated":true}]}}