{"id":193138,"date":"2023-08-04T06:30:00","date_gmt":"2023-08-04T05:30:00","guid":{"rendered":"https:\/\/www.tucomarca.com\/wordpress\/segunda\/?p=193138"},"modified":"2023-08-04T13:38:35","modified_gmt":"2023-08-04T12:38:35","slug":"statkraft-incorpora-a-ava-asaja-als-seus-projectes-solars-els-predis-i-els-ferros-a-valencia","status":"publish","type":"post","link":"https:\/\/tucomarca.whitekongsoftware.com\/ca\/statkraft-incorpora-a-ava-asaja-als-seus-projectes-solars-els-predis-i-els-ferros-a-valencia\/","title":{"rendered":"AVA-Asaja subscriu un acord col\u00b7laboraci\u00f3 amb l&#8217;empresa que impulsa els projectes fotovoltaics de Tur\u00eds i Alboraig"},"content":{"rendered":"\n<p class=\"wp-block-paragraph\">Statkraft, primer productor renovable d&#8217;Europa i l\u00edder en el mercat de PPAs, i l&#8217;Associaci\u00f3 Valenciana d&#8217;Agricultors (AVA-ASAJA) han subscrit un acord de col\u00b7laboraci\u00f3 pel qual la companyia incorpora als seus projectes solars fotovoltaics Els Predis i Els Ferros a l&#8217;associaci\u00f3 i els seus associats.Aquest acord naix de la voluntat de Statkraft de basar en el di\u00e0leg el desenvolupament dels seus projectes, tractant de buscar solucions compatibles amb el territori al mateix temps que contribueix a accelerar una transici\u00f3 energ\u00e8tica justa al nostre pa\u00eds. Aix\u00ed, Statkraft i AVA-ASAJA avan\u00e7aran en la definici\u00f3 dels termes i condicions que permeten a l&#8217;organitzaci\u00f3 agr\u00e0ria i als seus associats entrar a formar part del capital social d&#8217;aquestes dues plantes fotovoltaiques, projectades en els municipis valencians de Tur\u00eds i Alboraig.<\/p>\n\n\n\n<p class=\"wp-block-paragraph\">Les entitats de reg han sigut especialment castigades en els \u00faltims anys per l&#8217;elevat cost i la volatilitat dels preus de l&#8217;energia. Acords com el subscrit hui els incorporen com a actors implicats en una transici\u00f3 que, a m\u00e9s, amb la f\u00f3rmula plantejada, des de la seua posici\u00f3 de copropietaris dels projectes, convertiran a les entitats de reg en productores d&#8217;energia renovable i aut\u00f2ctona.<\/p>\n\n\n\n<p class=\"wp-block-paragraph\">AVA-ASAJA considera que projectes com Els Ferros i Els Predis permeten el desenvolupament econ\u00f2mic, social i mediambiental de la regi\u00f3 i mitigar l&#8217;augment dels costos dels aliments, sent l&#8217;impacte especialment positiu en participar directament en el capital social d&#8217;aquestes instal\u00b7lacions. El president de l&#8217;associaci\u00f3, Crist\u00f3bal Aguado, ha afirmat en aquest sentit \u201cla conveni\u00e8ncia de projectes renovables amb plantejaments com el de Statkraft, com Els Predis i Els Ferros, que posen en marxa f\u00f3rmules beneficioses i innovadores per al territori i els sectors productius de la nostra terra, els quals s\u00f3n els que haurien de ser declarats de car\u00e0cter prioritari pel Consell\u201d.<\/p>\n\n\n\n<p class=\"wp-block-paragraph\">Per part seua, Jos\u00e9 Miguel Ferrer, director general de Statkraft ha afirmat que \u201cem sent especialment orgull\u00f3s que Statkraft, que ha triat Val\u00e8ncia com la seua seu central per a Espanya i Portugal, incorpore ara a un sector tan important per a la nostra Comunitat com \u00e9s l&#8217;agr\u00edcola. La col\u00b7laboraci\u00f3 amb AVA-ASAJA \u00e9s una mostra de com creiem que s&#8217;han d&#8217;enfocar els projectes renovables al nostre pa\u00eds\u201d.<\/p>\n\n\n\n<p class=\"wp-block-paragraph\">En concret, Statkraft i AVA-ASAJA treballaran de manera conjunta per a promoure processos participatius amb els associats, facilitar l&#8217;acc\u00e9s als diagn\u00f2stics socioecon\u00f2mics i analitzar conjuntament la viabilitat econ\u00f2mica, social i ambiental de la participaci\u00f3 que es propose. Aquesta participaci\u00f3 podr\u00e0 ser de fins a un 5%, i es realitzar\u00e0 a trav\u00e9s d&#8217;una mateixa societat comuna en la qual s&#8217;agrupen totes les entitats de reg que vulguen ser part\u00edcips dels projectes.<\/p>\n\n\n\n<p class=\"wp-block-paragraph\">Quant al cost de l&#8217;adquisici\u00f3 d&#8217;aquesta participaci\u00f3, ser\u00e0 finan\u00e7at per Statkraft i retornat per les entitats de reg amb els ingressos que obtinguen pel funcionament de les plantes Els Ferros i Els Predis, una vegada entren aquestes en operaci\u00f3 (una cosa prevista per a 2025). Aix\u00ed, AVA-ASAJA i els seus associats no hauran d&#8217;escometre cap desemborsament inicial de fons propis.&nbsp;<\/p>\n\n\n\n<p class=\"wp-block-paragraph\"><strong>Illes de cultiu per a continuar amb l&#8217;activitat<\/strong><\/p>\n\n\n\n<p class=\"wp-block-paragraph\">Els projectes Els Predis i Els Ferros inclouen a m\u00e9s la creaci\u00f3 d&#8217;illes de cultiu en les quals aquells agricultors que aix\u00ed ho volgueren, podrien utilitzar per a continuar la seua activitat sense pagar per l&#8217;\u00fas d&#8217;aqueixos terrenys. En total, Statkraft ha reservat 54 hect\u00e0rees en l&#8217;entorn immediat de les plantes solars per a aquesta comesa, ampliables a una superf\u00edcie total per damunt de les 70 hect\u00e0rees. Cadascuna d&#8217;aquestes illes tindria una superf\u00edcie mitjana superior a les dues hect\u00e0rees.<\/p>\n\n\n\n<p class=\"wp-block-paragraph\">Amb aquesta proposta, Statkraft pret\u00e9n involucrar al territori i socialitzar l&#8217;energia dels seus projectes solars a la prov\u00edncia de Val\u00e8ncia: participaci\u00f3 accionarial en les plantes per a les entitats de reg, illes de cultiu reservades per a continuar amb l&#8217;activitat agr\u00edcola i, en tercer lloc, preus de l&#8217;energia assequibles per a ciutadans i ind\u00fastria, a trav\u00e9s de la socialitzaci\u00f3 d&#8217;energia, la qual cosa permetr\u00e0 reduir la seua factura de la llum.<\/p>\n\n\n\n<p class=\"wp-block-paragraph\">Pel que fa a aquest tercer eix, Statkraft ja col\u00b7labora amb l&#8217;empresa Senda per a desenvolupar el seu primer pilot de comunitat energ\u00e8tica local (CEL) a la Comunitat Valenciana, precisament en els municipis de Tor\u00eds i Alboraig. Aix\u00ed, Senda analitzar\u00e0 diferents f\u00f3rmules de generaci\u00f3 d&#8217;energia distribu\u00efda a trav\u00e9s de la instal\u00b7laci\u00f3 d&#8217;autoconsum col\u00b7lectiu, bateries, i sistemes de gesti\u00f3 de la demanda, aix\u00ed com el desplegament d&#8217;una xarxa de rec\u00e0rrega per a vehicles el\u00e8ctrics. Tot aix\u00f2, orientat a permetre un estalvi real als membres de la comunitat energ\u00e8tica.<\/p>\n\n\n\n<p class=\"wp-block-paragraph\"><strong>Aposta de Statkraft per la Comunitat Valenciana<\/strong><\/p>\n\n\n\n<p class=\"wp-block-paragraph\">Els projectes solars fotovoltaics Els Ferros i Els Predis, entre els municipis de Tur\u00eds i Alboraig, suposaran una inversi\u00f3 conjunta que superar\u00e0 els 100 milions d&#8217;euros, reportant 7 milions d&#8217;euros d&#8217;ingressos per als ajuntaments en concepte d&#8217;impostos abans de la construcci\u00f3 de la planta, i entre 200.000 i 400.000 euros a l&#8217;any durant el seu funcionament.<\/p>\n\n\n\n<p class=\"wp-block-paragraph\">Statkraft estima la creaci\u00f3 de fins a 400 llocs de treball en el pic m\u00e9s alt de la fase de construcci\u00f3, aix\u00ed com un impuls a l&#8217;economia local gr\u00e0cies a la inversi\u00f3 directa i indirecta en empreses de la zona. Les dues instal\u00b7lacions, amb una pot\u00e8ncia instal\u00b7lada de 79 MW cadascuna, subministraran a la xarxa energia neta equivalent al consum de m\u00e9s de 102.000 llars cada any.<\/p>\n\n\n\n<p class=\"wp-block-paragraph\">Aquests dos projectes se sumen als altres que la companyia desenvolupa a la Comunitat Valenciana: Llaurada Solar, a Castell\u00f3, i Tendetes, a Alacant. Informa, <strong>Luis Ib\u00e1\u00f1ez<\/strong>.<\/p>\n","protected":false},"excerpt":{"rendered":"<div class=\"mh-excerpt\">Statkraft, primer productor renovable d&#8217;Europa i l\u00edder en el mercat de PPAs, i l&#8217;Associaci\u00f3 Valenciana d&#8217;Agricultors (AVA-ASAJA) han subscrit un acord de col\u00b7laboraci\u00f3 pel qual la companyia incorpora als seus projectes solars fotovoltaics Els Predis <a class=\"mh-excerpt-more\" href=\"https:\/\/tucomarca.whitekongsoftware.com\/ca\/statkraft-incorpora-a-ava-asaja-als-seus-projectes-solars-els-predis-i-els-ferros-a-valencia\/\" title=\"AVA-Asaja subscriu un acord col\u00b7laboraci\u00f3 amb l&#8217;empresa que impulsa els projectes fotovoltaics de Tur\u00eds i Alboraig\">[+] <\/a><\/div>\n","protected":false},"author":13,"featured_media":193136,"comment_status":"open","ping_status":"open","sticky":false,"template":"","format":"standard","meta":{"footnotes":""},"categories":[10905,10973,10898,10948,10894,10912,10902,10903,10947,10896,11047],"tags":[11309,10914,11077,11093],"class_list":["post-193138","post","type-post","status-publish","format-standard","has-post-thumbnail","category-agricultura-la-comarca-ca","category-alborache-ca","category-ventana-ca","category-infraestructuras-ca","category-la-comarca-ca","category-la-hoya-ca","category-la-ribera-ca","category-medio-ambiente-la-comarca-ca","category-politica","category-seccion-ca","category-turis-ca","tag-agricultura-ca","tag-la-hoya-de-bunol-chiva-ca","tag-la-ribera-alta-ca","tag-turis-ca"],"_links":{"self":[{"href":"https:\/\/tucomarca.whitekongsoftware.com\/ca\/wp-json\/wp\/v2\/posts\/193138","targetHints":{"allow":["GET"]}}],"collection":[{"href":"https:\/\/tucomarca.whitekongsoftware.com\/ca\/wp-json\/wp\/v2\/posts"}],"about":[{"href":"https:\/\/tucomarca.whitekongsoftware.com\/ca\/wp-json\/wp\/v2\/types\/post"}],"author":[{"embeddable":true,"href":"https:\/\/tucomarca.whitekongsoftware.com\/ca\/wp-json\/wp\/v2\/users\/13"}],"replies":[{"embeddable":true,"href":"https:\/\/tucomarca.whitekongsoftware.com\/ca\/wp-json\/wp\/v2\/comments?post=193138"}],"version-history":[{"count":0,"href":"https:\/\/tucomarca.whitekongsoftware.com\/ca\/wp-json\/wp\/v2\/posts\/193138\/revisions"}],"wp:featuredmedia":[{"embeddable":true,"href":"https:\/\/tucomarca.whitekongsoftware.com\/ca\/wp-json\/wp\/v2\/media\/193136"}],"wp:attachment":[{"href":"https:\/\/tucomarca.whitekongsoftware.com\/ca\/wp-json\/wp\/v2\/media?parent=193138"}],"wp:term":[{"taxonomy":"category","embeddable":true,"href":"https:\/\/tucomarca.whitekongsoftware.com\/ca\/wp-json\/wp\/v2\/categories?post=193138"},{"taxonomy":"post_tag","embeddable":true,"href":"https:\/\/tucomarca.whitekongsoftware.com\/ca\/wp-json\/wp\/v2\/tags?post=193138"}],"curies":[{"name":"wp","href":"https:\/\/api.w.org\/{rel}","templated":true}]}}