{"id":193083,"date":"2023-08-03T08:00:00","date_gmt":"2023-08-03T07:00:00","guid":{"rendered":"https:\/\/www.tucomarca.com\/wordpress\/segunda\/?p=193083"},"modified":"2023-08-03T18:03:16","modified_gmt":"2023-08-03T17:03:16","slug":"obert-el-termini-dinscripcio-per-a-la-xxvi-carrera-popular-de-bunyol","status":"publish","type":"post","link":"https:\/\/tucomarca.whitekongsoftware.com\/ca\/obert-el-termini-dinscripcio-per-a-la-xxvi-carrera-popular-de-bunyol\/","title":{"rendered":"Obert el termini d&#8217;inscripci\u00f3 per a la XXVI Carrera Popular de Bunyol"},"content":{"rendered":"\n<p class=\"wp-block-paragraph\">La XXVI Carrera Popular Fira i Festes, Memorial Raquel Lavilla Villar, que es dur\u00e0 a terme el divendres 1 de setembre a les 19.30 hores ja ha Robert el seu terme d&#8217;inscripci\u00f3.<\/p>\n\n\n\n<p class=\"wp-block-paragraph\">Qui vulga participar t\u00e9 fins al 29 d&#8217;agost per a inscriure&#8217;s en la p\u00e0gina web Cronorunner o tamb\u00e9 pot apuntar-se el mateix dia de l&#8217;esdeveniment. La inscripci\u00f3 per a atletes locals \u00e9s gratu\u00efta.<\/p>\n\n\n\n<p class=\"wp-block-paragraph\">Menors d&#8217;edat que vulguen participar necessitaran d&#8217;autoritzaci\u00f3 signada.<\/p>\n","protected":false},"excerpt":{"rendered":"<div class=\"mh-excerpt\">La XXVI Carrera Popular Fira i Festes, Memorial Raquel Lavilla Villar, que es dur\u00e0 a terme el divendres 1 de setembre a les 19.30 hores ja ha Robert el seu terme d&#8217;inscripci\u00f3. Qui vulga participar <a class=\"mh-excerpt-more\" href=\"https:\/\/tucomarca.whitekongsoftware.com\/ca\/obert-el-termini-dinscripcio-per-a-la-xxvi-carrera-popular-de-bunyol\/\" title=\"Obert el termini d&#8217;inscripci\u00f3 per a la XXVI Carrera Popular de Bunyol\">[+] <\/a><\/div>\n","protected":false},"author":13,"featured_media":76610,"comment_status":"open","ping_status":"open","sticky":false,"template":"","format":"standard","meta":{"footnotes":""},"categories":[11018,10911,11003,10912,10896],"tags":[10913,17491,10914,19468],"class_list":["post-193083","post","type-post","status-publish","format-standard","has-post-thumbnail","category-atletisme","category-bunol-ca","category-sports","category-la-hoya-ca","category-seccion-ca","tag-bunol-ca","tag-carrera-popular-ca","tag-la-hoya-de-bunol-chiva-ca","tag-pueblos-en-fiestas-ca"],"_links":{"self":[{"href":"https:\/\/tucomarca.whitekongsoftware.com\/ca\/wp-json\/wp\/v2\/posts\/193083","targetHints":{"allow":["GET"]}}],"collection":[{"href":"https:\/\/tucomarca.whitekongsoftware.com\/ca\/wp-json\/wp\/v2\/posts"}],"about":[{"href":"https:\/\/tucomarca.whitekongsoftware.com\/ca\/wp-json\/wp\/v2\/types\/post"}],"author":[{"embeddable":true,"href":"https:\/\/tucomarca.whitekongsoftware.com\/ca\/wp-json\/wp\/v2\/users\/13"}],"replies":[{"embeddable":true,"href":"https:\/\/tucomarca.whitekongsoftware.com\/ca\/wp-json\/wp\/v2\/comments?post=193083"}],"version-history":[{"count":0,"href":"https:\/\/tucomarca.whitekongsoftware.com\/ca\/wp-json\/wp\/v2\/posts\/193083\/revisions"}],"wp:featuredmedia":[{"embeddable":true,"href":"https:\/\/tucomarca.whitekongsoftware.com\/ca\/wp-json\/wp\/v2\/media\/76610"}],"wp:attachment":[{"href":"https:\/\/tucomarca.whitekongsoftware.com\/ca\/wp-json\/wp\/v2\/media?parent=193083"}],"wp:term":[{"taxonomy":"category","embeddable":true,"href":"https:\/\/tucomarca.whitekongsoftware.com\/ca\/wp-json\/wp\/v2\/categories?post=193083"},{"taxonomy":"post_tag","embeddable":true,"href":"https:\/\/tucomarca.whitekongsoftware.com\/ca\/wp-json\/wp\/v2\/tags?post=193083"}],"curies":[{"name":"wp","href":"https:\/\/api.w.org\/{rel}","templated":true}]}}