{"id":192977,"date":"2023-08-02T11:00:00","date_gmt":"2023-08-02T10:00:00","guid":{"rendered":"https:\/\/www.tucomarca.com\/wordpress\/segunda\/?p=192977"},"modified":"2023-08-02T13:18:55","modified_gmt":"2023-08-02T12:18:55","slug":"els-bombers-extingeixen-un-incendi-forestal-a-setaigues-el-segon-en-el-terme-en-menys-de-set-dies","status":"publish","type":"post","link":"https:\/\/tucomarca.whitekongsoftware.com\/ca\/els-bombers-extingeixen-un-incendi-forestal-a-setaigues-el-segon-en-el-terme-en-menys-de-set-dies\/","title":{"rendered":"Els bombers extingeixen un incendi forestal a Setaig\u00fces, el segon en el terme en menys de set dies"},"content":{"rendered":"\n<p class=\"wp-block-paragraph\">Mitjans aeris es van mobilitzar aquest dimarts a la vesprada als afores del terme municipal de Setaig\u00fces despr\u00e9s que es declarara l&#8217;incendi al voltant de les 17,30 hores i, com ha informat Emerg\u00e8ncies de la Generalitat Valenciana, han participat en l&#8217;extinci\u00f3 d&#8217;aquest incendi tres unitats de bombers forestals de la Generalitat.<\/p>\n\n\n\n<p class=\"wp-block-paragraph\">Poc temps despr\u00e9s els bombers donaven per controlat l&#8217;incendi i es retiraven dos mitjans aeris de la zona afectada, per a aproximadament a les 11,30 hores de la nit, comunicar que s&#8217;havia declarat extingit l&#8217;incendi..<\/p>\n\n\n\n<p class=\"wp-block-paragraph\">Aquest \u00e9s el segon incendi declarat en la zona en poc m\u00e9s d&#8217;una setmana, per aquest motiu la Gu\u00e0rdia Civil investiga a un grup de joves el punt de trobada dels quals s\u00f3n els afores on s&#8217;han originat aquests incendis per si pogueren tindre relaci\u00f3 directa amb els fets.<\/p>\n\n\n\n<figure class=\"wp-block-image size-large\"><img loading=\"lazy\" decoding=\"async\" width=\"1024\" height=\"576\" src=\"https:\/\/www.tucomarca.com\/wordpress\/segunda\/wp-content\/uploads\/2023\/08\/F2dX2PvX0AoLabE-1024x576.jpeg\" alt=\"\" class=\"wp-image-192963\" srcset=\"https:\/\/tucomarca.whitekongsoftware.com\/wp-content\/uploads\/2023\/08\/F2dX2PvX0AoLabE-1024x576.jpeg 1024w, https:\/\/tucomarca.whitekongsoftware.com\/wp-content\/uploads\/2023\/08\/F2dX2PvX0AoLabE-300x169.jpeg 300w, https:\/\/tucomarca.whitekongsoftware.com\/wp-content\/uploads\/2023\/08\/F2dX2PvX0AoLabE-768x432.jpeg 768w, https:\/\/tucomarca.whitekongsoftware.com\/wp-content\/uploads\/2023\/08\/F2dX2PvX0AoLabE-1536x864.jpeg 1536w, https:\/\/tucomarca.whitekongsoftware.com\/wp-content\/uploads\/2023\/08\/F2dX2PvX0AoLabE-678x381.jpeg 678w, https:\/\/tucomarca.whitekongsoftware.com\/wp-content\/uploads\/2023\/08\/F2dX2PvX0AoLabE.jpeg 1599w\" sizes=\"auto, (max-width: 1024px) 100vw, 1024px\" \/><\/figure>\n","protected":false},"excerpt":{"rendered":"<div class=\"mh-excerpt\">Mitjans aeris es van mobilitzar aquest dimarts a la vesprada als afores del terme municipal de Setaig\u00fces despr\u00e9s que es declarara l&#8217;incendi al voltant de les 17,30 hores i, com ha informat Emerg\u00e8ncies de la <a class=\"mh-excerpt-more\" href=\"https:\/\/tucomarca.whitekongsoftware.com\/ca\/els-bombers-extingeixen-un-incendi-forestal-a-setaigues-el-segon-en-el-terme-en-menys-de-set-dies\/\" title=\"Els bombers extingeixen un incendi forestal a Setaig\u00fces, el segon en el terme en menys de set dies\">[+] <\/a><\/div>\n","protected":false},"author":13,"featured_media":192962,"comment_status":"open","ping_status":"open","sticky":false,"template":"","format":"image","meta":{"footnotes":""},"categories":[10898,10948,10894,10912,10903,10896,10979,10897],"tags":[11721,10914,11157,10901],"class_list":["post-192977","post","type-post","status-publish","format-image","has-post-thumbnail","category-ventana-ca","category-infraestructuras-ca","category-la-comarca-ca","category-la-hoya-ca","category-medio-ambiente-la-comarca-ca","category-seccion-ca","category-siete-aguas-ca","category-sucesos-la-comarca-ca","tag-incendios-forestales-ca","tag-la-hoya-de-bunol-chiva-ca","tag-siete-aguas-ca","tag-sucesos-ca","post_format-post-format-image"],"_links":{"self":[{"href":"https:\/\/tucomarca.whitekongsoftware.com\/ca\/wp-json\/wp\/v2\/posts\/192977","targetHints":{"allow":["GET"]}}],"collection":[{"href":"https:\/\/tucomarca.whitekongsoftware.com\/ca\/wp-json\/wp\/v2\/posts"}],"about":[{"href":"https:\/\/tucomarca.whitekongsoftware.com\/ca\/wp-json\/wp\/v2\/types\/post"}],"author":[{"embeddable":true,"href":"https:\/\/tucomarca.whitekongsoftware.com\/ca\/wp-json\/wp\/v2\/users\/13"}],"replies":[{"embeddable":true,"href":"https:\/\/tucomarca.whitekongsoftware.com\/ca\/wp-json\/wp\/v2\/comments?post=192977"}],"version-history":[{"count":0,"href":"https:\/\/tucomarca.whitekongsoftware.com\/ca\/wp-json\/wp\/v2\/posts\/192977\/revisions"}],"wp:featuredmedia":[{"embeddable":true,"href":"https:\/\/tucomarca.whitekongsoftware.com\/ca\/wp-json\/wp\/v2\/media\/192962"}],"wp:attachment":[{"href":"https:\/\/tucomarca.whitekongsoftware.com\/ca\/wp-json\/wp\/v2\/media?parent=192977"}],"wp:term":[{"taxonomy":"category","embeddable":true,"href":"https:\/\/tucomarca.whitekongsoftware.com\/ca\/wp-json\/wp\/v2\/categories?post=192977"},{"taxonomy":"post_tag","embeddable":true,"href":"https:\/\/tucomarca.whitekongsoftware.com\/ca\/wp-json\/wp\/v2\/tags?post=192977"}],"curies":[{"name":"wp","href":"https:\/\/api.w.org\/{rel}","templated":true}]}}