{"id":192954,"date":"2023-08-02T10:00:00","date_gmt":"2023-08-02T09:00:00","guid":{"rendered":"https:\/\/www.tucomarca.com\/wordpress\/segunda\/?p=192954"},"modified":"2023-08-02T10:40:16","modified_gmt":"2023-08-02T09:40:16","slug":"millars-arranca-les-seues-festes-patronals-en-honor-als-sants-patrons-santissim-crist-de-la-salut-sant-roque-i-sant-blas","status":"publish","type":"post","link":"https:\/\/tucomarca.whitekongsoftware.com\/ca\/millars-arranca-les-seues-festes-patronals-en-honor-als-sants-patrons-santissim-crist-de-la-salut-sant-roque-i-sant-blas\/","title":{"rendered":"Millars arranca les seues festes patronals en honor als sants patrons Sant\u00edssim Crist de la Salut, Sant Roque i Sant Blas"},"content":{"rendered":"\n<p class=\"wp-block-paragraph\">Millars comen\u00e7a les seues festes patronals en les quals es conviu en germanor entre els populars sopars en la pla\u00e7a del Hinchidor, el fervor religi\u00f3s i la diversi\u00f3 de les nits de revetla i festa.<\/p>\n\n\n\n<p class=\"wp-block-paragraph\">Despr\u00e9s del concert de festes realitzat per la Uni\u00f3 Musical Millarense aquest passat dissabte, les festes continuen amb un programa d&#8217;actes variat i per a tots els p\u00fablics.<\/p>\n\n\n\n<p class=\"wp-block-paragraph\"><strong>Divendres, 4 d&#8217;agost<\/strong>:<\/p>\n\n\n\n<p class=\"wp-block-paragraph\">00.30 h. Crowzy Music Xou. Viu l&#8217;aut\u00e8ntica Bogeria Crowzy.&nbsp;Animaci\u00f3, Ballarins, Dj\u2019s i molta bogeria m\u00e9s.&nbsp;<\/p>\n\n\n\n<p class=\"wp-block-paragraph\"><strong>Dissabte, 5 d&#8217;agost<\/strong>.\u00a0<strong>LA VESPRA:\u00a0<\/strong><\/p>\n\n\n\n<p class=\"wp-block-paragraph\">12.00 h. Gran volteig de campanes, anunciant que ja estem en festes.&nbsp;<\/p>\n\n\n\n<p class=\"wp-block-paragraph\">19.00 h. Tret de carcasses i a continuaci\u00f3 cavalcada de disfresses acompanyades per la Uni\u00f3 Musical Millarense. Eixida des de la pla\u00e7a del Hinchidor.&nbsp;<\/p>\n\n\n\n<p class=\"wp-block-paragraph\">23.30 h. Duo \u201cEl Parany\u201d<br>01.00 h. Orquestra \u201cThe Garage Band\u201d.&nbsp;<\/p>\n\n\n\n<p class=\"wp-block-paragraph\"><strong>Diumenge, 6 d&#8217;agost<\/strong>.\u00a0<strong>SANT\u00cdSSIM CRIST DE LA SALUT<\/strong>:<\/p>\n\n\n\n<p class=\"wp-block-paragraph\">12.00 h. Solemne missa en honor del Sant\u00edssim Crist de la Salut.<\/p>\n\n\n\n<p class=\"wp-block-paragraph\">18.30 h.&nbsp; Musical Infantil \u201cLes Aventures d&#8217;Espurna i Miky\u201d.<\/p>\n\n\n\n<p class=\"wp-block-paragraph\">20.00 h. Cercavila a c\u00e0rrec de la Uni\u00f3 Musical Millarense.<\/p>\n\n\n\n<p class=\"wp-block-paragraph\">21.00 h. Process\u00f3 en honor al Sant\u00edssim Crist de la Salut.&nbsp;<\/p>\n\n\n\n<p class=\"wp-block-paragraph\">Lliurament de premis de les modalitats P\u00e0del, Futbito i Nataci\u00f3.&nbsp;<\/p>\n\n\n\n<p class=\"wp-block-paragraph\">01.00 h. Orquestra \u201cL&#8217;\u00d2xid\u201d en finalitzar Macro Xou DJ.<\/p>\n\n\n\n<p class=\"wp-block-paragraph\"><strong>Dilluns 7 d&#8217;agost<\/strong>.\u00a0<strong>SANT ROQUE:\u00a0<\/strong><\/p>\n\n\n\n<p class=\"wp-block-paragraph\">12.00 h. Solemne missa en honor a Sant Roque.&nbsp;<\/p>\n\n\n\n<p class=\"wp-block-paragraph\">20.00 h. Cercavila a c\u00e0rrec de la Uni\u00f3 Musical Millarense.&nbsp;<\/p>\n\n\n\n<p class=\"wp-block-paragraph\">21.00 h. Process\u00f3 en honor a Sant Roque.&nbsp;<\/p>\n\n\n\n<p class=\"wp-block-paragraph\">01.00 h. Espectacle de varietats amb Alicia Casany. Acabat l&#8217;espectacle tindrem discom\u00f3vil amb DJ.&nbsp;<\/p>\n\n\n\n<p class=\"wp-block-paragraph\"><strong>Dimarts, 8 d&#8217;agost<\/strong>.\u00a0<strong>SANT BLAS<\/strong>:<\/p>\n\n\n\n<p class=\"wp-block-paragraph\">12.00 h. Solemne missa en honor a Sant Blas.<br>18.30 h. Canta Jocs en la Pla\u00e7a del Hinchidor.<br>20.00 h. Cercavila a c\u00e0rrec de la Uni\u00f3 Musical Millarense.&nbsp;<\/p>\n\n\n\n<p class=\"wp-block-paragraph\">21.00 h. Process\u00f3 en honor a Sant Blas.<br>01.00 h. Orquestra La Festa.&nbsp;<\/p>\n\n\n\n<p class=\"wp-block-paragraph\"><strong>Dissabte, 12 d&#8217;agos<\/strong>:<\/p>\n\n\n\n<p class=\"wp-block-paragraph\">21.00 h. Caminada nocturna organitzada per: Corre pel teu Lou i &nbsp;Pasikyos Curts. NOTA: \u00c9s obligatori que tot menor d&#8217;edat vaja acompanyat d&#8217;un adult responsable.&nbsp;Es recomana portar una llanterna, beguda i opcionalment una mica de menjar per a realitzar una parada en el repetidor, per a reposar forces i gaudir de les vistes nocturnes del poble.&nbsp;<\/p>\n\n\n\n<p class=\"wp-block-paragraph\"><strong>Dilluns, 14 d&#8217;agost<\/strong>:<\/p>\n\n\n\n<p class=\"wp-block-paragraph\">21.30 h. Associaci\u00f3 Mestresses de casa: sopar anual per a totes les s\u00f2cies.&nbsp;<\/p>\n\n\n\n<p class=\"wp-block-paragraph\"><strong>Dimarts, 15 d&#8217;agost<\/strong>:<\/p>\n\n\n\n<p class=\"wp-block-paragraph\">11.00 h. Missa en honor a la Verge d&#8217;Agost. Mestresses de casa de Millars.&nbsp;<\/p>\n\n\n\n<p class=\"wp-block-paragraph\"><\/p>\n","protected":false},"excerpt":{"rendered":"<div class=\"mh-excerpt\">Millars comen\u00e7a les seues festes patronals en les quals es conviu en germanor entre els populars sopars en la pla\u00e7a del Hinchidor, el fervor religi\u00f3s i la diversi\u00f3 de les nits de revetla i festa. <a class=\"mh-excerpt-more\" href=\"https:\/\/tucomarca.whitekongsoftware.com\/ca\/millars-arranca-les-seues-festes-patronals-en-honor-als-sants-patrons-santissim-crist-de-la-salut-sant-roque-i-sant-blas\/\" title=\"Millars arranca les seues festes patronals en honor als sants patrons Sant\u00edssim Crist de la Salut, Sant Roque i Sant Blas\">[+] <\/a><\/div>\n","protected":false},"author":12,"featured_media":192953,"comment_status":"open","ping_status":"open","sticky":false,"template":"","format":"standard","meta":{"footnotes":""},"categories":[11019,10963,10894,10970,11007,10896],"tags":[14071,11094,11186],"class_list":["post-192954","post","type-post","status-publish","format-standard","has-post-thumbnail","category-agenda-ca","category-la-canal-de-navarres-ca","category-la-comarca-ca","category-millares-ca","category-ocio-y-cultura-ca","category-seccion-ca","tag-fiestas-patronales-ca","tag-la-canal-de-navarres","tag-millares-ca"],"_links":{"self":[{"href":"https:\/\/tucomarca.whitekongsoftware.com\/ca\/wp-json\/wp\/v2\/posts\/192954","targetHints":{"allow":["GET"]}}],"collection":[{"href":"https:\/\/tucomarca.whitekongsoftware.com\/ca\/wp-json\/wp\/v2\/posts"}],"about":[{"href":"https:\/\/tucomarca.whitekongsoftware.com\/ca\/wp-json\/wp\/v2\/types\/post"}],"author":[{"embeddable":true,"href":"https:\/\/tucomarca.whitekongsoftware.com\/ca\/wp-json\/wp\/v2\/users\/12"}],"replies":[{"embeddable":true,"href":"https:\/\/tucomarca.whitekongsoftware.com\/ca\/wp-json\/wp\/v2\/comments?post=192954"}],"version-history":[{"count":0,"href":"https:\/\/tucomarca.whitekongsoftware.com\/ca\/wp-json\/wp\/v2\/posts\/192954\/revisions"}],"wp:featuredmedia":[{"embeddable":true,"href":"https:\/\/tucomarca.whitekongsoftware.com\/ca\/wp-json\/wp\/v2\/media\/192953"}],"wp:attachment":[{"href":"https:\/\/tucomarca.whitekongsoftware.com\/ca\/wp-json\/wp\/v2\/media?parent=192954"}],"wp:term":[{"taxonomy":"category","embeddable":true,"href":"https:\/\/tucomarca.whitekongsoftware.com\/ca\/wp-json\/wp\/v2\/categories?post=192954"},{"taxonomy":"post_tag","embeddable":true,"href":"https:\/\/tucomarca.whitekongsoftware.com\/ca\/wp-json\/wp\/v2\/tags?post=192954"}],"curies":[{"name":"wp","href":"https:\/\/api.w.org\/{rel}","templated":true}]}}