{"id":192874,"date":"2023-07-31T06:00:00","date_gmt":"2023-07-31T05:00:00","guid":{"rendered":"https:\/\/www.tucomarca.com\/wordpress\/segunda\/el-grupo-municipal-de-esquerra-unida-unidas-podemos-reprocha-al-gobierno-local-el-no-acoger-un-concierto-homenaje-a-henrie-adams\/"},"modified":"2023-08-01T09:47:48","modified_gmt":"2023-08-01T08:47:48","slug":"el-grupo-municipal-de-esquerra-unida-unidas-podemos-reprocha-al-gobierno-local-el-no-acoger-un-concierto-homenaje-a-henrie-adams","status":"publish","type":"post","link":"https:\/\/tucomarca.whitekongsoftware.com\/ca\/el-grupo-municipal-de-esquerra-unida-unidas-podemos-reprocha-al-gobierno-local-el-no-acoger-un-concierto-homenaje-a-henrie-adams\/","title":{"rendered":"El grup municipal d&#8217;Esquerra Unida-Unides Podem retrau al govern de Bunyol &#8220;el no acollir un concert-homenatge a Henrie Adams&#8221;"},"content":{"rendered":"\n<p class=\"wp-block-paragraph\">El grup municipal d&#8217;Esquerra Unida-Unides Podem de l&#8217;Ajuntament de Bunyol ha em\u00e9s un comunicat en el qual critica &#8220;l&#8217;actitud del govern local format pel PP i XBu\u00f1ol davant el concert de PROWinds en homenatge a l&#8217;exdirector de l&#8217;Art\u00edstica, Henrie Adams&#8221;, segons mantenen.<\/p>\n\n\n\n<p class=\"wp-block-paragraph\">\u201cEl concert de la banda PROWinds que el 30 de juliol s&#8217;ha celebrat a Macastre era un concert que se li va oferir a Bunyol i que el govern municipal de l&#8217;Ajuntament de Bunyol ha rebutjat per motius il\u00b7leg\u00edtims per a evitar coste el que coste que aquest concert es donara a Bunyol\u201d, afirmen des d&#8217;Unides Podem.&nbsp;<\/p>\n\n\n\n<p class=\"wp-block-paragraph\">\u201cEl concert es va oferir a Bunyol pel reconeixement a l&#8217;alt nivell musical que t\u00e9 el nostre poble gr\u00e0cies a les nostres dues grans bandes, l&#8217;Art\u00edstica i l&#8217;Harm\u00f2nica, al nostre conservatori municipal i a l&#8217;espectacular auditori a l&#8217;aire lliure que tenim. A m\u00e9s, aquest concert anava a ser totalment gratu\u00eft per a l&#8217;Ajuntament i amb l&#8217;objectiu de ser un acte ben\u00e8fic a favor de l&#8217;Associaci\u00f3 Espanyola contra el C\u00e0ncer (AECC). El concert tamb\u00e9 plantejava com a fi principal que a Bunyol s&#8217;homenatjara el mort exdirector de l&#8217;Art\u00edstica, Henrie Adams\u201d.&nbsp;<\/p>\n\n\n\n<p class=\"wp-block-paragraph\">\u201cL&#8217;alcaldessa del PP va donar en el ple excuses com que l&#8217;auditori no estava en condicions per a realitzar-lo per motius de seguretat, i a pesar aix\u00f2 els organitzadors van sol\u00b7licitar fer-ho en el mateix passeig de Sant Llu\u00eds o en la pla\u00e7a d&#8217;armes. Els promotors del concert estaven disposats a realitzar-lo en un altre espai art\u00edstic diferent a l&#8217;auditori, ja que Bunyol disposa de diversos escenaris situats en la majoria dels seus parcs, com en la Violeta, Borrunes o pla\u00e7a del Barri Sant Rafael. Aquesta segona opci\u00f3 tamb\u00e9 va ser rebutjada amb l&#8217;excusa de no haver-hi diners per a fer el concert fora de l&#8217;auditori, fet sense sentit, perqu\u00e8 l&#8217;Ajuntament disposa del material necessari per a poder fer-se el concert, com a megafonia, cadires, etc\u201d, afigen des de la formaci\u00f3 pol\u00edtica.&nbsp;<\/p>\n\n\n\n<p class=\"wp-block-paragraph\">\u201c\u00c9s la primera vegada que un esdeveniment cultural de gran nivell \u00e9s rebutjat per l&#8217;Ajuntament de Bunyol, senzillament no van voler que aquest concert es donara a Bunyol. Un concert de primer nivell que plantejaven els m\u00fasics professionals de la banda PROWinds per a Bunyol no tindr\u00e0 cabuda en la nostra localitat per una actitud de censura i veto del PP i de XBu\u00f1ol\u201d.&nbsp;<\/p>\n\n\n\n<p class=\"wp-block-paragraph\">\u201cSra. Alcaldessa i senyor primer tinent d&#8217;alcalde no falsegen la veritat, aquest concert no era una iniciativa de l&#8217;Ajuntament de Macastre que demanava la col\u00b7laboraci\u00f3 de Bunyol, era el contrari, un oferiment de la banda PROWinds per a Bunyol que el seu rebuig pol\u00edtic sense sentit ha fet que a Bunyol vost\u00e9s no els hagen donat cabuda i hagen hagut d&#8217;oferir aquest concert a la localitat ve\u00efna de Macastre, que \u00e9s on definitivament s&#8217;ha realitzat, demostrant aquest poble ve\u00ed major altura de mires i respecte per la cultura musical que vost\u00e9s han demostrat.&nbsp;El grup municipal Esquerra Unida-Unides Podem de Bunyol sempre estarem en defensa de la cultura enfront dels vetos. Bunyol \u00e9s cultura, Bunyol \u00e9s m\u00fasica\u201d, finalitzen des d&#8217;EU-Unides Podem\u201d.&nbsp;<\/p>\n","protected":false},"excerpt":{"rendered":"<div class=\"mh-excerpt\">El grup municipal d&#8217;Esquerra Unida-Unides Podem de l&#8217;Ajuntament de Bunyol ha em\u00e9s un comunicat en el qual critica &#8220;l&#8217;actitud del govern local format pel PP i XBu\u00f1ol davant el concert de PROWinds en homenatge a <a class=\"mh-excerpt-more\" href=\"https:\/\/tucomarca.whitekongsoftware.com\/ca\/el-grupo-municipal-de-esquerra-unida-unidas-podemos-reprocha-al-gobierno-local-el-no-acoger-un-concierto-homenaje-a-henrie-adams\/\" title=\"El grup municipal d&#8217;Esquerra Unida-Unides Podem retrau al govern de Bunyol &#8220;el no acollir un concert-homenatge a Henrie Adams&#8221;\">[+] <\/a><\/div>\n","protected":false},"author":12,"featured_media":192798,"comment_status":"open","ping_status":"open","sticky":false,"template":"","format":"standard","meta":{"footnotes":""},"categories":[10911,10948,10894,10912,10947,10896],"tags":[18979,10914,19538],"class_list":["post-192874","post","type-post","status-publish","format-standard","has-post-thumbnail","category-bunol-ca","category-infraestructuras-ca","category-la-comarca-ca","category-la-hoya-ca","category-politica","category-seccion-ca","tag-eu-podemos-bunol-ca","tag-la-hoya-de-bunol-chiva-ca","tag-prowinds-ca"],"_links":{"self":[{"href":"https:\/\/tucomarca.whitekongsoftware.com\/ca\/wp-json\/wp\/v2\/posts\/192874","targetHints":{"allow":["GET"]}}],"collection":[{"href":"https:\/\/tucomarca.whitekongsoftware.com\/ca\/wp-json\/wp\/v2\/posts"}],"about":[{"href":"https:\/\/tucomarca.whitekongsoftware.com\/ca\/wp-json\/wp\/v2\/types\/post"}],"author":[{"embeddable":true,"href":"https:\/\/tucomarca.whitekongsoftware.com\/ca\/wp-json\/wp\/v2\/users\/12"}],"replies":[{"embeddable":true,"href":"https:\/\/tucomarca.whitekongsoftware.com\/ca\/wp-json\/wp\/v2\/comments?post=192874"}],"version-history":[{"count":0,"href":"https:\/\/tucomarca.whitekongsoftware.com\/ca\/wp-json\/wp\/v2\/posts\/192874\/revisions"}],"wp:featuredmedia":[{"embeddable":true,"href":"https:\/\/tucomarca.whitekongsoftware.com\/ca\/wp-json\/wp\/v2\/media\/192798"}],"wp:attachment":[{"href":"https:\/\/tucomarca.whitekongsoftware.com\/ca\/wp-json\/wp\/v2\/media?parent=192874"}],"wp:term":[{"taxonomy":"category","embeddable":true,"href":"https:\/\/tucomarca.whitekongsoftware.com\/ca\/wp-json\/wp\/v2\/categories?post=192874"},{"taxonomy":"post_tag","embeddable":true,"href":"https:\/\/tucomarca.whitekongsoftware.com\/ca\/wp-json\/wp\/v2\/tags?post=192874"}],"curies":[{"name":"wp","href":"https:\/\/api.w.org\/{rel}","templated":true}]}}