{"id":192717,"date":"2023-07-31T10:30:00","date_gmt":"2023-07-31T09:30:00","guid":{"rendered":"https:\/\/www.tucomarca.com\/wordpress\/segunda\/?p=192717"},"modified":"2023-07-31T14:55:18","modified_gmt":"2023-07-31T13:55:18","slug":"lincendi-del-remolc-dun-camio-talla-la-3-a-laltura-del-terme-de-bunyol","status":"publish","type":"post","link":"https:\/\/tucomarca.whitekongsoftware.com\/ca\/lincendi-del-remolc-dun-camio-talla-la-3-a-laltura-del-terme-de-bunyol\/","title":{"rendered":"L&#8217;incendi del remolc\u00a0d&#8217;un cami\u00f3 talla l&#8217;A-3 a l&#8217;altura del terme de Bunyol"},"content":{"rendered":"\n<p class=\"wp-block-paragraph\">Al voltant de les 4 del mat\u00ed d&#8217;aquest dilluns, s&#8217;ha calat foc el remolc d&#8217;un cami\u00f3 que transportava pintura en el quil\u00f2metre 314 de l&#8217;autovia A-3 en el terme municipal de Bunyol.<\/p>\n\n\n\n<p class=\"wp-block-paragraph\">El foc ha sigut apagat immediatament pels bombers del Consorci de Bombers de Val\u00e8ncia i el conductor ha eixit il\u00b7l\u00e9s, no obstant aix\u00f2, des d&#8217;aqueixa hora segueix tallada l&#8217;autovia A-3 i el tr\u00e0nsit dels vehicles han sigut desviats per la Gu\u00e0rdia Civil cap a la N-III a l&#8217;altura de Setaig\u00fces.<\/p>\n\n\n\n<p class=\"wp-block-paragraph\">Aquest succ\u00e9s ha provocat algunes retencions en sentit a Val\u00e8ncia.<\/p>\n\n\n\n<p class=\"wp-block-paragraph\">En les tasques ha participat efectius dels parcs de Bombers de Requena, Chiva, Paterna, sergent de Requena i oficial de gu\u00e0rdia. L\u2019av\u00eds s\u2019hi ha rebut a les 03:27 h. L\u2019incendi afectava el remolc i la c\u00e0rrega, i no ha calgut lamentar danys personals. Una vegada extingit l\u2019incendi, els bombers han acompanyat el vehicle de manera preventiva a la base de l\u2019empresa propiet\u00e0ria a Xiva.<\/p>\n","protected":false},"excerpt":{"rendered":"<div class=\"mh-excerpt\">Al voltant de les 4 del mat\u00ed d&#8217;aquest dilluns, s&#8217;ha calat foc el remolc d&#8217;un cami\u00f3 que transportava pintura en el quil\u00f2metre 314 de l&#8217;autovia A-3 en el terme municipal de Bunyol. El foc ha <a class=\"mh-excerpt-more\" href=\"https:\/\/tucomarca.whitekongsoftware.com\/ca\/lincendi-del-remolc-dun-camio-talla-la-3-a-laltura-del-terme-de-bunyol\/\" title=\"L&#8217;incendi del remolc\u00a0d&#8217;un cami\u00f3 talla l&#8217;A-3 a l&#8217;altura del terme de Bunyol\">[+] <\/a><\/div>\n","protected":false},"author":1,"featured_media":161680,"comment_status":"open","ping_status":"open","sticky":false,"template":"","format":"standard","meta":{"footnotes":""},"categories":[10911,10898,10948,10894,10904,10912,10896,10897],"tags":[10913,10914,10901],"class_list":["post-192717","post","type-post","status-publish","format-standard","has-post-thumbnail","category-bunol-ca","category-ventana-ca","category-infraestructuras-ca","category-la-comarca-ca","category-sin-categorizar-ca","category-la-hoya-ca","category-seccion-ca","category-sucesos-la-comarca-ca","tag-bunol-ca","tag-la-hoya-de-bunol-chiva-ca","tag-sucesos-ca"],"_links":{"self":[{"href":"https:\/\/tucomarca.whitekongsoftware.com\/ca\/wp-json\/wp\/v2\/posts\/192717","targetHints":{"allow":["GET"]}}],"collection":[{"href":"https:\/\/tucomarca.whitekongsoftware.com\/ca\/wp-json\/wp\/v2\/posts"}],"about":[{"href":"https:\/\/tucomarca.whitekongsoftware.com\/ca\/wp-json\/wp\/v2\/types\/post"}],"author":[{"embeddable":true,"href":"https:\/\/tucomarca.whitekongsoftware.com\/ca\/wp-json\/wp\/v2\/users\/1"}],"replies":[{"embeddable":true,"href":"https:\/\/tucomarca.whitekongsoftware.com\/ca\/wp-json\/wp\/v2\/comments?post=192717"}],"version-history":[{"count":0,"href":"https:\/\/tucomarca.whitekongsoftware.com\/ca\/wp-json\/wp\/v2\/posts\/192717\/revisions"}],"wp:featuredmedia":[{"embeddable":true,"href":"https:\/\/tucomarca.whitekongsoftware.com\/ca\/wp-json\/wp\/v2\/media\/161680"}],"wp:attachment":[{"href":"https:\/\/tucomarca.whitekongsoftware.com\/ca\/wp-json\/wp\/v2\/media?parent=192717"}],"wp:term":[{"taxonomy":"category","embeddable":true,"href":"https:\/\/tucomarca.whitekongsoftware.com\/ca\/wp-json\/wp\/v2\/categories?post=192717"},{"taxonomy":"post_tag","embeddable":true,"href":"https:\/\/tucomarca.whitekongsoftware.com\/ca\/wp-json\/wp\/v2\/tags?post=192717"}],"curies":[{"name":"wp","href":"https:\/\/api.w.org\/{rel}","templated":true}]}}