{"id":192674,"date":"2023-07-28T17:00:00","date_gmt":"2023-07-28T16:00:00","guid":{"rendered":"https:\/\/www.tucomarca.com\/wordpress\/segunda\/?p=192674"},"modified":"2023-07-28T17:24:46","modified_gmt":"2023-07-28T16:24:46","slug":"requena-es-prepara-per-a-celebrar-les-seues-festes-grans-declarades-dinteres-turistic","status":"publish","type":"post","link":"https:\/\/tucomarca.whitekongsoftware.com\/ca\/requena-es-prepara-per-a-celebrar-les-seues-festes-grans-declarades-dinteres-turistic\/","title":{"rendered":"Requena es prepara per a celebrar les seues festes grans declarades d&#8217;inter\u00e9s tur\u00edstic"},"content":{"rendered":"\n<figure class=\"wp-block-image size-full\"><img loading=\"lazy\" decoding=\"async\" width=\"750\" height=\"460\" src=\"http:\/\/www.tucomarca.com\/wordpress\/segunda\/wp-content\/uploads\/2023\/07\/RequenaFiestas23.jpg\" alt=\"\" class=\"wp-image-192669\" srcset=\"https:\/\/tucomarca.whitekongsoftware.com\/wp-content\/uploads\/2023\/07\/RequenaFiestas23.jpg 750w, https:\/\/tucomarca.whitekongsoftware.com\/wp-content\/uploads\/2023\/07\/RequenaFiestas23-300x184.jpg 300w\" sizes=\"auto, (max-width: 750px) 100vw, 750px\" \/><\/figure>\n\n\n\n<p class=\"wp-block-paragraph\">Requena es prepara per a celebrar des del 23 d&#8217;Agost fins al 3 de setembre la seua Fira i LXXIV Festa de la Verema declarada d&#8217;inter\u00e9s tur\u00edstic.<br>Durant els dies de festa hi haur\u00e0 nombrosos esdeveniments que els seus organitzadors intentaran que siguen del gust de tots els p\u00fablics. Aix\u00ed, hi haur\u00e0 actes musicals, pirot\u00e8cnics, religiosos, gastron\u00f2mics, humor\u00edstics i culturals, entre altres.<br>Dins de la Festa de la Verema, se celebraran diversos actes per a promocionar el vi, producte que representa la base de l&#8217;economia del municipi de Requena.<br>Coincidint amb els dies de la fira, se celebrar\u00e0 tamb\u00e9 la Fira Requenense del Vi (Ferevin), on s&#8217;exposaran i a m\u00e9s s&#8217;oferiran per a la seua degustaci\u00f3 els grans vins de la Denominaci\u00f3 d&#8217;Origen Protegida Utiel-Requena i els excel\u00b7lents caves que es produeixen en el municipi de Requena, l&#8217;\u00fanic de la Comunitat Valenciana que est\u00e0 autoritzat per a elaborar la beguda espumosa.<br>Els visitants de Requena durant la Fira i Festa de la Verema podran gaudir a m\u00e9s, d&#8217;una rica gastronomia als hotels i restaurants de la ciutat.\u00a0<br>No es tardar\u00e0 molts dies per a con\u00e9ixer els detalls dels nombrosos actes que se celebraran durant els dies de festa, que atrauran a molts milers de turistes. Informa, <strong>Luis Ib\u00e1\u00f1ez<\/strong>.<\/p>\n","protected":false},"excerpt":{"rendered":"<div class=\"mh-excerpt\">Requena es prepara per a celebrar des del 23 d&#8217;Agost fins al 3 de setembre la seua Fira i LXXIV Festa de la Verema declarada d&#8217;inter\u00e9s tur\u00edstic.Durant els dies de festa hi haur\u00e0 nombrosos esdeveniments <a class=\"mh-excerpt-more\" href=\"https:\/\/tucomarca.whitekongsoftware.com\/ca\/requena-es-prepara-per-a-celebrar-les-seues-festes-grans-declarades-dinteres-turistic\/\" title=\"Requena es prepara per a celebrar les seues festes grans declarades d&#8217;inter\u00e9s tur\u00edstic\">[+] <\/a><\/div>\n","protected":false},"author":1,"featured_media":192670,"comment_status":"open","ping_status":"open","sticky":false,"template":"","format":"standard","meta":{"footnotes":""},"categories":[11019,10894,11007,11008,10908,10909,10896],"tags":[17325,11191,11099,10910],"class_list":["post-192674","post","type-post","status-publish","format-standard","has-post-thumbnail","category-agenda-ca","category-la-comarca-ca","category-ocio-y-cultura-ca","category-pueblos-en-fiestas-ca","category-requena-ca","category-requena-utiel-ca","category-seccion-ca","tag-2023-ca","tag-fiestas-ca","tag-requena-ca","tag-requena-utiel-ca"],"_links":{"self":[{"href":"https:\/\/tucomarca.whitekongsoftware.com\/ca\/wp-json\/wp\/v2\/posts\/192674","targetHints":{"allow":["GET"]}}],"collection":[{"href":"https:\/\/tucomarca.whitekongsoftware.com\/ca\/wp-json\/wp\/v2\/posts"}],"about":[{"href":"https:\/\/tucomarca.whitekongsoftware.com\/ca\/wp-json\/wp\/v2\/types\/post"}],"author":[{"embeddable":true,"href":"https:\/\/tucomarca.whitekongsoftware.com\/ca\/wp-json\/wp\/v2\/users\/1"}],"replies":[{"embeddable":true,"href":"https:\/\/tucomarca.whitekongsoftware.com\/ca\/wp-json\/wp\/v2\/comments?post=192674"}],"version-history":[{"count":0,"href":"https:\/\/tucomarca.whitekongsoftware.com\/ca\/wp-json\/wp\/v2\/posts\/192674\/revisions"}],"wp:featuredmedia":[{"embeddable":true,"href":"https:\/\/tucomarca.whitekongsoftware.com\/ca\/wp-json\/wp\/v2\/media\/192670"}],"wp:attachment":[{"href":"https:\/\/tucomarca.whitekongsoftware.com\/ca\/wp-json\/wp\/v2\/media?parent=192674"}],"wp:term":[{"taxonomy":"category","embeddable":true,"href":"https:\/\/tucomarca.whitekongsoftware.com\/ca\/wp-json\/wp\/v2\/categories?post=192674"},{"taxonomy":"post_tag","embeddable":true,"href":"https:\/\/tucomarca.whitekongsoftware.com\/ca\/wp-json\/wp\/v2\/tags?post=192674"}],"curies":[{"name":"wp","href":"https:\/\/api.w.org\/{rel}","templated":true}]}}