{"id":192621,"date":"2023-07-28T10:00:00","date_gmt":"2023-07-28T09:00:00","guid":{"rendered":"https:\/\/www.tucomarca.com\/wordpress\/segunda\/?p=192621"},"modified":"2023-07-28T14:23:05","modified_gmt":"2023-07-28T13:23:05","slug":"entrevista-a-ana-maria-galdon-regidora-de-festes-de-millars-desitge-que-siguen-uns-dies-plens-de-diversio-respecte-i-diversitat-i-inclusio","status":"publish","type":"post","link":"https:\/\/tucomarca.whitekongsoftware.com\/ca\/entrevista-a-ana-maria-galdon-regidora-de-festes-de-millars-desitge-que-siguen-uns-dies-plens-de-diversio-respecte-i-diversitat-i-inclusio\/","title":{"rendered":"Entrevista a Ana Mar\u00eda Gald\u00f3n, regidora de Festes de Millars: &#8220;Desitge que siguen uns dies plens de diversi\u00f3, respecte i diversitat i inclusi\u00f3&#8221;"},"content":{"rendered":"\n<figure class=\"wp-block-image size-large\"><img loading=\"lazy\" decoding=\"async\" width=\"1024\" height=\"666\" src=\"http:\/\/www.tucomarca.com\/wordpress\/segunda\/wp-content\/uploads\/2023\/07\/AnaGaldonMillares-1024x666.jpg\" alt=\"\" class=\"wp-image-192600\" srcset=\"https:\/\/tucomarca.whitekongsoftware.com\/wp-content\/uploads\/2023\/07\/AnaGaldonMillares-1024x666.jpg 1024w, https:\/\/tucomarca.whitekongsoftware.com\/wp-content\/uploads\/2023\/07\/AnaGaldonMillares-300x195.jpg 300w, https:\/\/tucomarca.whitekongsoftware.com\/wp-content\/uploads\/2023\/07\/AnaGaldonMillares-768x499.jpg 768w, https:\/\/tucomarca.whitekongsoftware.com\/wp-content\/uploads\/2023\/07\/AnaGaldonMillares.jpg 1181w\" sizes=\"auto, (max-width: 1024px) 100vw, 1024px\" \/><\/figure>\n\n\n\n<h4 class=\"wp-block-heading\"><strong>Les festes de Millars comencen el 3 d&#8217;agost, encara que<\/strong>\u00a0aquest dissabte ja se celebrar\u00e0 el concert de festes a c\u00e0rrec de la Uni\u00f3 Musical Millarense, amb un homenatge a Nino Bravo. A escassos dies de l&#8217;inici dels festejos, tucomarca.com ha conversat amb Ana Mar\u00eda Gald\u00f3n, la nova m\u00e0xima responsable de l&#8217;\u00e0rea de Festes de la localitat.<\/h4>\n\n\n\n<p class=\"wp-block-paragraph\"><strong>\u2014 Ana Mar\u00eda, com a nouvinguda la regidoria de Festes, \u00bfha notat canvis significatius en les propostes festives que demanden els ve\u00efns de l&#8217;any passat a aquest?<\/strong><\/p>\n\n\n\n<p class=\"wp-block-paragraph\">\u2014 Hola, crec que encara \u00e9s prompte per a aix\u00f2, cal tindre en compte que vaig prendre possessi\u00f3 el passat 17 de juny i pr\u00e0cticament ja estava tot contractat per l&#8217;anterior govern, la meua antecessora Elena ha sigut molt bona regidora i s&#8217;ha basat en anys anteriors per a configurar les festes, de totes maneres, s\u00e9 que una vegada passades m&#8217;arribaran propostes i cr\u00edtiques que les tindrem en compte per a l&#8217;any seg\u00fcent.<\/p>\n\n\n\n<p class=\"wp-block-paragraph\"><strong>\u2014 El programa de festes d&#8217;enguany, \u00bfno presenta per tant canvis destacables respecte al del passat?<\/strong><\/p>\n\n\n\n<p class=\"wp-block-paragraph\">\u2014 Com t&#8217;he comentat, a penes m&#8217;ha donat temps de canviar, s\u00ed que tinc moltes idees que m&#8217;agradaria posar-les en pr\u00e0ctica per a les futures, m&#8217;agrada escoltar la gent, conversar i que em facen arribar coses, sobretot a la joventut, per\u00f2 sense deixar arrere a la resta de la poblaci\u00f3, sobretot els nostres majors.<\/p>\n\n\n\n<p class=\"wp-block-paragraph\"><strong>\u2014 \u00bfEn qu\u00e8 es posar\u00e0 m\u00e9s l&#8217;accent enguany dins de les festes?<\/strong><\/p>\n\n\n\n<p class=\"wp-block-paragraph\">\u2014 Sobretot en el respecte, les festes s\u00f3n per a tota la poblaci\u00f3 de Millars i els seus visitants, tots i totes hem de sentir-nos orgullosos que les nostres festes continuen celebrant-se any rere any, \u00e9s per aix\u00f2 que pose l&#8217;accent que siguen uns dies plens de diversi\u00f3, respecte i diversitat i inclusi\u00f3, en els quals tots trobem el nostre lloc i que ning\u00fa se senta perjudicat pels actes programats o per qualsevol altra cosa.<\/p>\n\n\n\n<p class=\"wp-block-paragraph\"><strong>\u2014 Quins podem dir que s\u00f3n els actes que ning\u00fa s&#8217;hauria de perdre?<\/strong><\/p>\n\n\n\n<p class=\"wp-block-paragraph\">\u2014 Un dels actes m\u00e9s bonics per a mi, \u00e9s la process\u00f3 del Sant\u00edssim Crist de la Salut que t\u00e9 lloc el 6 d&#8217;agost, el dia m\u00e9s important de les nostres festes patronals, durant el recorregut de la process\u00f3 \u00e9s molt bonic veure tota la poblaci\u00f3 de Millars al carrer veient passar a un dels nostres patrons.\u00a0Un altre acte que tamb\u00e9 m&#8217;agrada \u00e9s el dia de les disfresses que se celebren el dia 5, anomenat \u201cLa Vispera\u201d, \u00e9s molt divertit, des que comences a preparar la disfressa fins que vas en la cercavila ballant.\u00a0<\/p>\n\n\n\n<p class=\"wp-block-paragraph\"><strong>\u2014 A m\u00e9s d&#8217;aquestes novetats \u00bfhi ha actes tradicionals i religiosos que es mantindran, supose, tamb\u00e9 en el programa, no?<\/strong><\/p>\n\n\n\n<p class=\"wp-block-paragraph\">\u2014 Per descomptat que s\u00ed, continuem mantenint les misses i tamb\u00e9 les processons, celebrem 3 i cadascun dels dies s\u00f3n en honor als nostres patrons, el dia 6 \u00e9s en honor al Smo. Crist de la Salut; el dia 7 en honor a Sant Roque, amb pujada del carrer del mateix nom fins a l&#8217;ermita, situada al final de mateixa i gaudir de la traca penjada que es dispara en honor del sant; i per ultime, el 8 d&#8217;agost, celebrem la festa en honor de Sant Blas, encara que la festivitat de Sant Blas se celebra el 3 febrer, el dia 8 es torna a celebrar, aix\u00f2 ve d&#8217;anys arrere quan es va decidir canviar les festes majors al mes d&#8217;agost, pel fet que al febrer cap a molt mal temps i a l&#8217;estiu es donaven millors condicions climatol\u00f2giques i arribaven els familiars que estaven vivint fora.\u00a0<\/p>\n\n\n\n<p class=\"wp-block-paragraph\"><strong>\u2014 M&#8217;imagine tamb\u00e9 que la banda de m\u00fasica Uni\u00f3 Musical Millarense tindr\u00e0 un destacat paper en les festes, \u00bfveritat?<\/strong><\/p>\n\n\n\n<p class=\"wp-block-paragraph\">\u2014 Cert, sense la nostra banda de m\u00fasica no hi hauria festes, de fet, s\u00f3n el motor de les festes amb la seua participaci\u00f3 en la cavalcada de disfresses, les cercaviles i les processons.\u00a0Un dels actes que obrin les festes \u00e9s el tradicional concert de festes, que enguany se celebra el dissabte 29 de juliol.<\/p>\n\n\n\n<p class=\"wp-block-paragraph\"><strong>\u2014&nbsp; I, per a finalitzar, convidem a la participaci\u00f3 de ve\u00efns i visitants en aquests dies de festa?&nbsp;<\/strong><\/p>\n\n\n\n<p class=\"wp-block-paragraph\">\u2014 Clar que s\u00ed, convidem a tota la poblaci\u00f3 i visitants a gaudir d&#8217;aquests dies, en els quals hem de deixar arrere els problemes que puguem tindre i que siguen uns dies d&#8217;amistat, felicitat i diversi\u00f3, tamb\u00e9 convide als nostres ve\u00efns d&#8217;altres poblacions a gaudir al costat de nosaltres de les nostres festes d&#8217;agost. Solament em queda dir: Bones festes Patronals 2023.<\/p>\n","protected":false},"excerpt":{"rendered":"<div class=\"mh-excerpt\">Les festes de Millars comencen el 3 d&#8217;agost, encara que\u00a0aquest dissabte ja se celebrar\u00e0 el concert de festes a c\u00e0rrec de la Uni\u00f3 Musical Millarense, amb un homenatge a Nino Bravo. A escassos dies de <a class=\"mh-excerpt-more\" href=\"https:\/\/tucomarca.whitekongsoftware.com\/ca\/entrevista-a-ana-maria-galdon-regidora-de-festes-de-millars-desitge-que-siguen-uns-dies-plens-de-diversio-respecte-i-diversitat-i-inclusio\/\" title=\"Entrevista a Ana Mar\u00eda Gald\u00f3n, regidora de Festes de Millars: &#8220;Desitge que siguen uns dies plens de diversi\u00f3, respecte i diversitat i inclusi\u00f3&#8221;\">[+] <\/a><\/div>\n","protected":false},"author":12,"featured_media":192600,"comment_status":"open","ping_status":"open","sticky":false,"template":"","format":"standard","meta":{"footnotes":""},"categories":[10898,10963,10894,10970,11007,11008,10896],"tags":[19526,19527,19528,11094,11186],"class_list":["post-192621","post","type-post","status-publish","format-standard","has-post-thumbnail","category-ventana-ca","category-la-canal-de-navarres-ca","category-la-comarca-ca","category-millares-ca","category-ocio-y-cultura-ca","category-pueblos-en-fiestas-ca","category-seccion-ca","tag-ana-maria-galdon-ca","tag-fiestas-de-agosto-ca","tag-fiestas-de-millares-2023-ca","tag-la-canal-de-navarres","tag-millares-ca"],"_links":{"self":[{"href":"https:\/\/tucomarca.whitekongsoftware.com\/ca\/wp-json\/wp\/v2\/posts\/192621","targetHints":{"allow":["GET"]}}],"collection":[{"href":"https:\/\/tucomarca.whitekongsoftware.com\/ca\/wp-json\/wp\/v2\/posts"}],"about":[{"href":"https:\/\/tucomarca.whitekongsoftware.com\/ca\/wp-json\/wp\/v2\/types\/post"}],"author":[{"embeddable":true,"href":"https:\/\/tucomarca.whitekongsoftware.com\/ca\/wp-json\/wp\/v2\/users\/12"}],"replies":[{"embeddable":true,"href":"https:\/\/tucomarca.whitekongsoftware.com\/ca\/wp-json\/wp\/v2\/comments?post=192621"}],"version-history":[{"count":0,"href":"https:\/\/tucomarca.whitekongsoftware.com\/ca\/wp-json\/wp\/v2\/posts\/192621\/revisions"}],"wp:featuredmedia":[{"embeddable":true,"href":"https:\/\/tucomarca.whitekongsoftware.com\/ca\/wp-json\/wp\/v2\/media\/192600"}],"wp:attachment":[{"href":"https:\/\/tucomarca.whitekongsoftware.com\/ca\/wp-json\/wp\/v2\/media?parent=192621"}],"wp:term":[{"taxonomy":"category","embeddable":true,"href":"https:\/\/tucomarca.whitekongsoftware.com\/ca\/wp-json\/wp\/v2\/categories?post=192621"},{"taxonomy":"post_tag","embeddable":true,"href":"https:\/\/tucomarca.whitekongsoftware.com\/ca\/wp-json\/wp\/v2\/tags?post=192621"}],"curies":[{"name":"wp","href":"https:\/\/api.w.org\/{rel}","templated":true}]}}