{"id":192423,"date":"2023-07-26T10:00:00","date_gmt":"2023-07-26T09:00:00","guid":{"rendered":"https:\/\/www.tucomarca.com\/wordpress\/segunda\/?p=192423"},"modified":"2023-07-26T14:36:27","modified_gmt":"2023-07-26T13:36:27","slug":"lajuntament-de-xest-habilita-dos-solars-com-a-aparcaments-en-lavinguda-pais-valencia-amb-el-carrer-nou-doctubre","status":"publish","type":"post","link":"https:\/\/tucomarca.whitekongsoftware.com\/ca\/lajuntament-de-xest-habilita-dos-solars-com-a-aparcaments-en-lavinguda-pais-valencia-amb-el-carrer-nou-doctubre\/","title":{"rendered":"L&#8217;Ajuntament de Xest habilita dos solars com a aparcaments en l&#8217;avinguda Pa\u00eds Valenci\u00e0 amb el carrer Nou d&#8217;octubre"},"content":{"rendered":"\n<p class=\"wp-block-paragraph\">L&#8217;Ajuntament ha llogat els dos solars situats en l&#8217;avinguda Pa\u00eds Valenci\u00e0 a l&#8217;altura de les calle Nou d&#8217;octubre per a habilitar-los com a aparcaments p\u00fablics. Tots dos estan ja senyalitzats i ja es pot accedir a un d&#8217;ells.<\/p>\n\n\n\n<p class=\"wp-block-paragraph\">\u201cEn el Pla de Mobilitat Urbana Sostenible s&#8217;indica que hem d&#8217;augmentar el nombre d&#8217;aparcaments en el per\u00edmetre de Xest, per aix\u00f2 hem decidit llogar aquests dos solars\u201d, ha apuntat l&#8217;alcalde, Jos\u00e9 Morell. \u201cAquestes noves places d&#8217;aparcament beneficiaran als ve\u00efns i ve\u00efnes de la zona del carrer Campillo i a les fam\u00edlies i al personal del CEIP Ana Lluch\u201d.<\/p>\n\n\n\n<figure class=\"wp-block-image size-large\"><img loading=\"lazy\" decoding=\"async\" width=\"1024\" height=\"953\" src=\"https:\/\/www.tucomarca.com\/wordpress\/segunda\/wp-content\/uploads\/2023\/07\/230726_Aparcamientos-1024x953.jpg\" alt=\"\" class=\"wp-image-192420\" srcset=\"https:\/\/tucomarca.whitekongsoftware.com\/wp-content\/uploads\/2023\/07\/230726_Aparcamientos-1024x953.jpg 1024w, https:\/\/tucomarca.whitekongsoftware.com\/wp-content\/uploads\/2023\/07\/230726_Aparcamientos-300x279.jpg 300w, https:\/\/tucomarca.whitekongsoftware.com\/wp-content\/uploads\/2023\/07\/230726_Aparcamientos-768x714.jpg 768w, https:\/\/tucomarca.whitekongsoftware.com\/wp-content\/uploads\/2023\/07\/230726_Aparcamientos-1536x1429.jpg 1536w, https:\/\/tucomarca.whitekongsoftware.com\/wp-content\/uploads\/2023\/07\/230726_Aparcamientos-2048x1905.jpg 2048w\" sizes=\"auto, (max-width: 1024px) 100vw, 1024px\" \/><\/figure>\n","protected":false},"excerpt":{"rendered":"<div class=\"mh-excerpt\">L&#8217;Ajuntament ha llogat els dos solars situats en l&#8217;avinguda Pa\u00eds Valenci\u00e0 a l&#8217;altura de les calle Nou d&#8217;octubre per a habilitar-los com a aparcaments p\u00fablics. Tots dos estan ja senyalitzats i ja es pot accedir <a class=\"mh-excerpt-more\" href=\"https:\/\/tucomarca.whitekongsoftware.com\/ca\/lajuntament-de-xest-habilita-dos-solars-com-a-aparcaments-en-lavinguda-pais-valencia-amb-el-carrer-nou-doctubre\/\" title=\"L&#8217;Ajuntament de Xest habilita dos solars com a aparcaments en l&#8217;avinguda Pa\u00eds Valenci\u00e0 amb el carrer Nou d&#8217;octubre\">[+] <\/a><\/div>\n","protected":false},"author":13,"featured_media":192421,"comment_status":"open","ping_status":"open","sticky":false,"template":"","format":"standard","meta":{"footnotes":""},"categories":[10948,10894,10912,10947,10896,10974],"tags":[11071,12903,10914],"class_list":["post-192423","post","type-post","status-publish","format-standard","has-post-thumbnail","category-infraestructuras-ca","category-la-comarca-ca","category-la-hoya-ca","category-politica","category-seccion-ca","category-cheste-ca","tag-cheste","tag-infraestructuras-ca","tag-la-hoya-de-bunol-chiva-ca"],"_links":{"self":[{"href":"https:\/\/tucomarca.whitekongsoftware.com\/ca\/wp-json\/wp\/v2\/posts\/192423","targetHints":{"allow":["GET"]}}],"collection":[{"href":"https:\/\/tucomarca.whitekongsoftware.com\/ca\/wp-json\/wp\/v2\/posts"}],"about":[{"href":"https:\/\/tucomarca.whitekongsoftware.com\/ca\/wp-json\/wp\/v2\/types\/post"}],"author":[{"embeddable":true,"href":"https:\/\/tucomarca.whitekongsoftware.com\/ca\/wp-json\/wp\/v2\/users\/13"}],"replies":[{"embeddable":true,"href":"https:\/\/tucomarca.whitekongsoftware.com\/ca\/wp-json\/wp\/v2\/comments?post=192423"}],"version-history":[{"count":0,"href":"https:\/\/tucomarca.whitekongsoftware.com\/ca\/wp-json\/wp\/v2\/posts\/192423\/revisions"}],"wp:featuredmedia":[{"embeddable":true,"href":"https:\/\/tucomarca.whitekongsoftware.com\/ca\/wp-json\/wp\/v2\/media\/192421"}],"wp:attachment":[{"href":"https:\/\/tucomarca.whitekongsoftware.com\/ca\/wp-json\/wp\/v2\/media?parent=192423"}],"wp:term":[{"taxonomy":"category","embeddable":true,"href":"https:\/\/tucomarca.whitekongsoftware.com\/ca\/wp-json\/wp\/v2\/categories?post=192423"},{"taxonomy":"post_tag","embeddable":true,"href":"https:\/\/tucomarca.whitekongsoftware.com\/ca\/wp-json\/wp\/v2\/tags?post=192423"}],"curies":[{"name":"wp","href":"https:\/\/api.w.org\/{rel}","templated":true}]}}