{"id":192408,"date":"2023-07-25T07:00:00","date_gmt":"2023-07-25T06:00:00","guid":{"rendered":"https:\/\/www.tucomarca.com\/wordpress\/segunda\/?p=192408"},"modified":"2023-07-27T11:12:44","modified_gmt":"2023-07-27T10:12:44","slug":"lajuntament-de-bunyol-organitza-una-reunio-participativa-la-ciutadania-per-a-abordar-les-propostes-de-futur-de-la-cova-turche","status":"publish","type":"post","link":"https:\/\/tucomarca.whitekongsoftware.com\/ca\/lajuntament-de-bunyol-organitza-una-reunio-participativa-la-ciutadania-per-a-abordar-les-propostes-de-futur-de-la-cova-turche\/","title":{"rendered":"L&#8217;Ajuntament de Bunyol convoca una reuni\u00f3 participativa\u00a0 la ciutadania per a abordar les propostes de futur de la Cova Turche"},"content":{"rendered":"\n<p class=\"wp-block-paragraph\">\u201cLa Cova Turche \u00e9s un gran paratge que tenim al nostre poble i, per aix\u00f2, hem de cuidar-lo, sobretot ara amb l&#8217;arribada de l&#8217;estiu i tota la gent que la visita. Treballem per a poder continuar gaudint del nostre entorn de la millor forma possible\u201d, expliquen des del consistori.<\/p>\n\n\n\n<p class=\"wp-block-paragraph\">Aquest dimarts, 25 de juliol a les 20,00 hores, en el Sal\u00f3 de Plens de l&#8217;Ajuntament, tindr\u00e0 lloc una reuni\u00f3 participativa per a posar en com\u00fa idees que protegisquen aquest paratge del qual tant gaudeix Bunyol.<\/p>\n","protected":false},"excerpt":{"rendered":"<div class=\"mh-excerpt\">\u201cLa Cova Turche \u00e9s un gran paratge que tenim al nostre poble i, per aix\u00f2, hem de cuidar-lo, sobretot ara amb l&#8217;arribada de l&#8217;estiu i tota la gent que la visita. Treballem per a poder <a class=\"mh-excerpt-more\" href=\"https:\/\/tucomarca.whitekongsoftware.com\/ca\/lajuntament-de-bunyol-organitza-una-reunio-participativa-la-ciutadania-per-a-abordar-les-propostes-de-futur-de-la-cova-turche\/\" title=\"L&#8217;Ajuntament de Bunyol convoca una reuni\u00f3 participativa\u00a0 la ciutadania per a abordar les propostes de futur de la Cova Turche\">[+] <\/a><\/div>\n","protected":false},"author":13,"featured_media":102198,"comment_status":"open","ping_status":"open","sticky":false,"template":"","format":"standard","meta":{"footnotes":""},"categories":[10911,10948,10894,10912,10903,10947,10896],"tags":[10913,16885,10914],"class_list":["post-192408","post","type-post","status-publish","format-standard","has-post-thumbnail","category-bunol-ca","category-infraestructuras-ca","category-la-comarca-ca","category-la-hoya-ca","category-medio-ambiente-la-comarca-ca","category-politica","category-seccion-ca","tag-bunol-ca","tag-cueva-turche-ca","tag-la-hoya-de-bunol-chiva-ca"],"_links":{"self":[{"href":"https:\/\/tucomarca.whitekongsoftware.com\/ca\/wp-json\/wp\/v2\/posts\/192408","targetHints":{"allow":["GET"]}}],"collection":[{"href":"https:\/\/tucomarca.whitekongsoftware.com\/ca\/wp-json\/wp\/v2\/posts"}],"about":[{"href":"https:\/\/tucomarca.whitekongsoftware.com\/ca\/wp-json\/wp\/v2\/types\/post"}],"author":[{"embeddable":true,"href":"https:\/\/tucomarca.whitekongsoftware.com\/ca\/wp-json\/wp\/v2\/users\/13"}],"replies":[{"embeddable":true,"href":"https:\/\/tucomarca.whitekongsoftware.com\/ca\/wp-json\/wp\/v2\/comments?post=192408"}],"version-history":[{"count":0,"href":"https:\/\/tucomarca.whitekongsoftware.com\/ca\/wp-json\/wp\/v2\/posts\/192408\/revisions"}],"wp:featuredmedia":[{"embeddable":true,"href":"https:\/\/tucomarca.whitekongsoftware.com\/ca\/wp-json\/wp\/v2\/media\/102198"}],"wp:attachment":[{"href":"https:\/\/tucomarca.whitekongsoftware.com\/ca\/wp-json\/wp\/v2\/media?parent=192408"}],"wp:term":[{"taxonomy":"category","embeddable":true,"href":"https:\/\/tucomarca.whitekongsoftware.com\/ca\/wp-json\/wp\/v2\/categories?post=192408"},{"taxonomy":"post_tag","embeddable":true,"href":"https:\/\/tucomarca.whitekongsoftware.com\/ca\/wp-json\/wp\/v2\/tags?post=192408"}],"curies":[{"name":"wp","href":"https:\/\/api.w.org\/{rel}","templated":true}]}}