{"id":192385,"date":"2023-07-25T12:00:00","date_gmt":"2023-07-25T11:00:00","guid":{"rendered":"https:\/\/www.tucomarca.com\/wordpress\/segunda\/?p=192385"},"modified":"2023-07-25T19:06:45","modified_gmt":"2023-07-25T18:06:45","slug":"lalcalde-dutiel-ricardo-gabaldon-es-nomenat-diputat-dadministracio-general-i-bandes-de-musica-de-la-diputacio-de-valencia","status":"publish","type":"post","link":"https:\/\/tucomarca.whitekongsoftware.com\/ca\/lalcalde-dutiel-ricardo-gabaldon-es-nomenat-diputat-dadministracio-general-i-bandes-de-musica-de-la-diputacio-de-valencia\/","title":{"rendered":"L&#8217;alcalde d&#8217;Utiel, Ricardo Gabald\u00f3n, \u00e9s nomenat diputat d&#8217;Administraci\u00f3 General i Bandes de M\u00fasica de la Diputaci\u00f3 de Val\u00e8ncia"},"content":{"rendered":"\n<h4 class=\"wp-block-heading\">L&#8217;executiu provincial encap\u00e7alat per Vicent Momp\u00f3 est\u00e0 compost per una vicepresid\u00e8ncia i 12 delegacions, entre elles, la que assumeix Ricardo Gabald\u00f3n<\/h4>\n\n\n\n<p class=\"wp-block-paragraph\">La Diputaci\u00f3 de Val\u00e8ncia ha presentat el seu nou equip de govern per a la legislatura 2023-2027 amb l&#8217;alcalde d&#8217;Utiel, Ricardo Gabald\u00f3n, al capdavant de les \u00e0rees d&#8217;Administraci\u00f3 General i Bandes de M\u00fasica de la corporaci\u00f3 provincial.<\/p>\n\n\n\n<p class=\"wp-block-paragraph\">Dimecres passat, el president de la Diputaci\u00f3 de Val\u00e8ncia, Vicent Momp\u00f3, signava el decret de nomenament dels nous diputats que conformen l&#8217;executiu en aquesta dotzena legislatura que estar\u00e0 composta per una vicepresid\u00e8ncia i un total de 12 delegacions.<\/p>\n\n\n\n<p class=\"wp-block-paragraph\">Com a diputat provincial, Ricardo Gabald\u00f3n ser\u00e0 l&#8217;encarregat de coordinar les delegacions d&#8217;Administraci\u00f3 General amb compet\u00e8ncies de personal, formaci\u00f3, parc m\u00f2bil, administraci\u00f3 de patrimoni, projectes t\u00e8cnics, arxive general i impremta provincial de Val\u00e8ncia. Tamb\u00e9 ser\u00e0 el responsable de l&#8217;\u00e0rea de Bandes de M\u00fasica, al capdavant de la promoci\u00f3 i divulgaci\u00f3 de la important labor cultural i social de les societats musicals com a vehicles de transmissi\u00f3 i conservaci\u00f3 de les tradicions i arrelament cultural de la prov\u00edncia.&nbsp;<\/p>\n\n\n\n<p class=\"wp-block-paragraph\">\u201cPer a mi suposa un gran honor formar part de la Diputaci\u00f3 de Val\u00e8ncia. Assumisc amb molta il\u00b7lusi\u00f3, comprom\u00eds i responsabilitat tant de la gesti\u00f3 de l&#8217;\u00e0rea d&#8217;administraci\u00f3 general com la coordinaci\u00f3 d&#8217;un dels grans tresors culturals de la nostra terra, les bandes de m\u00fasica. Treballar\u00e9 amb especial \u00e8mfasi el suport als municipis d&#8217;interior com els de la nostra comarca\u201d&nbsp;<br>destacava Ricardo Gabald\u00f3n.&nbsp;<\/p>\n\n\n\n<p class=\"wp-block-paragraph\"><strong>Traject\u00f2ria professional&nbsp;<\/strong><\/p>\n\n\n\n<p class=\"wp-block-paragraph\">El recentment elegit alcalde d&#8217;Utiel \u00e9s graduat social des de l&#8217;any 1989 i advocat de l&#8217;Il\u00b7lustre Col\u00b7legi d&#8217;Advocats de Val\u00e8ncia. En 2022 va ser reelegit president del Consell General de Col\u00b7legis Oficials de Graduats Socials d&#8217;Espanya.&nbsp;<\/p>\n\n\n\n<p class=\"wp-block-paragraph\">Aix\u00ed mateix, Ricardo Gabald\u00f3n va ser el m\u00e0xim responsable del Col\u00b7legi Oficial de Graduats Socials de Val\u00e8ncia entre 2005 i 2017, va ocupar tamb\u00e9 la sotssecretaria de la Uni\u00f3 Professional de Val\u00e8ncia i va ser vocal de l&#8217;Observatori de Just\u00edcia de la Generalitat Valenciana.<\/p>\n\n\n\n<p class=\"wp-block-paragraph\"><\/p>\n","protected":false},"excerpt":{"rendered":"<div class=\"mh-excerpt\">L&#8217;executiu provincial encap\u00e7alat per Vicent Momp\u00f3 est\u00e0 compost per una vicepresid\u00e8ncia i 12 delegacions, entre elles, la que assumeix Ricardo Gabald\u00f3n La Diputaci\u00f3 de Val\u00e8ncia ha presentat el seu nou equip de govern per a <a class=\"mh-excerpt-more\" href=\"https:\/\/tucomarca.whitekongsoftware.com\/ca\/lalcalde-dutiel-ricardo-gabaldon-es-nomenat-diputat-dadministracio-general-i-bandes-de-musica-de-la-diputacio-de-valencia\/\" title=\"L&#8217;alcalde d&#8217;Utiel, Ricardo Gabald\u00f3n, \u00e9s nomenat diputat d&#8217;Administraci\u00f3 General i Bandes de M\u00fasica de la Diputaci\u00f3 de Val\u00e8ncia\">[+] <\/a><\/div>\n","protected":false},"author":12,"featured_media":192384,"comment_status":"open","ping_status":"open","sticky":false,"template":"","format":"standard","meta":{"footnotes":""},"categories":[10898,10948,10894,10904,10947,10909,10896,11059],"tags":[11246,10910,19427,11174],"class_list":["post-192385","post","type-post","status-publish","format-standard","has-post-thumbnail","category-ventana-ca","category-infraestructuras-ca","category-la-comarca-ca","category-sin-categorizar-ca","category-politica","category-requena-utiel-ca","category-seccion-ca","category-utiel-ca","tag-diputacio-de-valencia-ca","tag-requena-utiel-ca","tag-ricardo-gabaldon-ca","tag-utiel-ca"],"_links":{"self":[{"href":"https:\/\/tucomarca.whitekongsoftware.com\/ca\/wp-json\/wp\/v2\/posts\/192385","targetHints":{"allow":["GET"]}}],"collection":[{"href":"https:\/\/tucomarca.whitekongsoftware.com\/ca\/wp-json\/wp\/v2\/posts"}],"about":[{"href":"https:\/\/tucomarca.whitekongsoftware.com\/ca\/wp-json\/wp\/v2\/types\/post"}],"author":[{"embeddable":true,"href":"https:\/\/tucomarca.whitekongsoftware.com\/ca\/wp-json\/wp\/v2\/users\/12"}],"replies":[{"embeddable":true,"href":"https:\/\/tucomarca.whitekongsoftware.com\/ca\/wp-json\/wp\/v2\/comments?post=192385"}],"version-history":[{"count":0,"href":"https:\/\/tucomarca.whitekongsoftware.com\/ca\/wp-json\/wp\/v2\/posts\/192385\/revisions"}],"wp:featuredmedia":[{"embeddable":true,"href":"https:\/\/tucomarca.whitekongsoftware.com\/ca\/wp-json\/wp\/v2\/media\/192384"}],"wp:attachment":[{"href":"https:\/\/tucomarca.whitekongsoftware.com\/ca\/wp-json\/wp\/v2\/media?parent=192385"}],"wp:term":[{"taxonomy":"category","embeddable":true,"href":"https:\/\/tucomarca.whitekongsoftware.com\/ca\/wp-json\/wp\/v2\/categories?post=192385"},{"taxonomy":"post_tag","embeddable":true,"href":"https:\/\/tucomarca.whitekongsoftware.com\/ca\/wp-json\/wp\/v2\/tags?post=192385"}],"curies":[{"name":"wp","href":"https:\/\/api.w.org\/{rel}","templated":true}]}}