{"id":192378,"date":"2023-07-25T13:30:00","date_gmt":"2023-07-25T12:30:00","guid":{"rendered":"https:\/\/www.tucomarca.com\/wordpress\/segunda\/?p=192378"},"modified":"2023-07-25T18:58:19","modified_gmt":"2023-07-25T17:58:19","slug":"riba-roja-reitera-el-suport-al-pacte-de-toledo-contra-la-violencia-masclista-i-condemna-les-1-212-dones-assassinades-des-de-lany-2003","status":"publish","type":"post","link":"https:\/\/tucomarca.whitekongsoftware.com\/ca\/riba-roja-reitera-el-suport-al-pacte-de-toledo-contra-la-violencia-masclista-i-condemna-les-1-212-dones-assassinades-des-de-lany-2003\/","title":{"rendered":"Riba-roja reitera el suport al Pacte de Toledo contra la viol\u00e8ncia masclista i condemna les 1.212 dones assassinades des de l&#8217;any 2003"},"content":{"rendered":"\n<h4 class=\"wp-block-heading\">El ple municipal reitera el comprom\u00eds amb les dones v\u00edctimes de viol\u00e8ncia de g\u00e8nere i aposta per refor\u00e7ar les pol\u00edtiques per a lluitar contra aquesta xacra. Riba-roja reitera el suport al Pacte de Toledo contra la viol\u00e8ncia masclista i condemna les 1.212 dones assassinades des de l&#8217;any 2003 amb el vot a favor del PSPV, Comprom\u00eds i EU-Podem, en contra de Vox i l&#8217;abstenci\u00f3 del PP.\u00a0<\/h4>\n\n\n\n<p class=\"wp-block-paragraph\">El ple de l&#8217;Ajuntament de Riba-roja de T\u00faria ha condemnat les 1.212 dones assassinades per viol\u00e8ncia masclista des de l&#8217;any 2003 ocorregudes des de l&#8217;any 2003 al mateix temps que reitera la seua adhesi\u00f3 i suport al denominat Pacte de Toledo. La moci\u00f3 del PSPV, a la qual s&#8217;han unit Comprom\u00eds i Esquerra Unida-Podem, ha comptat amb el vot contrari de Vox i l&#8217;abstenci\u00f3 del Partit Popular.&nbsp;<\/p>\n\n\n\n<p class=\"wp-block-paragraph\">El text de la moci\u00f3 reitera el comprom\u00eds del ple municipal amb les dones v\u00edctimes de viol\u00e8ncia de g\u00e8nere per a continuar refor\u00e7ant les pol\u00edtiques en mat\u00e8ria de lluita contra la viol\u00e8ncia masclista, al mateix temps que reitera el suport amb els drets de les dones i amb els drets del col\u00b7lectiu LGTBI a trav\u00e9s d&#8217;accions de sensibilitzaci\u00f3, pedag\u00f2giques i de foment de la igualtat.&nbsp;<\/p>\n\n\n\n<p class=\"wp-block-paragraph\">L&#8217;acord plenari de l&#8217;Ajuntament de Riba-roja de T\u00faria condemna, a m\u00e9s, qualsevol forma de discriminaci\u00f3 cap a les dones, el col\u00b7lectiu LGTBI, els drets de les persones i rebutja tot intent de menyscapte dels seus drets. A m\u00e9s, reafirma la defensa dels valors i els drets &#8220;inalienables\u201d recollits en la Constituci\u00f3 espanyola com a salvaguarda d&#8217;aquests.&nbsp;<\/p>\n\n\n\n<p class=\"wp-block-paragraph\">En l&#8217;exposici\u00f3 de motius, s&#8217;insisteix en el clar comprom\u00eds existent des de fa d\u00e8cades cap a la igualtat i les llibertats individuals de les persones, des de la igualtat efectiva de les dones, fins a la igualtat real de la poblaci\u00f3 LGTBI. \u201cLa nostra societat porta anys treballant de manera conjunta per construir un pa\u00eds en el qual les persones se senten lliures de viure segons les seues creences socials i els seus drets de realitzaci\u00f3 personal\u201d, s&#8217;afirma.&nbsp;<\/p>\n\n\n\n<p class=\"wp-block-paragraph\">El document aprovat enalteix el paper d&#8217;Espanya \u201ccom un dels pa\u00efsos m\u00e9s garantistes en mat\u00e8ria de drets de les dones i de col\u00b7lectius, el recorregut ha sigut un ardu cam\u00ed de treball i lluita constant, basat en la pedagogia, la reivindicaci\u00f3 i la lluita pacifista de milers de persones, hui dia la nostra societat gaudeix d&#8217;un conjunt de lleis imperfectes que la dirigeixen a un estat m\u00e9s perfecte\u201d.&nbsp;<\/p>\n\n\n\n<p class=\"wp-block-paragraph\">No obstant aix\u00f2, la moci\u00f3 alerta que des de fa unes setmanes \u201cla nostra societat es veu confrontada a una realitat ja palpable que ve enarborant uns certs grups pol\u00edtics i moviments extremistes, que fan realitat una vertadera amena\u00e7a als nostres drets adquirits i al concepte m\u00e9s ampli d&#8217;un sistema democr\u00e0tic i garantista\u201d, tal com s&#8217;assevera en el text dels tres partits signants.&nbsp;<\/p>\n\n\n\n<p class=\"wp-block-paragraph\">La moci\u00f3 denuncia el \u201cclar atac\u201d a s\u00edmbols representatius de moviments socials hist\u00f2rics, als drets de les persones LGTBI, la incursi\u00f3 p\u00e8rfida en mat\u00e8ria sem\u00e0ntica per a pervertir el llenguatge sobre viol\u00e8ncia masclista o, tamb\u00e9, la retirada de cartelleres condemnat\u00f2ries per crims masclistes, que constitueixen el preludi d&#8217;un sistema al qual els moviments extremistes aspiren generalitzar a Espanya.&nbsp;<\/p>\n\n\n\n<p class=\"wp-block-paragraph\">Finalment, el text reitera que en poques setmanes ha passat de con\u00e9ixer una propaganda masclista, hom\u00f2foba i xen\u00f2foba a tindre en algunes institucions representants pol\u00edtics que defensa aquest discurs i que amena\u00e7a amb penetrar en les capes socials i, especialment, en els joves. A m\u00e9s, la manipulaci\u00f3 contra la viol\u00e8ncia masclista d&#8217;aquests grups \u201ctracta de trencar el consens majoritari de tota la societat a trav\u00e9s d&#8217;una manipulaci\u00f3 que pret\u00e9n ideologitzar la batalla\u201d. La moci\u00f3 declara com a desafiament inaudit aquesta situaci\u00f3 que ha d&#8217;afrontar sense vacil\u00b7laci\u00f3, de forma unitat i intransigent.&nbsp;<\/p>\n\n\n\n<p class=\"wp-block-paragraph\">L&#8217;alcalde de Riba-roja de T\u00faria, Robert Raga, ha alertat de l&#8217;espiral en la qual s&#8217;han endinsat determinades institucions despr\u00e9s de l&#8217;entrada d&#8217;algunes opcions pol\u00edtiques que atempten \u201ccontra la conc\u00f2rdia, els drets de les persones o la llibertat d&#8217;expressi\u00f3, com la defensa de les dones i la lluita contra la viol\u00e8ncia masclista, per aix\u00f2, ara m\u00e9s que mai \u00e9s necessari actuar amb major claredat i vehem\u00e8ncia que mai, sense dubtes ni vacil\u00b7lacions\u201d.<\/p>\n\n\n\n<p class=\"wp-block-paragraph\"><\/p>\n","protected":false},"excerpt":{"rendered":"<div class=\"mh-excerpt\">El ple municipal reitera el comprom\u00eds amb les dones v\u00edctimes de viol\u00e8ncia de g\u00e8nere i aposta per refor\u00e7ar les pol\u00edtiques per a lluitar contra aquesta xacra. Riba-roja reitera el suport al Pacte de Toledo contra <a class=\"mh-excerpt-more\" href=\"https:\/\/tucomarca.whitekongsoftware.com\/ca\/riba-roja-reitera-el-suport-al-pacte-de-toledo-contra-la-violencia-masclista-i-condemna-les-1-212-dones-assassinades-des-de-lany-2003\/\" title=\"Riba-roja reitera el suport al Pacte de Toledo contra la viol\u00e8ncia masclista i condemna les 1.212 dones assassinades des de l&#8217;any 2003\">[+] <\/a><\/div>\n","protected":false},"author":12,"featured_media":190626,"comment_status":"open","ping_status":"open","sticky":false,"template":"","format":"standard","meta":{"footnotes":""},"categories":[10892,10948,10894,10947,10906,10896],"tags":[10899,19517,15024,13109],"class_list":["post-192378","post","type-post","status-publish","format-standard","has-post-thumbnail","category-camp-de-turia-ca","category-infraestructuras-ca","category-la-comarca-ca","category-politica","category-riba-roja-ca","category-seccion-ca","tag-camp-de-turia-ca","tag-pacto-de-toledo-ca","tag-riba-roja-de-turia-ca","tag-violencia-machista-ca"],"_links":{"self":[{"href":"https:\/\/tucomarca.whitekongsoftware.com\/ca\/wp-json\/wp\/v2\/posts\/192378","targetHints":{"allow":["GET"]}}],"collection":[{"href":"https:\/\/tucomarca.whitekongsoftware.com\/ca\/wp-json\/wp\/v2\/posts"}],"about":[{"href":"https:\/\/tucomarca.whitekongsoftware.com\/ca\/wp-json\/wp\/v2\/types\/post"}],"author":[{"embeddable":true,"href":"https:\/\/tucomarca.whitekongsoftware.com\/ca\/wp-json\/wp\/v2\/users\/12"}],"replies":[{"embeddable":true,"href":"https:\/\/tucomarca.whitekongsoftware.com\/ca\/wp-json\/wp\/v2\/comments?post=192378"}],"version-history":[{"count":0,"href":"https:\/\/tucomarca.whitekongsoftware.com\/ca\/wp-json\/wp\/v2\/posts\/192378\/revisions"}],"wp:featuredmedia":[{"embeddable":true,"href":"https:\/\/tucomarca.whitekongsoftware.com\/ca\/wp-json\/wp\/v2\/media\/190626"}],"wp:attachment":[{"href":"https:\/\/tucomarca.whitekongsoftware.com\/ca\/wp-json\/wp\/v2\/media?parent=192378"}],"wp:term":[{"taxonomy":"category","embeddable":true,"href":"https:\/\/tucomarca.whitekongsoftware.com\/ca\/wp-json\/wp\/v2\/categories?post=192378"},{"taxonomy":"post_tag","embeddable":true,"href":"https:\/\/tucomarca.whitekongsoftware.com\/ca\/wp-json\/wp\/v2\/tags?post=192378"}],"curies":[{"name":"wp","href":"https:\/\/api.w.org\/{rel}","templated":true}]}}