{"id":192330,"date":"2023-07-25T08:00:00","date_gmt":"2023-07-25T07:00:00","guid":{"rendered":"https:\/\/www.tucomarca.com\/wordpress\/segunda\/?p=192330"},"modified":"2023-07-25T10:51:25","modified_gmt":"2023-07-25T09:51:25","slug":"pediatres-del-departament-de-salut-de-manises-alerten-del-perill-de-les-picades-de-meduses-a-lestiu","status":"publish","type":"post","link":"https:\/\/tucomarca.whitekongsoftware.com\/ca\/pediatres-del-departament-de-salut-de-manises-alerten-del-perill-de-les-picades-de-meduses-a-lestiu\/","title":{"rendered":"Pediatres del Departament de Salut de Manises alerten del perill de les picades de meduses a l&#8217;estiu"},"content":{"rendered":"\n<p class=\"wp-block-paragraph\"><strong>Els experts incideixen en la import\u00e0ncia de prestar especial atenci\u00f3 als xiquets, sobretot als menors de 5 anys, a les persones amb historial d&#8217;al\u00b7l\u00e8rgies o amb problemes card\u00edacs<\/strong><\/p>\n\n\n\n<p class=\"wp-block-paragraph\"><strong>Juan Carlos Jurado, pediatre a l&#8217;Hospital de Manises, assegura que \u201csovint la persona afectada pateix angoixa, agitaci\u00f3, p\u00e8rdua d&#8217;apetit, conjuntivitis i mal de cap\u201d.<\/strong><\/p>\n\n\n\n<p class=\"wp-block-paragraph\">L&#8217;\u00e8poca estival, marcada per aig\u00fces c\u00e0lides i dies assolellats, implica una major pres\u00e8ncia de meduses en les nostres costes. En els \u00faltims anys ha augmentat la pres\u00e8ncia d&#8217;aquests organismes marins a causa de canvis en els corrents marins i a altres factors mediambientals.&nbsp;<\/p>\n\n\n\n<p class=\"wp-block-paragraph\">Aquesta situaci\u00f3 exigeix una major atenci\u00f3 i preparaci\u00f3 per part dels estiuejants, aix\u00ed com de les autoritats. En aquest sentit, des del servei de Pediattr\u00eda de l&#8217;Hospital de Manises posen l&#8217;accent en la import\u00e0ncia de con\u00e9ixer com afecten les picades de les meduses i garantir la seguretat i benestar dels banyistes que gaudeixen de les costes mediterr\u00e0nies.<\/p>\n\n\n\n<p class=\"wp-block-paragraph\"><strong>Prevenci\u00f3 enfront de les meduses<\/strong><\/p>\n\n\n\n<p class=\"wp-block-paragraph\">Amb la finalitat de previndre picades, des del servei de Pediatria de l&#8217;Hospital de Manises es recorda que les autoritats advertiran del risc de pres\u00e8ncia de meduses als banyistes i procuraran que s&#8217;evite el bany en aqueixos moments.<\/p>\n\n\n\n<p class=\"wp-block-paragraph\">\u201cCom a banyistes hem de prendre precaucions en zones infestades per meduses, encara que estiguem lluny de la costa, evitant passar per zones on puguem esguitar-nos perqu\u00e8 l&#8217;aigua pot arrossegar c\u00e8l\u00b7lules actives de les meduses\u201d, explica el Dr.&nbsp;Juan Carlos Jurado, Pediatre a l&#8217;Hospital de Manises.<\/p>\n\n\n\n<p class=\"wp-block-paragraph\">En aquest sentit, els experts mantenen la import\u00e0ncia de prestar especial atenci\u00f3 als xiquets, principalment als menors de 5 anys, a les persones amb historial d&#8217;al\u00b7l\u00e8rgies, problemes card\u00edacs o que hagen sigut picades anteriorment.<\/p>\n\n\n\n<p class=\"wp-block-paragraph\"><strong>Tractament de picades de medusa<\/strong><\/p>\n\n\n\n<p class=\"wp-block-paragraph\">El primer que s&#8217;ha de fer per a per a curar la picada \u00e9s netejar la zona afectada. Per a aix\u00f2, els experts asseguren que \u00e9s millor no usar aigua dol\u00e7a. El millor per a netejar la picada \u00e9s utilitzar s\u00e8rum fisiol\u00f2gic o aigua salada. \u201cUna rentada amb aigua de mar facilita l&#8217;eliminaci\u00f3 del ver\u00ed en la pell\u201d, confirma el Dr. Jurat.<\/p>\n\n\n\n<p class=\"wp-block-paragraph\">L&#8217;especialista explica que \u201csubmergir la zona afectada en aigua calenta salada a una temperatura d&#8217;al voltant de 40 \u00b0C durant 30-60 minuts) ajuda a controlar el dolor.<\/p>\n\n\n\n<p class=\"wp-block-paragraph\">En cas que hi haja restes de tentacles, \u00e9s important desfer-se d&#8217;ells amb pinces i mai usant les mans. A m\u00e9s, no cal fregar-se la ferida ni amb tovalloles ni amb arena. En tot cas, els experts recomanen acudir a un centre m\u00e8dic d&#8217;urg\u00e8ncia si el dolor \u00e9s molt intens o si l&#8217;estat de salut empitjora.<\/p>\n\n\n\n<p class=\"wp-block-paragraph\"><strong>Causes de les picades<\/strong><\/p>\n\n\n\n<p class=\"wp-block-paragraph\">Les picades de les meduses estan caracteritzades per dolor, picor intensa i enrogiment i inflamaci\u00f3 de la zona afectada. A m\u00e9s, la distribuci\u00f3 del ver\u00ed per l&#8217;organisme, despr\u00e9s de la picada, pot conduir a una sensaci\u00f3 d&#8217;opressi\u00f3 tor\u00e0cica, enrampades musculars i, fins i tot, dificultat respirat\u00f2ria.<\/p>\n\n\n\n<p class=\"wp-block-paragraph\">L&#8217;especialista assegura que \u201csovint la persona afectada pateix angoixa, agitaci\u00f3, p\u00e8rdua d&#8217;apetit, conjuntivitis i mal de cap\u201d. No obstant aix\u00f2, aquests s\u00edmptomes cedeixen poques hores despr\u00e9s de la picada.<\/p>\n\n\n\n<p class=\"wp-block-paragraph\">Esp\u00e8cies de medusa al Mediterrani<\/p>\n\n\n\n<p class=\"wp-block-paragraph\">Cada esp\u00e8cie de medusa genera diferents efectes negatius en la nostra pell. Els professionals de l&#8217;Hospital de Manises expliquen la import\u00e0ncia de distingir entre aquestes esp\u00e8cies per a aplicar un tractament o un altre. Les meduses que pots trobar-te aquest estiu en la mar Mediterr\u00e0nia s\u00f3n:<\/p>\n\n\n\n<ul class=\"wp-block-list\"><li>Medusa ou caigut: el nom del qual fa refer\u00e8ncia al seu f\u00edsic. La seua picada pot produir irritaci\u00f3 en la pell i picor. Podria produir urtic\u00e0ria, per\u00f2 els seus curts tentacles ho dificulten.<\/li><li>Medusa luminescent: se sol trobar en aig\u00fces obertes, per\u00f2 durant l&#8217;estiu s&#8217;acosta al litoral. Els seus llargs tentacles afecten gran superf\u00edcie de la pell provocant irritacions, co\u00efssor i, a vegades, ferides obertes.&nbsp;<\/li><li>Medusa aguamala: arriba a la costa mediterr\u00e0nia a la primavera i roman en ella fins a tardor. La seua simple pres\u00e8ncia en la mar pot produir ferides i irritacions en la pell, encara que no genera quadres dermatol\u00f2gics greus.<\/li><li>Medusa comuna o tamb\u00e9 coneguda com a medusa lluna, medusa platet o medusa ombrel\u00b7la. \u00c9s una de les esp\u00e8cies de meduses m\u00e9s abundants. La seua pres\u00e8ncia \u00e9s pr\u00e0cticament inofensiva.<\/li><li>Medusa de compassos: no \u00e9s molt freq\u00fcent, per\u00f2 es troba en eixams. La seua picada suposa co\u00efssor i picadors a l&#8217;inici i edemes i erupcions cut\u00e0nies que romandran durant un temps en la pell.<\/li><\/ul>\n","protected":false},"excerpt":{"rendered":"<div class=\"mh-excerpt\">Els experts incideixen en la import\u00e0ncia de prestar especial atenci\u00f3 als xiquets, sobretot als menors de 5 anys, a les persones amb historial d&#8217;al\u00b7l\u00e8rgies o amb problemes card\u00edacs Juan Carlos Jurado, pediatre a l&#8217;Hospital de <a class=\"mh-excerpt-more\" href=\"https:\/\/tucomarca.whitekongsoftware.com\/ca\/pediatres-del-departament-de-salut-de-manises-alerten-del-perill-de-les-picades-de-meduses-a-lestiu\/\" title=\"Pediatres del Departament de Salut de Manises alerten del perill de les picades de meduses a l&#8217;estiu\">[+] <\/a><\/div>\n","protected":false},"author":13,"featured_media":192328,"comment_status":"open","ping_status":"open","sticky":false,"template":"","format":"standard","meta":{"footnotes":""},"categories":[10973,10911,10892,11010,10898,10977,10980,10948,10894,10904,10912,10902,10931,10978,10906,10896,11047,10974,10975],"tags":[11092,19515,11207,15304],"class_list":["post-192330","post","type-post","status-publish","format-standard","has-post-thumbnail","category-alborache-ca","category-bunol-ca","category-camp-de-turia-ca","category-canal-salud","category-ventana-ca","category-godelleta-ca","category-yatova-ca","category-infraestructuras-ca","category-la-comarca-ca","category-sin-categorizar-ca","category-la-hoya-ca","category-la-ribera-ca","category-loriguilla-ca","category-macastre-ca","category-riba-roja-ca","category-seccion-ca","category-turis-ca","category-cheste-ca","category-chiva-ca","tag-hospital-de-manises-ca","tag-pediatria-ca","tag-salud-ca","tag-verano-ca"],"_links":{"self":[{"href":"https:\/\/tucomarca.whitekongsoftware.com\/ca\/wp-json\/wp\/v2\/posts\/192330","targetHints":{"allow":["GET"]}}],"collection":[{"href":"https:\/\/tucomarca.whitekongsoftware.com\/ca\/wp-json\/wp\/v2\/posts"}],"about":[{"href":"https:\/\/tucomarca.whitekongsoftware.com\/ca\/wp-json\/wp\/v2\/types\/post"}],"author":[{"embeddable":true,"href":"https:\/\/tucomarca.whitekongsoftware.com\/ca\/wp-json\/wp\/v2\/users\/13"}],"replies":[{"embeddable":true,"href":"https:\/\/tucomarca.whitekongsoftware.com\/ca\/wp-json\/wp\/v2\/comments?post=192330"}],"version-history":[{"count":0,"href":"https:\/\/tucomarca.whitekongsoftware.com\/ca\/wp-json\/wp\/v2\/posts\/192330\/revisions"}],"wp:featuredmedia":[{"embeddable":true,"href":"https:\/\/tucomarca.whitekongsoftware.com\/ca\/wp-json\/wp\/v2\/media\/192328"}],"wp:attachment":[{"href":"https:\/\/tucomarca.whitekongsoftware.com\/ca\/wp-json\/wp\/v2\/media?parent=192330"}],"wp:term":[{"taxonomy":"category","embeddable":true,"href":"https:\/\/tucomarca.whitekongsoftware.com\/ca\/wp-json\/wp\/v2\/categories?post=192330"},{"taxonomy":"post_tag","embeddable":true,"href":"https:\/\/tucomarca.whitekongsoftware.com\/ca\/wp-json\/wp\/v2\/tags?post=192330"}],"curies":[{"name":"wp","href":"https:\/\/api.w.org\/{rel}","templated":true}]}}