{"id":191997,"date":"2023-07-20T09:09:00","date_gmt":"2023-07-20T08:09:00","guid":{"rendered":"https:\/\/www.tucomarca.com\/wordpress\/segunda\/?p=191997"},"modified":"2023-07-20T17:14:11","modified_gmt":"2023-07-20T16:14:11","slug":"diana-morant-psoe-defensa-les-politiques-socialistes-que-donen-oportunitats-de-vida-enfront-de-els-nostalgics-que-volen-tornar-a-una-espanya-amb-ciutadans-de-primera-i-seg","status":"publish","type":"post","link":"https:\/\/tucomarca.whitekongsoftware.com\/ca\/diana-morant-psoe-defensa-les-politiques-socialistes-que-donen-oportunitats-de-vida-enfront-de-els-nostalgics-que-volen-tornar-a-una-espanya-amb-ciutadans-de-primera-i-seg\/","title":{"rendered":"Diana Morant (PSOE) defensa \u201cles pol\u00edtiques socialistes que donen oportunitats de vida\u201d enfront de \u201cels nost\u00e0lgics que volen tornar a una Espanya amb ciutadans de primera i segona\u201d"},"content":{"rendered":"\n<p class=\"wp-block-paragraph\"><strong>La ministra de Ci\u00e8ncia i Innovaci\u00f3 i cap de llista del PSOE al Congr\u00e9s per la prov\u00edncia de Val\u00e8ncia, Diana Morant, assenyala que \u201cla dreta mai posa solucions vertaderes i reals sobre la taula\u201d: \u201cElls juguen amb la confrontaci\u00f3, nosaltres treballem per la conviv\u00e8ncia\u201d<\/strong><\/p>\n\n\n\n<p class=\"wp-block-paragraph\"><strong>Morant demana \u201ca totes les persones decents eixir a votar diumenge que ve\u201d: \u201c No ens agraden els que s&#8217;aparten dels minuts de silenci, censuren la cultura i lleven les banderes\u201d<\/strong><\/p>\n\n\n\n<p class=\"wp-block-paragraph\">La ministra de Ci\u00e8ncia i Innovaci\u00f3 i cap de llista del PSOE al Congr\u00e9s per la prov\u00edncia de Val\u00e8ncia, Diana Morant, ha defensat \u201cles pol\u00edtiques socialistes que donen oportunitats de vida perqu\u00e8 la gent siga feli\u00e7\u201d enfront de \u201cles quals defensen els nost\u00e0lgics que volen tornar a aqueixa Espanya en la qual hi havia ciutadans de primera i de segona\u201d. Aix\u00ed s&#8217;ha manifestat Morant en una trobada amb militants a l&#8217;Alc\u00fadia celebrat aquest dimecres a la nit durant el qual ha animat a \u201ctotes les persones decents a eixir a votar diumenge que ve\u201d.&nbsp;<\/p>\n\n\n\n<p class=\"wp-block-paragraph\">En aquest sentit, la dirigent socialista ha apuntat que \u201cquan les dretes parlen de derogar el sanchismo el que estan volent dir \u00e9s que volen derogar Espanya\u201d i ha recordat que \u201cEspanya \u00e9s millor que els dirigents del Partit Popular i VOX, i per aix\u00f2 hem d&#8217;eixir a defensar amb els nostres vots al nostre pa\u00eds\u201d: \u201cNo ens agraden els que s&#8217;aparten dels minuts de silenci, censuren la cultura i lleven les banderes, i per aix\u00f2 hem d&#8217;anar a votar aquest 23J\u201d.<\/p>\n\n\n\n<p class=\"wp-block-paragraph\">Aix\u00ed mateix, Morant ha explicat que \u201cal Partit Popular el molesta la diversitat perqu\u00e8 aix\u00f2 ens enriqueix com a societat i perqu\u00e8 saben que com m\u00e9s diversos siguem menys ens podran dominar\u201d i ha insistit que \u201cles dretes volen tornar a aqueixa dominaci\u00f3 i a convertir-nos en una comunitat, no en una societat constru\u00efda per tots i totes\u201d.&nbsp;<\/p>\n\n\n\n<p class=\"wp-block-paragraph\">Finalment, el cap de llista per Val\u00e8ncia al Congr\u00e9s dels Diputats ha assenyalat que \u201cla dreta mai posa solucions vertaderes i reals sobre la taula\u201d i ha remarcat que \u201cells juguen amb la confrontaci\u00f3, nosaltres treballem per la conviv\u00e8ncia\u201d.<\/p>\n","protected":false},"excerpt":{"rendered":"<div class=\"mh-excerpt\">La ministra de Ci\u00e8ncia i Innovaci\u00f3 i cap de llista del PSOE al Congr\u00e9s per la prov\u00edncia de Val\u00e8ncia, Diana Morant, assenyala que \u201cla dreta mai posa solucions vertaderes i reals sobre la taula\u201d: \u201cElls <a class=\"mh-excerpt-more\" href=\"https:\/\/tucomarca.whitekongsoftware.com\/ca\/diana-morant-psoe-defensa-les-politiques-socialistes-que-donen-oportunitats-de-vida-enfront-de-els-nostalgics-que-volen-tornar-a-una-espanya-amb-ciutadans-de-primera-i-seg\/\" title=\"Diana Morant (PSOE) defensa \u201cles pol\u00edtiques socialistes que donen oportunitats de vida\u201d enfront de \u201cels nost\u00e0lgics que volen tornar a una Espanya amb ciutadans de primera i segona\u201d\">[+] <\/a><\/div>\n","protected":false},"author":13,"featured_media":191995,"comment_status":"open","ping_status":"open","sticky":false,"template":"","format":"standard","meta":{"footnotes":""},"categories":[10948,10995,10894,10902,10947,10896],"tags":[11077,11140,11319],"class_list":["post-191997","post","type-post","status-publish","format-standard","has-post-thumbnail","category-infraestructuras-ca","category-lalcudia-ca","category-la-comarca-ca","category-la-ribera-ca","category-politica","category-seccion-ca","tag-la-ribera-alta-ca","tag-politica-ca","tag-pspv-psoe-ca"],"_links":{"self":[{"href":"https:\/\/tucomarca.whitekongsoftware.com\/ca\/wp-json\/wp\/v2\/posts\/191997","targetHints":{"allow":["GET"]}}],"collection":[{"href":"https:\/\/tucomarca.whitekongsoftware.com\/ca\/wp-json\/wp\/v2\/posts"}],"about":[{"href":"https:\/\/tucomarca.whitekongsoftware.com\/ca\/wp-json\/wp\/v2\/types\/post"}],"author":[{"embeddable":true,"href":"https:\/\/tucomarca.whitekongsoftware.com\/ca\/wp-json\/wp\/v2\/users\/13"}],"replies":[{"embeddable":true,"href":"https:\/\/tucomarca.whitekongsoftware.com\/ca\/wp-json\/wp\/v2\/comments?post=191997"}],"version-history":[{"count":0,"href":"https:\/\/tucomarca.whitekongsoftware.com\/ca\/wp-json\/wp\/v2\/posts\/191997\/revisions"}],"wp:featuredmedia":[{"embeddable":true,"href":"https:\/\/tucomarca.whitekongsoftware.com\/ca\/wp-json\/wp\/v2\/media\/191995"}],"wp:attachment":[{"href":"https:\/\/tucomarca.whitekongsoftware.com\/ca\/wp-json\/wp\/v2\/media?parent=191997"}],"wp:term":[{"taxonomy":"category","embeddable":true,"href":"https:\/\/tucomarca.whitekongsoftware.com\/ca\/wp-json\/wp\/v2\/categories?post=191997"},{"taxonomy":"post_tag","embeddable":true,"href":"https:\/\/tucomarca.whitekongsoftware.com\/ca\/wp-json\/wp\/v2\/tags?post=191997"}],"curies":[{"name":"wp","href":"https:\/\/api.w.org\/{rel}","templated":true}]}}