{"id":191939,"date":"2023-07-20T11:00:00","date_gmt":"2023-07-20T10:00:00","guid":{"rendered":"https:\/\/www.tucomarca.com\/wordpress\/segunda\/?p=191939"},"modified":"2023-07-20T17:21:24","modified_gmt":"2023-07-20T16:21:24","slug":"joaquin-gonzalez-assegura-portar-mes-competencies-i-mes-carrega-de-treball-que-lanterior-regidor-durbanisme-del-psoe","status":"publish","type":"post","link":"https:\/\/tucomarca.whitekongsoftware.com\/ca\/joaquin-gonzalez-assegura-portar-mes-competencies-i-mes-carrega-de-treball-que-lanterior-regidor-durbanisme-del-psoe\/","title":{"rendered":"Joaqu\u00edn Gonz\u00e1lez assegura &#8220;portar m\u00e9s compet\u00e8ncies i m\u00e9s c\u00e0rrega de treball que l&#8217;anterior regidor d&#8217;urbanisme del PSOE&#8221;"},"content":{"rendered":"\n<h3 class=\"wp-block-heading\">&#8220;<strong>El PSOE de Mario S\u00e1nchez segueix amb la seua oposici\u00f3 destructiva a l&#8217;equip de govern de l&#8217;Ajuntament de Requena<\/strong>&#8221; tal com ha manifestat el cap de llista del Partit de Requena i Llogarets (PRyA), Joaqu\u00edn Gonz\u00e1lez.<\/h3>\n\n\n\n<p class=\"wp-block-paragraph\">&#8220;En aquesta ocasi\u00f3, critiquen el sou del regidor Joaqu\u00edn Gonz\u00e1lez, al\u00b7legant que t\u00e9 poques compet\u00e8ncies respecte a l&#8217;anterior govern socialista, la qual cosa \u00e9s FALS i en el PSOE ho saben. Per a comen\u00e7ar, el sou que cobra \u00e9s exactament el mateix que cobrava l&#8217;anterior Tinent d&#8217;Alcalde del PSOE, \u00e9s a dir, 44.118,34\u20ac, ni un euro m\u00e9s ni un euro menys&#8221;, tal com ha manifestat el cap de llista del Partit de Requena i Llogarets (PRyA), Joaqu\u00edn Gonz\u00e1lez..<\/p>\n\n\n\n<p class=\"wp-block-paragraph\">&#8220;A m\u00e9s de tot aix\u00f2, Joaqu\u00edn Gonz\u00e1lez tamb\u00e9 gestiona les \u00e0rees d&#8217;Urbanisme, Obres, Accessibilitat, Transports i Llogarets, la qual cosa suposa una c\u00e0rrega de treball bastant major que la que va portar l&#8217;anterior regidor del PSOE, Jos\u00e9 Luis Barrera, que eren Urbanisme, Fons Europeus i Fira i Festes&#8221;.<\/p>\n\n\n\n<p class=\"wp-block-paragraph\">&#8220;En la passada legislatura l&#8217;\u00fanica cosa que es va criticar, per part de Joaqu\u00edn Gonz\u00e1lez com a membre de l&#8217;oposici\u00f3, va ser l&#8217;augment de sou de l&#8217;anterior alcalde Mario S\u00e1nchez, el qual li ho va pujar de colp fins m\u00e9s de 50.000 euros res m\u00e9s obtindre la majoria absoluta&#8221;.<\/p>\n\n\n\n<p class=\"wp-block-paragraph\">&#8220;Des del PRyA hem de dir que aquesta actitud i les cr\u00edtiques per part de Mario S\u00e1nchez i de l&#8217;oposici\u00f3 socialista s\u00f3n m\u00e9s que lamentables, perqu\u00e8 estan basades en les seues pr\u00f2pies males accions com a govern municipal, per les quals van perdre les eleccions i ara sembla que \u00e9s com si no haguera passat res. La veritat \u00e9s que els requenenses han actuat amb saviesa i bon criteri en col\u00b7locar en l&#8217;oposici\u00f3 al PSOE de Requena&#8221;.<\/p>\n\n\n\n<p class=\"wp-block-paragraph\">&#8220;Des del PRyA tamb\u00e9 emplacem al fet que Mario S\u00e1nchez i els seus regidors del PSOE abandonen la seua oposici\u00f3 destructiva que nom\u00e9s perjudica els requenenses i es posen a treballar d&#8217;una vegada per sempre, doncs, des que emperezo la legislatura, no han vingut a exercir la feina de casa d&#8217;oposici\u00f3 al seu despatx de l&#8217;Ajuntament, no han assistit a cap acte de representaci\u00f3 i, per part de Mario S\u00e1nchez, no ha assistit a un dels dos plens realitzats&#8221;.<\/p>\n\n\n\n<p class=\"wp-block-paragraph\">&#8220;Per part del PRyA no ens callarem davant cap mentida ni provocaci\u00f3 del PSOE de Mario S\u00e1nchez, mentrestant nosaltres continuem treballant pels requenenses&#8221;, ha finalitzat el cap de llista del Partit de Requena i Llogarets (PRyA), Joaqu\u00edn Gonz\u00e1lez..<\/p>\n","protected":false},"excerpt":{"rendered":"<div class=\"mh-excerpt\">&#8220;El PSOE de Mario S\u00e1nchez segueix amb la seua oposici\u00f3 destructiva a l&#8217;equip de govern de l&#8217;Ajuntament de Requena&#8221; tal com ha manifestat el cap de llista del Partit de Requena i Llogarets (PRyA), Joaqu\u00edn <a class=\"mh-excerpt-more\" href=\"https:\/\/tucomarca.whitekongsoftware.com\/ca\/joaquin-gonzalez-assegura-portar-mes-competencies-i-mes-carrega-de-treball-que-lanterior-regidor-durbanisme-del-psoe\/\" title=\"Joaqu\u00edn Gonz\u00e1lez assegura &#8220;portar m\u00e9s compet\u00e8ncies i m\u00e9s c\u00e0rrega de treball que l&#8217;anterior regidor d&#8217;urbanisme del PSOE&#8221;\">[+] <\/a><\/div>\n","protected":false},"author":13,"featured_media":190206,"comment_status":"open","ping_status":"open","sticky":false,"template":"","format":"standard","meta":{"footnotes":""},"categories":[10948,10894,10947,10908,10909,10896],"tags":[11140,11099,10910],"class_list":["post-191939","post","type-post","status-publish","format-standard","has-post-thumbnail","category-infraestructuras-ca","category-la-comarca-ca","category-politica","category-requena-ca","category-requena-utiel-ca","category-seccion-ca","tag-politica-ca","tag-requena-ca","tag-requena-utiel-ca"],"_links":{"self":[{"href":"https:\/\/tucomarca.whitekongsoftware.com\/ca\/wp-json\/wp\/v2\/posts\/191939","targetHints":{"allow":["GET"]}}],"collection":[{"href":"https:\/\/tucomarca.whitekongsoftware.com\/ca\/wp-json\/wp\/v2\/posts"}],"about":[{"href":"https:\/\/tucomarca.whitekongsoftware.com\/ca\/wp-json\/wp\/v2\/types\/post"}],"author":[{"embeddable":true,"href":"https:\/\/tucomarca.whitekongsoftware.com\/ca\/wp-json\/wp\/v2\/users\/13"}],"replies":[{"embeddable":true,"href":"https:\/\/tucomarca.whitekongsoftware.com\/ca\/wp-json\/wp\/v2\/comments?post=191939"}],"version-history":[{"count":0,"href":"https:\/\/tucomarca.whitekongsoftware.com\/ca\/wp-json\/wp\/v2\/posts\/191939\/revisions"}],"wp:featuredmedia":[{"embeddable":true,"href":"https:\/\/tucomarca.whitekongsoftware.com\/ca\/wp-json\/wp\/v2\/media\/190206"}],"wp:attachment":[{"href":"https:\/\/tucomarca.whitekongsoftware.com\/ca\/wp-json\/wp\/v2\/media?parent=191939"}],"wp:term":[{"taxonomy":"category","embeddable":true,"href":"https:\/\/tucomarca.whitekongsoftware.com\/ca\/wp-json\/wp\/v2\/categories?post=191939"},{"taxonomy":"post_tag","embeddable":true,"href":"https:\/\/tucomarca.whitekongsoftware.com\/ca\/wp-json\/wp\/v2\/tags?post=191939"}],"curies":[{"name":"wp","href":"https:\/\/api.w.org\/{rel}","templated":true}]}}