{"id":191902,"date":"2023-07-19T12:00:00","date_gmt":"2023-07-19T11:00:00","guid":{"rendered":"https:\/\/www.tucomarca.com\/wordpress\/segunda\/?p=191902"},"modified":"2023-07-19T13:24:38","modified_gmt":"2023-07-19T12:24:38","slug":"video-aixi-ha-sigut-la-presentacio-oficial-de-la-48-edicio-del-concert-ma-a-ma-de-les-dues-bandes-de-bunyol","status":"publish","type":"post","link":"https:\/\/tucomarca.whitekongsoftware.com\/ca\/video-aixi-ha-sigut-la-presentacio-oficial-de-la-48-edicio-del-concert-ma-a-ma-de-les-dues-bandes-de-bunyol\/","title":{"rendered":"V\u00eddeo: aix\u00ed ha sigut la presentaci\u00f3 oficial de la 48 edici\u00f3 del concert &#8220;M\u00e0 a m\u00e0&#8221; de les dues bandes de Bunyol"},"content":{"rendered":"\n<figure class=\"wp-block-embed is-type-video is-provider-youtube wp-block-embed-youtube wp-embed-aspect-16-9 wp-has-aspect-ratio\"><div class=\"wp-block-embed__wrapper\">\n<iframe loading=\"lazy\" title=\"V\u00eddeo: acto de presentaci\u00f3n oficial de la 48 edici\u00f3n del concierto &quot;Mano a mano&quot; de Bu\u00f1ol 2023\" width=\"500\" height=\"281\" src=\"https:\/\/www.youtube.com\/embed\/EW39dJ5FWe8?feature=oembed\" frameborder=\"0\" allow=\"accelerometer; autoplay; clipboard-write; encrypted-media; gyroscope; picture-in-picture; web-share\" referrerpolicy=\"strict-origin-when-cross-origin\" allowfullscreen><\/iframe>\n<\/div><\/figure>\n\n\n\n<p class=\"wp-block-paragraph\">Ac\u00ed us deixem el v\u00eddeo de la presentaci\u00f3 oficial de la 48 edici\u00f3 del concert &#8220;M\u00e0 a m\u00e0&#8221; de Bunyol 2023, que ha tingut lloc aquest dilluns en la seu de la Federaci\u00f3 de Societats Musicals de la Comunitat Valenciana amb la participaci\u00f3 de l&#8217;alcaldessa de Bunyol, Virginia Sanz; del diputat provincial Paco Teruel; de la presidenta del CIM \u201cL&#8217;Art\u00edstica\u201d de Bunyol, Rosario Pardo; del president de la SM \u201cL&#8217;Art\u00edstica\u201d de Bunyol, Paco Blasco; del director del CIM \u201cL&#8217;Arm\u00f3nica\u201d, Sa\u00fcl G\u00f3mez; del director de la SM \u201cL&#8217;Art\u00edstica\u201d, Mario Ortu\u00f1o; i de la presidenta de la Federaci\u00f3 de Societats Musicals de la Comunitat Valenciana, Daniela Gonz\u00e1lez.<\/p>\n","protected":false},"excerpt":{"rendered":"<div class=\"mh-excerpt\">Ac\u00ed us deixem el v\u00eddeo de la presentaci\u00f3 oficial de la 48 edici\u00f3 del concert &#8220;M\u00e0 a m\u00e0&#8221; de Bunyol 2023, que ha tingut lloc aquest dilluns en la seu de la Federaci\u00f3 de Societats <a class=\"mh-excerpt-more\" href=\"https:\/\/tucomarca.whitekongsoftware.com\/ca\/video-aixi-ha-sigut-la-presentacio-oficial-de-la-48-edicio-del-concert-ma-a-ma-de-les-dues-bandes-de-bunyol\/\" title=\"V\u00eddeo: aix\u00ed ha sigut la presentaci\u00f3 oficial de la 48 edici\u00f3 del concert &#8220;M\u00e0 a m\u00e0&#8221; de les dues bandes de Bunyol\">[+] <\/a><\/div>\n","protected":false},"author":1,"featured_media":191813,"comment_status":"open","ping_status":"open","sticky":false,"template":"","format":"video","meta":{"footnotes":""},"categories":[10911,11005,10898,10894,10904,10912,11007,10896,11062],"tags":[10913,11764,11772,11210,10914,19512,11765],"class_list":["post-191902","post","type-post","status-publish","format-video","has-post-thumbnail","category-bunol-ca","category-canal-musica","category-ventana-ca","category-la-comarca-ca","category-sin-categorizar-ca","category-la-hoya-ca","category-ocio-y-cultura-ca","category-seccion-ca","category-videos","tag-bunol-ca","tag-concierto-ca","tag-feos-ca","tag-fsmcv-ca","tag-la-hoya-de-bunol-chiva-ca","tag-litro-ca","tag-mano-a-mano-ca","post_format-post-format-video"],"_links":{"self":[{"href":"https:\/\/tucomarca.whitekongsoftware.com\/ca\/wp-json\/wp\/v2\/posts\/191902","targetHints":{"allow":["GET"]}}],"collection":[{"href":"https:\/\/tucomarca.whitekongsoftware.com\/ca\/wp-json\/wp\/v2\/posts"}],"about":[{"href":"https:\/\/tucomarca.whitekongsoftware.com\/ca\/wp-json\/wp\/v2\/types\/post"}],"author":[{"embeddable":true,"href":"https:\/\/tucomarca.whitekongsoftware.com\/ca\/wp-json\/wp\/v2\/users\/1"}],"replies":[{"embeddable":true,"href":"https:\/\/tucomarca.whitekongsoftware.com\/ca\/wp-json\/wp\/v2\/comments?post=191902"}],"version-history":[{"count":0,"href":"https:\/\/tucomarca.whitekongsoftware.com\/ca\/wp-json\/wp\/v2\/posts\/191902\/revisions"}],"wp:featuredmedia":[{"embeddable":true,"href":"https:\/\/tucomarca.whitekongsoftware.com\/ca\/wp-json\/wp\/v2\/media\/191813"}],"wp:attachment":[{"href":"https:\/\/tucomarca.whitekongsoftware.com\/ca\/wp-json\/wp\/v2\/media?parent=191902"}],"wp:term":[{"taxonomy":"category","embeddable":true,"href":"https:\/\/tucomarca.whitekongsoftware.com\/ca\/wp-json\/wp\/v2\/categories?post=191902"},{"taxonomy":"post_tag","embeddable":true,"href":"https:\/\/tucomarca.whitekongsoftware.com\/ca\/wp-json\/wp\/v2\/tags?post=191902"}],"curies":[{"name":"wp","href":"https:\/\/api.w.org\/{rel}","templated":true}]}}