{"id":191737,"date":"2023-07-17T18:00:00","date_gmt":"2023-07-17T17:00:00","guid":{"rendered":"https:\/\/www.tucomarca.com\/wordpress\/segunda\/?p=191737"},"modified":"2023-07-17T21:51:07","modified_gmt":"2023-07-17T20:51:07","slug":"fotogaleria-minerva-palmero-lopez-i-la-seua-cort-dhonor-representen-ja-oficialment-al-poble-de-turis-en-les-seues-festes-dagost","status":"publish","type":"post","link":"https:\/\/tucomarca.whitekongsoftware.com\/ca\/fotogaleria-minerva-palmero-lopez-i-la-seua-cort-dhonor-representen-ja-oficialment-al-poble-de-turis-en-les-seues-festes-dagost\/","title":{"rendered":"Fotogaler\u00eda: Minerva Palmero L\u00f3pez i la seua Cort d&#8217;Honor representen ja oficialment al poble de Tur\u00eds en les seues Festes d&#8217;Agost"},"content":{"rendered":"\n<p class=\"wp-block-paragraph\">Minerva Palmero L\u00f3pez ha sigut presentada ja oficialment com a Reina de les Festes 2023 al costat de la seua Cort d&#8217;Honor, que est\u00e0 formada per Lara Gonz\u00e1lez Gonz\u00e1lez, Sandra Ballester Noguera, \u00c1ngela Mu\u00f1oz Mu\u00f1oz, Alba Pic\u00f3 Castell\u00f3, Paula Pardo Salvador, Andrea Piqueres Jurado, Ana Beza Romero, Isabel Sala Hig\u00f3n, Carmen Sala Hig\u00f3n.<\/p>\n\n\n\n<p class=\"wp-block-paragraph\">Totes elles van protagonitzar la vetlada en la qual oficialment li les presentava com a representants del poble de Tor\u00eds per als pr\u00f2ximes jornades festives que estan per arribar.<\/p>\n\n\n\n<p class=\"wp-block-paragraph\">Els rostres d&#8217;alegria i emoci\u00f3 de la jove Minerva i de la seua les integrants de la seua cort demostraven la il\u00b7lusi\u00f3 amb la qual estan vivint aquesta experi\u00e8ncia tan desitjada per elles i les seues fam\u00edlies. L&#8217;acte d&#8217;exaltaci\u00f3 s&#8217;ha celebrat amb tota l&#8217;esplendor, en una nit plena d&#8217;emocions, focs artificials, m\u00fasica i una pla\u00e7a Vicent Ribes abarrotada que ens recorda que les festes i la uni\u00f3 s\u00f3n identitats com a poble.<\/p>\n\n\n\n<p class=\"wp-block-paragraph\">Els discursos dels mantenidors van ser molt emocionants, amb la intervenci\u00f3 del seu oncle Abraham i de la seua cosina Carolina, que van estar molt ben acompanyats per la mare i el cos\u00ed de la reina, a la qual tamb\u00e9 li van dedicar unes paraules.<\/p>\n\n\n\n<p class=\"wp-block-paragraph\">Com a fi de festes, Paco Arrojo, participant del talent xou &#8220;La Veu&#8221;, va oferir una vetlada musical en la qual el p\u00fablic va poder gaudir del seu talent.<\/p>\n\n\n\n<figure class=\"wp-block-gallery has-nested-images columns-2 is-cropped wp-block-gallery-1 is-layout-flex wp-block-gallery-is-layout-flex\">\n<figure class=\"wp-block-image size-large\"><img loading=\"lazy\" decoding=\"async\" width=\"283\" height=\"189\" data-id=\"191699\" src=\"https:\/\/www.tucomarca.com\/wordpress\/segunda\/wp-content\/uploads\/2023\/07\/IMG_4572.jpg\" alt=\"\" class=\"wp-image-191699\"\/><\/figure>\n\n\n\n<figure class=\"wp-block-image size-large\"><img loading=\"lazy\" decoding=\"async\" width=\"283\" height=\"189\" data-id=\"191698\" src=\"https:\/\/www.tucomarca.com\/wordpress\/segunda\/wp-content\/uploads\/2023\/07\/IMG_4691.jpg\" alt=\"\" class=\"wp-image-191698\"\/><\/figure>\n\n\n\n<figure class=\"wp-block-image size-large\"><img loading=\"lazy\" decoding=\"async\" width=\"283\" height=\"189\" data-id=\"191705\" src=\"https:\/\/www.tucomarca.com\/wordpress\/segunda\/wp-content\/uploads\/2023\/07\/IMG_4706-1.jpg\" alt=\"\" class=\"wp-image-191705\"\/><\/figure>\n\n\n\n<figure class=\"wp-block-image size-full\"><img loading=\"lazy\" decoding=\"async\" width=\"283\" height=\"189\" data-id=\"191703\" src=\"https:\/\/www.tucomarca.com\/wordpress\/segunda\/wp-content\/uploads\/2023\/07\/IMG_4720.jpg\" alt=\"\" class=\"wp-image-191703\"\/><\/figure>\n\n\n\n<figure class=\"wp-block-image size-large\"><img loading=\"lazy\" decoding=\"async\" width=\"283\" height=\"189\" data-id=\"191707\" src=\"https:\/\/www.tucomarca.com\/wordpress\/segunda\/wp-content\/uploads\/2023\/07\/IMG_4721.jpg\" alt=\"\" class=\"wp-image-191707\"\/><\/figure>\n\n\n\n<figure class=\"wp-block-image size-large\"><img loading=\"lazy\" decoding=\"async\" width=\"283\" height=\"189\" data-id=\"191702\" src=\"https:\/\/www.tucomarca.com\/wordpress\/segunda\/wp-content\/uploads\/2023\/07\/IMG_4725.jpg\" alt=\"\" class=\"wp-image-191702\"\/><\/figure>\n\n\n\n<figure class=\"wp-block-image size-large\"><img loading=\"lazy\" decoding=\"async\" width=\"283\" height=\"189\" data-id=\"191713\" src=\"https:\/\/www.tucomarca.com\/wordpress\/segunda\/wp-content\/uploads\/2023\/07\/IMG_4737.jpg\" alt=\"\" class=\"wp-image-191713\"\/><\/figure>\n\n\n\n<figure class=\"wp-block-image size-large\"><img loading=\"lazy\" decoding=\"async\" width=\"283\" height=\"189\" data-id=\"191709\" src=\"https:\/\/www.tucomarca.com\/wordpress\/segunda\/wp-content\/uploads\/2023\/07\/IMG_4740.jpg\" alt=\"\" class=\"wp-image-191709\"\/><\/figure>\n\n\n\n<figure class=\"wp-block-image size-large\"><img loading=\"lazy\" decoding=\"async\" width=\"283\" height=\"189\" data-id=\"191721\" src=\"https:\/\/www.tucomarca.com\/wordpress\/segunda\/wp-content\/uploads\/2023\/07\/IMG_4805.jpg\" alt=\"\" class=\"wp-image-191721\"\/><\/figure>\n\n\n\n<figure class=\"wp-block-image size-large\"><img loading=\"lazy\" decoding=\"async\" width=\"283\" height=\"189\" data-id=\"191711\" src=\"https:\/\/www.tucomarca.com\/wordpress\/segunda\/wp-content\/uploads\/2023\/07\/IMG_4810.jpg\" alt=\"\" class=\"wp-image-191711\"\/><\/figure>\n\n\n\n<figure class=\"wp-block-image size-large\"><img loading=\"lazy\" decoding=\"async\" width=\"283\" height=\"189\" data-id=\"191715\" src=\"https:\/\/www.tucomarca.com\/wordpress\/segunda\/wp-content\/uploads\/2023\/07\/IMG_4829.jpg\" alt=\"\" class=\"wp-image-191715\"\/><\/figure>\n\n\n\n<figure class=\"wp-block-image size-large\"><img loading=\"lazy\" decoding=\"async\" width=\"283\" height=\"189\" data-id=\"191719\" src=\"https:\/\/www.tucomarca.com\/wordpress\/segunda\/wp-content\/uploads\/2023\/07\/IMG_4832.jpg\" alt=\"\" class=\"wp-image-191719\"\/><\/figure>\n\n\n\n<figure class=\"wp-block-image size-large\"><img loading=\"lazy\" decoding=\"async\" width=\"283\" height=\"189\" data-id=\"191717\" src=\"https:\/\/www.tucomarca.com\/wordpress\/segunda\/wp-content\/uploads\/2023\/07\/IMG_4835.jpg\" alt=\"\" class=\"wp-image-191717\"\/><\/figure>\n<\/figure>\n","protected":false},"excerpt":{"rendered":"<div class=\"mh-excerpt\">Minerva Palmero L\u00f3pez ha sigut presentada ja oficialment com a Reina de les Festes 2023 al costat de la seua Cort d&#8217;Honor, que est\u00e0 formada per Lara Gonz\u00e1lez Gonz\u00e1lez, Sandra Ballester Noguera, \u00c1ngela Mu\u00f1oz Mu\u00f1oz, <a class=\"mh-excerpt-more\" href=\"https:\/\/tucomarca.whitekongsoftware.com\/ca\/fotogaleria-minerva-palmero-lopez-i-la-seua-cort-dhonor-representen-ja-oficialment-al-poble-de-turis-en-les-seues-festes-dagost\/\" title=\"Fotogaler\u00eda: Minerva Palmero L\u00f3pez i la seua Cort d&#8217;Honor representen ja oficialment al poble de Tur\u00eds en les seues Festes d&#8217;Agost\">[+] <\/a><\/div>\n","protected":false},"author":13,"featured_media":191696,"comment_status":"open","ping_status":"open","sticky":false,"template":"","format":"gallery","meta":{"footnotes":""},"categories":[10902,11004,11008,10896,11047],"tags":[11077,19468,11093],"class_list":["post-191737","post","type-post","status-publish","format-gallery","has-post-thumbnail","category-la-ribera-ca","category-la-semana-en-imagenes-ca","category-pueblos-en-fiestas-ca","category-seccion-ca","category-turis-ca","tag-la-ribera-alta-ca","tag-pueblos-en-fiestas-ca","tag-turis-ca","post_format-post-format-gallery"],"_links":{"self":[{"href":"https:\/\/tucomarca.whitekongsoftware.com\/ca\/wp-json\/wp\/v2\/posts\/191737","targetHints":{"allow":["GET"]}}],"collection":[{"href":"https:\/\/tucomarca.whitekongsoftware.com\/ca\/wp-json\/wp\/v2\/posts"}],"about":[{"href":"https:\/\/tucomarca.whitekongsoftware.com\/ca\/wp-json\/wp\/v2\/types\/post"}],"author":[{"embeddable":true,"href":"https:\/\/tucomarca.whitekongsoftware.com\/ca\/wp-json\/wp\/v2\/users\/13"}],"replies":[{"embeddable":true,"href":"https:\/\/tucomarca.whitekongsoftware.com\/ca\/wp-json\/wp\/v2\/comments?post=191737"}],"version-history":[{"count":0,"href":"https:\/\/tucomarca.whitekongsoftware.com\/ca\/wp-json\/wp\/v2\/posts\/191737\/revisions"}],"wp:featuredmedia":[{"embeddable":true,"href":"https:\/\/tucomarca.whitekongsoftware.com\/ca\/wp-json\/wp\/v2\/media\/191696"}],"wp:attachment":[{"href":"https:\/\/tucomarca.whitekongsoftware.com\/ca\/wp-json\/wp\/v2\/media?parent=191737"}],"wp:term":[{"taxonomy":"category","embeddable":true,"href":"https:\/\/tucomarca.whitekongsoftware.com\/ca\/wp-json\/wp\/v2\/categories?post=191737"},{"taxonomy":"post_tag","embeddable":true,"href":"https:\/\/tucomarca.whitekongsoftware.com\/ca\/wp-json\/wp\/v2\/tags?post=191737"}],"curies":[{"name":"wp","href":"https:\/\/api.w.org\/{rel}","templated":true}]}}