{"id":191677,"date":"2023-07-17T19:00:00","date_gmt":"2023-07-17T18:00:00","guid":{"rendered":"https:\/\/www.tucomarca.com\/wordpress\/segunda\/?p=191677"},"modified":"2023-07-17T22:24:00","modified_gmt":"2023-07-17T21:24:00","slug":"el-pp-de-bunyol-denuncia-latac-a-les-seues-pancartes-i-propaganda-electoral","status":"publish","type":"post","link":"https:\/\/tucomarca.whitekongsoftware.com\/ca\/el-pp-de-bunyol-denuncia-latac-a-les-seues-pancartes-i-propaganda-electoral\/","title":{"rendered":"El PP de Bunyol denuncia l&#8217;atac a les seues pancartes i propaganda electoral"},"content":{"rendered":"\n<p class=\"wp-block-paragraph\">Des del Partit Popular de Bunyol han volgut denunciar que hui, dia 17 de juliol, el partit &#8220;ha patit un atac contra la democr\u00e0cia totalment injustificat. Han sigut retirades deliberadament totes les pancartes del PP a Bunyol, a m\u00e9s els nostres cartells electorals, pegats en les zones habilitades per la junta electoral i per l&#8217;ajuntament, han sigut grafiteados i ratllats. Tamb\u00e9 ha sigut atacada una cartellera publicit\u00e0ria pagada pel Partit Popular amb pintades&#8221;, tal como han denunciat.<\/p>\n\n\n\n<p class=\"wp-block-paragraph\">&#8220;Aquests fets els posarem en coneixement de la junta electoral i de les Forces i Cossos de Seguretat de l&#8217;Estat perqu\u00e8 no tornen a oc\u00f3rrer. Estem davant un delicte electoral i d&#8217;usurpaci\u00f3 de les nostres pancartes electorals&#8221;, han afegit.<\/p>\n\n\n\n<p class=\"wp-block-paragraph\">Les pancartes retirades estaven situades en la Pla\u00e7a de les Vendes, a la porta de la seua seu, en la Pla\u00e7a del Poble, la Pla\u00e7a Diputaci\u00f3, el Passeig de Sant Llu\u00eds, Avinguda de La Foia, Avinguda de la M\u00fasica i Avinguda de Blasco Iba\u00f1ez.<\/p>\n\n\n\n<p class=\"wp-block-paragraph\">&#8220;Esperem que s&#8217;esclarisquen els fets i que els intolerants que no respecten la llibertat d&#8217;expressi\u00f3 del qual no pensa igual rendisquen comptes. Tot el valor per a arrancar les pancartes, faltaria per a donar la cara. No farem un pas arrere. A votar i a guanyar&#8221;, han finalitzat.<\/p>\n","protected":false},"excerpt":{"rendered":"<div class=\"mh-excerpt\">Des del Partit Popular de Bunyol han volgut denunciar que hui, dia 17 de juliol, el partit &#8220;ha patit un atac contra la democr\u00e0cia totalment injustificat. Han sigut retirades deliberadament totes les pancartes del PP <a class=\"mh-excerpt-more\" href=\"https:\/\/tucomarca.whitekongsoftware.com\/ca\/el-pp-de-bunyol-denuncia-latac-a-les-seues-pancartes-i-propaganda-electoral\/\" title=\"El PP de Bunyol denuncia l&#8217;atac a les seues pancartes i propaganda electoral\">[+] <\/a><\/div>\n","protected":false},"author":13,"featured_media":191734,"comment_status":"open","ping_status":"open","sticky":false,"template":"","format":"standard","meta":{"footnotes":""},"categories":[10911,10948,10894,10912,10947,10896,10897],"tags":[10913,10914,11140],"class_list":["post-191677","post","type-post","status-publish","format-standard","has-post-thumbnail","category-bunol-ca","category-infraestructuras-ca","category-la-comarca-ca","category-la-hoya-ca","category-politica","category-seccion-ca","category-sucesos-la-comarca-ca","tag-bunol-ca","tag-la-hoya-de-bunol-chiva-ca","tag-politica-ca"],"_links":{"self":[{"href":"https:\/\/tucomarca.whitekongsoftware.com\/ca\/wp-json\/wp\/v2\/posts\/191677","targetHints":{"allow":["GET"]}}],"collection":[{"href":"https:\/\/tucomarca.whitekongsoftware.com\/ca\/wp-json\/wp\/v2\/posts"}],"about":[{"href":"https:\/\/tucomarca.whitekongsoftware.com\/ca\/wp-json\/wp\/v2\/types\/post"}],"author":[{"embeddable":true,"href":"https:\/\/tucomarca.whitekongsoftware.com\/ca\/wp-json\/wp\/v2\/users\/13"}],"replies":[{"embeddable":true,"href":"https:\/\/tucomarca.whitekongsoftware.com\/ca\/wp-json\/wp\/v2\/comments?post=191677"}],"version-history":[{"count":0,"href":"https:\/\/tucomarca.whitekongsoftware.com\/ca\/wp-json\/wp\/v2\/posts\/191677\/revisions"}],"wp:featuredmedia":[{"embeddable":true,"href":"https:\/\/tucomarca.whitekongsoftware.com\/ca\/wp-json\/wp\/v2\/media\/191734"}],"wp:attachment":[{"href":"https:\/\/tucomarca.whitekongsoftware.com\/ca\/wp-json\/wp\/v2\/media?parent=191677"}],"wp:term":[{"taxonomy":"category","embeddable":true,"href":"https:\/\/tucomarca.whitekongsoftware.com\/ca\/wp-json\/wp\/v2\/categories?post=191677"},{"taxonomy":"post_tag","embeddable":true,"href":"https:\/\/tucomarca.whitekongsoftware.com\/ca\/wp-json\/wp\/v2\/tags?post=191677"}],"curies":[{"name":"wp","href":"https:\/\/api.w.org\/{rel}","templated":true}]}}