{"id":191672,"date":"2023-07-17T07:00:00","date_gmt":"2023-07-17T06:00:00","guid":{"rendered":"https:\/\/www.tucomarca.com\/wordpress\/segunda\/?p=191672"},"modified":"2023-07-17T22:18:11","modified_gmt":"2023-07-17T21:18:11","slug":"el-psoe-recorda-que-bunyol-va-rebre-una-subvencio-tramitada-per-lanterior-govern-socialista-per-al-portal-de-transparencia","status":"publish","type":"post","link":"https:\/\/tucomarca.whitekongsoftware.com\/ca\/el-psoe-recorda-que-bunyol-va-rebre-una-subvencio-tramitada-per-lanterior-govern-socialista-per-al-portal-de-transparencia\/","title":{"rendered":"El PSOE recorda que Bunyol &#8220;va rebre una subvenci\u00f3 tramitada per l&#8217;anterior govern socialista per al portal de transpar\u00e8ncia&#8221;"},"content":{"rendered":"\n<h3 class=\"wp-block-heading\">Aquesta \u00e9s una altra de les accions posades en marxa pel PSOE durant el seu mandat en mat\u00e8ria de transpar\u00e8ncia i atenci\u00f3 a les persones&#8221;, recorren des del PSPV-PSOE local.<\/h3>\n\n\n\n<p class=\"wp-block-paragraph\">&#8220;Per al partit socialista la transpar\u00e8ncia \u00e9s vital per a la democr\u00e0cia, el Govern de Jos\u00e9 Luis Rodr\u00edguez Zapatero va ser el primer a fer p\u00fablic el patrimoni de tots els seus membres, fent la publicaci\u00f3 en el Butllet\u00ed Oficial de l&#8217;Estat. L&#8217;abril passat d&#8217;enguany l&#8217;anterior equip de govern de l&#8217;Ajuntament de Bunyol, encap\u00e7alat per la socialista Jonquera Carrascosa, va realitzar la tramitaci\u00f3 d&#8217;una subvenci\u00f3 per a la implantaci\u00f3 del portal de transpar\u00e8ncia en la web municipal. El 14 de juliol, el BOP recollia la resoluci\u00f3 d&#8217;aprovaci\u00f3 de la subvenci\u00f3 per un import de 8000\u20ac&#8221;, tal com han aseguran des del PSOE local.<\/p>\n\n\n\n<p class=\"wp-block-paragraph\">Juncal Carrascosa ha afirmat &#8220;que una de les prioritats del nostre govern ha sigut millorar l&#8217;atenci\u00f3 ciutadana i la transpar\u00e8ncia, tot aix\u00f2 gr\u00e0cies a l&#8217;esfor\u00e7 municipal amb accions com la nova p\u00e0gina web i ara la tramitaci\u00f3 d&#8217;una subvenci\u00f3 que permetr\u00e0 que Bunyol compte amb un portal de transpar\u00e8ncia\u201d a m\u00e9s afig que durant el seu mandat \u201chem dut a terme una simplificaci\u00f3 de tots els tr\u00e0mits administratius i procediments que duen a terme les persones a l&#8217;Ajuntament\u201d.<\/p>\n\n\n\n<p class=\"wp-block-paragraph\">Finalment, Juncal Carrascosa ha volgut destacar &#8220;que a l&#8217;Ajuntament de Bunyol s&#8217;han gestionat gran quantitat de subvencions i aix\u00f2 \u00e9s una prova d&#8217;aix\u00f2, al contrari del que el partit popular i xBu\u00f1ol volen fer creure als ciutadans\u201d.<\/p>\n","protected":false},"excerpt":{"rendered":"<div class=\"mh-excerpt\">Aquesta \u00e9s una altra de les accions posades en marxa pel PSOE durant el seu mandat en mat\u00e8ria de transpar\u00e8ncia i atenci\u00f3 a les persones&#8221;, recorren des del PSPV-PSOE local. &#8220;Per al partit socialista la <a class=\"mh-excerpt-more\" href=\"https:\/\/tucomarca.whitekongsoftware.com\/ca\/el-psoe-recorda-que-bunyol-va-rebre-una-subvencio-tramitada-per-lanterior-govern-socialista-per-al-portal-de-transparencia\/\" title=\"El PSOE recorda que Bunyol &#8220;va rebre una subvenci\u00f3 tramitada per l&#8217;anterior govern socialista per al portal de transpar\u00e8ncia&#8221;\">[+] <\/a><\/div>\n","protected":false},"author":13,"featured_media":169876,"comment_status":"open","ping_status":"open","sticky":false,"template":"","format":"standard","meta":{"footnotes":""},"categories":[10911,10948,10894,10912,10947,10896],"tags":[10913,10914,11140],"class_list":["post-191672","post","type-post","status-publish","format-standard","has-post-thumbnail","category-bunol-ca","category-infraestructuras-ca","category-la-comarca-ca","category-la-hoya-ca","category-politica","category-seccion-ca","tag-bunol-ca","tag-la-hoya-de-bunol-chiva-ca","tag-politica-ca"],"_links":{"self":[{"href":"https:\/\/tucomarca.whitekongsoftware.com\/ca\/wp-json\/wp\/v2\/posts\/191672","targetHints":{"allow":["GET"]}}],"collection":[{"href":"https:\/\/tucomarca.whitekongsoftware.com\/ca\/wp-json\/wp\/v2\/posts"}],"about":[{"href":"https:\/\/tucomarca.whitekongsoftware.com\/ca\/wp-json\/wp\/v2\/types\/post"}],"author":[{"embeddable":true,"href":"https:\/\/tucomarca.whitekongsoftware.com\/ca\/wp-json\/wp\/v2\/users\/13"}],"replies":[{"embeddable":true,"href":"https:\/\/tucomarca.whitekongsoftware.com\/ca\/wp-json\/wp\/v2\/comments?post=191672"}],"version-history":[{"count":0,"href":"https:\/\/tucomarca.whitekongsoftware.com\/ca\/wp-json\/wp\/v2\/posts\/191672\/revisions"}],"wp:featuredmedia":[{"embeddable":true,"href":"https:\/\/tucomarca.whitekongsoftware.com\/ca\/wp-json\/wp\/v2\/media\/169876"}],"wp:attachment":[{"href":"https:\/\/tucomarca.whitekongsoftware.com\/ca\/wp-json\/wp\/v2\/media?parent=191672"}],"wp:term":[{"taxonomy":"category","embeddable":true,"href":"https:\/\/tucomarca.whitekongsoftware.com\/ca\/wp-json\/wp\/v2\/categories?post=191672"},{"taxonomy":"post_tag","embeddable":true,"href":"https:\/\/tucomarca.whitekongsoftware.com\/ca\/wp-json\/wp\/v2\/tags?post=191672"}],"curies":[{"name":"wp","href":"https:\/\/api.w.org\/{rel}","templated":true}]}}