{"id":191610,"date":"2023-07-17T11:31:00","date_gmt":"2023-07-17T10:31:00","guid":{"rendered":"https:\/\/www.tucomarca.com\/wordpress\/segunda\/?p=191610"},"modified":"2023-07-17T15:14:53","modified_gmt":"2023-07-17T14:14:53","slug":"fotogaleria-primer-cap-de-setmana-de-festes-patronals-a-alboraig","status":"publish","type":"post","link":"https:\/\/tucomarca.whitekongsoftware.com\/ca\/fotogaleria-primer-cap-de-setmana-de-festes-patronals-a-alboraig\/","title":{"rendered":"Fotogaler\u00eda: Primer cap de setmana de Festes Patronals a Alboraig"},"content":{"rendered":"\n<p class=\"wp-block-paragraph\">Aquest cap de setmana ha estat ple d&#8217;activitats per als ve\u00efns i visitants d&#8217;Alboraig en la seua primeres jornades de Festes Patronals.&nbsp;<\/p>\n\n\n\n<p class=\"wp-block-paragraph\">Des de carrers engalanats, fins a cercaviles, passant per sopars, aix\u00ed van celebrar els ve\u00efns, aquest passat divendres 14, el dia del preg\u00f3. Acabant el dia amb el preg\u00f3 des del balc\u00f3 de l&#8217;Ajuntament, enguany a c\u00e0rrec de Carlos Mart\u00ednez Villanueva i Agust\u00edn Clemente Carri\u00f3n, seguit de discom\u00f3vil per a tots els assistents.<\/p>\n\n\n\n<p class=\"wp-block-paragraph\">El dissabte van tindre lloc actes culturals com la inauguraci\u00f3 de l&#8217;Exposici\u00f3 de Pintura del Grup d&#8217;Artistes Locals d&#8217;Alboraig, o la desfilada i posterior Festival de Bandes de M\u00fasica, en el qual enguany va participar la banda local, la SIM La Primitiva d&#8217;Alboraig juntament amb la banda convidada, la Uni\u00f3 Musical Perforada, que va posar tancament amb una macrodiscom\u00f3vil.&nbsp;<\/p>\n\n\n\n<p class=\"wp-block-paragraph\">El diumenge va ser dedicat als m\u00e9s xicotets de la casa, amb un berenar infantil seguit de l&#8217;espectacle infantil Pinotxo.<\/p>\n\n\n\n<figure class=\"wp-block-gallery has-nested-images columns-2 is-cropped wp-block-gallery-1 is-layout-flex wp-block-gallery-is-layout-flex\">\n<figure class=\"wp-block-image size-large\"><img loading=\"lazy\" decoding=\"async\" width=\"768\" height=\"1024\" data-id=\"191527\" src=\"https:\/\/www.tucomarca.com\/wordpress\/segunda\/wp-content\/uploads\/2023\/07\/AlboracheFiestas1.jpg\" alt=\"\" class=\"wp-image-191527\" srcset=\"https:\/\/tucomarca.whitekongsoftware.com\/wp-content\/uploads\/2023\/07\/AlboracheFiestas1.jpg 768w, https:\/\/tucomarca.whitekongsoftware.com\/wp-content\/uploads\/2023\/07\/AlboracheFiestas1-225x300.jpg 225w\" sizes=\"auto, (max-width: 768px) 100vw, 768px\" \/><\/figure>\n\n\n\n<figure class=\"wp-block-image size-large\"><img loading=\"lazy\" decoding=\"async\" width=\"1024\" height=\"768\" data-id=\"191525\" src=\"https:\/\/www.tucomarca.com\/wordpress\/segunda\/wp-content\/uploads\/2023\/07\/AlboracheFiestas2.jpg\" alt=\"\" class=\"wp-image-191525\" srcset=\"https:\/\/tucomarca.whitekongsoftware.com\/wp-content\/uploads\/2023\/07\/AlboracheFiestas2.jpg 1024w, https:\/\/tucomarca.whitekongsoftware.com\/wp-content\/uploads\/2023\/07\/AlboracheFiestas2-300x225.jpg 300w, https:\/\/tucomarca.whitekongsoftware.com\/wp-content\/uploads\/2023\/07\/AlboracheFiestas2-768x576.jpg 768w, https:\/\/tucomarca.whitekongsoftware.com\/wp-content\/uploads\/2023\/07\/AlboracheFiestas2-678x509.jpg 678w, https:\/\/tucomarca.whitekongsoftware.com\/wp-content\/uploads\/2023\/07\/AlboracheFiestas2-326x245.jpg 326w, https:\/\/tucomarca.whitekongsoftware.com\/wp-content\/uploads\/2023\/07\/AlboracheFiestas2-80x60.jpg 80w\" sizes=\"auto, (max-width: 1024px) 100vw, 1024px\" \/><\/figure>\n\n\n\n<figure class=\"wp-block-image size-large\"><img loading=\"lazy\" decoding=\"async\" width=\"1024\" height=\"768\" data-id=\"191535\" src=\"https:\/\/www.tucomarca.com\/wordpress\/segunda\/wp-content\/uploads\/2023\/07\/AlboracheFiestas3.jpg\" alt=\"\" class=\"wp-image-191535\" srcset=\"https:\/\/tucomarca.whitekongsoftware.com\/wp-content\/uploads\/2023\/07\/AlboracheFiestas3.jpg 1024w, https:\/\/tucomarca.whitekongsoftware.com\/wp-content\/uploads\/2023\/07\/AlboracheFiestas3-300x225.jpg 300w, https:\/\/tucomarca.whitekongsoftware.com\/wp-content\/uploads\/2023\/07\/AlboracheFiestas3-768x576.jpg 768w, https:\/\/tucomarca.whitekongsoftware.com\/wp-content\/uploads\/2023\/07\/AlboracheFiestas3-678x509.jpg 678w, https:\/\/tucomarca.whitekongsoftware.com\/wp-content\/uploads\/2023\/07\/AlboracheFiestas3-326x245.jpg 326w, https:\/\/tucomarca.whitekongsoftware.com\/wp-content\/uploads\/2023\/07\/AlboracheFiestas3-80x60.jpg 80w\" sizes=\"auto, (max-width: 1024px) 100vw, 1024px\" \/><\/figure>\n\n\n\n<figure class=\"wp-block-image size-large\"><img loading=\"lazy\" decoding=\"async\" width=\"960\" height=\"720\" data-id=\"191531\" src=\"https:\/\/www.tucomarca.com\/wordpress\/segunda\/wp-content\/uploads\/2023\/07\/AlboracheFiestas4.jpg\" alt=\"\" class=\"wp-image-191531\" srcset=\"https:\/\/tucomarca.whitekongsoftware.com\/wp-content\/uploads\/2023\/07\/AlboracheFiestas4.jpg 960w, https:\/\/tucomarca.whitekongsoftware.com\/wp-content\/uploads\/2023\/07\/AlboracheFiestas4-300x225.jpg 300w, https:\/\/tucomarca.whitekongsoftware.com\/wp-content\/uploads\/2023\/07\/AlboracheFiestas4-768x576.jpg 768w, https:\/\/tucomarca.whitekongsoftware.com\/wp-content\/uploads\/2023\/07\/AlboracheFiestas4-678x509.jpg 678w, https:\/\/tucomarca.whitekongsoftware.com\/wp-content\/uploads\/2023\/07\/AlboracheFiestas4-326x245.jpg 326w, https:\/\/tucomarca.whitekongsoftware.com\/wp-content\/uploads\/2023\/07\/AlboracheFiestas4-80x60.jpg 80w\" sizes=\"auto, (max-width: 960px) 100vw, 960px\" \/><\/figure>\n\n\n\n<figure class=\"wp-block-image size-large\"><img loading=\"lazy\" decoding=\"async\" width=\"960\" height=\"720\" data-id=\"191540\" src=\"https:\/\/www.tucomarca.com\/wordpress\/segunda\/wp-content\/uploads\/2023\/07\/AlboracheFiestas5.jpg\" alt=\"\" class=\"wp-image-191540\" srcset=\"https:\/\/tucomarca.whitekongsoftware.com\/wp-content\/uploads\/2023\/07\/AlboracheFiestas5.jpg 960w, https:\/\/tucomarca.whitekongsoftware.com\/wp-content\/uploads\/2023\/07\/AlboracheFiestas5-300x225.jpg 300w, https:\/\/tucomarca.whitekongsoftware.com\/wp-content\/uploads\/2023\/07\/AlboracheFiestas5-768x576.jpg 768w, https:\/\/tucomarca.whitekongsoftware.com\/wp-content\/uploads\/2023\/07\/AlboracheFiestas5-678x509.jpg 678w, https:\/\/tucomarca.whitekongsoftware.com\/wp-content\/uploads\/2023\/07\/AlboracheFiestas5-326x245.jpg 326w, https:\/\/tucomarca.whitekongsoftware.com\/wp-content\/uploads\/2023\/07\/AlboracheFiestas5-80x60.jpg 80w\" sizes=\"auto, (max-width: 960px) 100vw, 960px\" \/><\/figure>\n\n\n\n<figure class=\"wp-block-image size-large\"><img loading=\"lazy\" decoding=\"async\" width=\"605\" height=\"960\" data-id=\"191533\" src=\"https:\/\/www.tucomarca.com\/wordpress\/segunda\/wp-content\/uploads\/2023\/07\/AlboracheFiestas7.jpg\" alt=\"\" class=\"wp-image-191533\" srcset=\"https:\/\/tucomarca.whitekongsoftware.com\/wp-content\/uploads\/2023\/07\/AlboracheFiestas7.jpg 605w, https:\/\/tucomarca.whitekongsoftware.com\/wp-content\/uploads\/2023\/07\/AlboracheFiestas7-189x300.jpg 189w\" sizes=\"auto, (max-width: 605px) 100vw, 605px\" \/><\/figure>\n\n\n\n<figure class=\"wp-block-image size-large\"><img loading=\"lazy\" decoding=\"async\" width=\"960\" height=\"720\" data-id=\"191529\" src=\"https:\/\/www.tucomarca.com\/wordpress\/segunda\/wp-content\/uploads\/2023\/07\/AlboracheFiestas6.jpg\" alt=\"\" class=\"wp-image-191529\" srcset=\"https:\/\/tucomarca.whitekongsoftware.com\/wp-content\/uploads\/2023\/07\/AlboracheFiestas6.jpg 960w, https:\/\/tucomarca.whitekongsoftware.com\/wp-content\/uploads\/2023\/07\/AlboracheFiestas6-300x225.jpg 300w, https:\/\/tucomarca.whitekongsoftware.com\/wp-content\/uploads\/2023\/07\/AlboracheFiestas6-768x576.jpg 768w, https:\/\/tucomarca.whitekongsoftware.com\/wp-content\/uploads\/2023\/07\/AlboracheFiestas6-678x509.jpg 678w, https:\/\/tucomarca.whitekongsoftware.com\/wp-content\/uploads\/2023\/07\/AlboracheFiestas6-326x245.jpg 326w, https:\/\/tucomarca.whitekongsoftware.com\/wp-content\/uploads\/2023\/07\/AlboracheFiestas6-80x60.jpg 80w\" sizes=\"auto, (max-width: 960px) 100vw, 960px\" \/><\/figure>\n\n\n\n<figure class=\"wp-block-image size-large\"><img loading=\"lazy\" decoding=\"async\" width=\"1024\" height=\"576\" data-id=\"191559\" src=\"https:\/\/www.tucomarca.com\/wordpress\/segunda\/wp-content\/uploads\/2023\/07\/AlboracheFiestas18-1024x576.jpg\" alt=\"\" class=\"wp-image-191559\" srcset=\"https:\/\/tucomarca.whitekongsoftware.com\/wp-content\/uploads\/2023\/07\/AlboracheFiestas18-1024x576.jpg 1024w, https:\/\/tucomarca.whitekongsoftware.com\/wp-content\/uploads\/2023\/07\/AlboracheFiestas18-300x169.jpg 300w, https:\/\/tucomarca.whitekongsoftware.com\/wp-content\/uploads\/2023\/07\/AlboracheFiestas18-768x432.jpg 768w, https:\/\/tucomarca.whitekongsoftware.com\/wp-content\/uploads\/2023\/07\/AlboracheFiestas18-1536x864.jpg 1536w, https:\/\/tucomarca.whitekongsoftware.com\/wp-content\/uploads\/2023\/07\/AlboracheFiestas18-678x381.jpg 678w, https:\/\/tucomarca.whitekongsoftware.com\/wp-content\/uploads\/2023\/07\/AlboracheFiestas18.jpg 2048w\" sizes=\"auto, (max-width: 1024px) 100vw, 1024px\" \/><\/figure>\n\n\n\n<figure class=\"wp-block-image size-large\"><img loading=\"lazy\" decoding=\"async\" width=\"1024\" height=\"576\" data-id=\"191557\" src=\"https:\/\/www.tucomarca.com\/wordpress\/segunda\/wp-content\/uploads\/2023\/07\/AlboracheFiestas19-1024x576.jpg\" alt=\"\" class=\"wp-image-191557\" srcset=\"https:\/\/tucomarca.whitekongsoftware.com\/wp-content\/uploads\/2023\/07\/AlboracheFiestas19-1024x576.jpg 1024w, https:\/\/tucomarca.whitekongsoftware.com\/wp-content\/uploads\/2023\/07\/AlboracheFiestas19-300x169.jpg 300w, https:\/\/tucomarca.whitekongsoftware.com\/wp-content\/uploads\/2023\/07\/AlboracheFiestas19-768x432.jpg 768w, https:\/\/tucomarca.whitekongsoftware.com\/wp-content\/uploads\/2023\/07\/AlboracheFiestas19-1536x864.jpg 1536w, https:\/\/tucomarca.whitekongsoftware.com\/wp-content\/uploads\/2023\/07\/AlboracheFiestas19-678x381.jpg 678w, https:\/\/tucomarca.whitekongsoftware.com\/wp-content\/uploads\/2023\/07\/AlboracheFiestas19.jpg 2048w\" sizes=\"auto, (max-width: 1024px) 100vw, 1024px\" \/><\/figure>\n\n\n\n<figure class=\"wp-block-image size-large\"><img loading=\"lazy\" decoding=\"async\" width=\"1024\" height=\"576\" data-id=\"191563\" src=\"https:\/\/www.tucomarca.com\/wordpress\/segunda\/wp-content\/uploads\/2023\/07\/AlboracheFiestas20-1024x576.jpg\" alt=\"\" class=\"wp-image-191563\" srcset=\"https:\/\/tucomarca.whitekongsoftware.com\/wp-content\/uploads\/2023\/07\/AlboracheFiestas20-1024x576.jpg 1024w, https:\/\/tucomarca.whitekongsoftware.com\/wp-content\/uploads\/2023\/07\/AlboracheFiestas20-300x169.jpg 300w, https:\/\/tucomarca.whitekongsoftware.com\/wp-content\/uploads\/2023\/07\/AlboracheFiestas20-768x432.jpg 768w, https:\/\/tucomarca.whitekongsoftware.com\/wp-content\/uploads\/2023\/07\/AlboracheFiestas20-1536x864.jpg 1536w, https:\/\/tucomarca.whitekongsoftware.com\/wp-content\/uploads\/2023\/07\/AlboracheFiestas20-678x381.jpg 678w, https:\/\/tucomarca.whitekongsoftware.com\/wp-content\/uploads\/2023\/07\/AlboracheFiestas20.jpg 2048w\" sizes=\"auto, (max-width: 1024px) 100vw, 1024px\" \/><\/figure>\n\n\n\n<figure class=\"wp-block-image size-large\"><img loading=\"lazy\" decoding=\"async\" width=\"960\" height=\"720\" data-id=\"191569\" src=\"https:\/\/www.tucomarca.com\/wordpress\/segunda\/wp-content\/uploads\/2023\/07\/AlboracheFiestas23.jpg\" alt=\"\" class=\"wp-image-191569\" srcset=\"https:\/\/tucomarca.whitekongsoftware.com\/wp-content\/uploads\/2023\/07\/AlboracheFiestas23.jpg 960w, https:\/\/tucomarca.whitekongsoftware.com\/wp-content\/uploads\/2023\/07\/AlboracheFiestas23-300x225.jpg 300w, https:\/\/tucomarca.whitekongsoftware.com\/wp-content\/uploads\/2023\/07\/AlboracheFiestas23-768x576.jpg 768w, https:\/\/tucomarca.whitekongsoftware.com\/wp-content\/uploads\/2023\/07\/AlboracheFiestas23-678x509.jpg 678w, https:\/\/tucomarca.whitekongsoftware.com\/wp-content\/uploads\/2023\/07\/AlboracheFiestas23-326x245.jpg 326w, https:\/\/tucomarca.whitekongsoftware.com\/wp-content\/uploads\/2023\/07\/AlboracheFiestas23-80x60.jpg 80w\" sizes=\"auto, (max-width: 960px) 100vw, 960px\" \/><\/figure>\n\n\n\n<figure class=\"wp-block-image size-large\"><img loading=\"lazy\" decoding=\"async\" width=\"960\" height=\"720\" data-id=\"191567\" src=\"https:\/\/www.tucomarca.com\/wordpress\/segunda\/wp-content\/uploads\/2023\/07\/AlboracheFiestas24.jpg\" alt=\"\" class=\"wp-image-191567\" srcset=\"https:\/\/tucomarca.whitekongsoftware.com\/wp-content\/uploads\/2023\/07\/AlboracheFiestas24.jpg 960w, https:\/\/tucomarca.whitekongsoftware.com\/wp-content\/uploads\/2023\/07\/AlboracheFiestas24-300x225.jpg 300w, https:\/\/tucomarca.whitekongsoftware.com\/wp-content\/uploads\/2023\/07\/AlboracheFiestas24-768x576.jpg 768w, https:\/\/tucomarca.whitekongsoftware.com\/wp-content\/uploads\/2023\/07\/AlboracheFiestas24-678x509.jpg 678w, https:\/\/tucomarca.whitekongsoftware.com\/wp-content\/uploads\/2023\/07\/AlboracheFiestas24-326x245.jpg 326w, https:\/\/tucomarca.whitekongsoftware.com\/wp-content\/uploads\/2023\/07\/AlboracheFiestas24-80x60.jpg 80w\" sizes=\"auto, (max-width: 960px) 100vw, 960px\" \/><\/figure>\n<\/figure>\n","protected":false},"excerpt":{"rendered":"<div class=\"mh-excerpt\">Aquest cap de setmana ha estat ple d&#8217;activitats per als ve\u00efns i visitants d&#8217;Alboraig en la seua primeres jornades de Festes Patronals.&nbsp; Des de carrers engalanats, fins a cercaviles, passant per sopars, aix\u00ed van celebrar <a class=\"mh-excerpt-more\" href=\"https:\/\/tucomarca.whitekongsoftware.com\/ca\/fotogaleria-primer-cap-de-setmana-de-festes-patronals-a-alboraig\/\" title=\"Fotogaler\u00eda: Primer cap de setmana de Festes Patronals a Alboraig\">[+] <\/a><\/div>\n","protected":false},"author":13,"featured_media":191534,"comment_status":"open","ping_status":"open","sticky":false,"template":"","format":"standard","meta":{"footnotes":""},"categories":[10973,10912,11004,11008,10896],"tags":[11224,14071,10914],"class_list":["post-191610","post","type-post","status-publish","format-standard","has-post-thumbnail","category-alborache-ca","category-la-hoya-ca","category-la-semana-en-imagenes-ca","category-pueblos-en-fiestas-ca","category-seccion-ca","tag-alborache-ca","tag-fiestas-patronales-ca","tag-la-hoya-de-bunol-chiva-ca"],"_links":{"self":[{"href":"https:\/\/tucomarca.whitekongsoftware.com\/ca\/wp-json\/wp\/v2\/posts\/191610","targetHints":{"allow":["GET"]}}],"collection":[{"href":"https:\/\/tucomarca.whitekongsoftware.com\/ca\/wp-json\/wp\/v2\/posts"}],"about":[{"href":"https:\/\/tucomarca.whitekongsoftware.com\/ca\/wp-json\/wp\/v2\/types\/post"}],"author":[{"embeddable":true,"href":"https:\/\/tucomarca.whitekongsoftware.com\/ca\/wp-json\/wp\/v2\/users\/13"}],"replies":[{"embeddable":true,"href":"https:\/\/tucomarca.whitekongsoftware.com\/ca\/wp-json\/wp\/v2\/comments?post=191610"}],"version-history":[{"count":0,"href":"https:\/\/tucomarca.whitekongsoftware.com\/ca\/wp-json\/wp\/v2\/posts\/191610\/revisions"}],"wp:featuredmedia":[{"embeddable":true,"href":"https:\/\/tucomarca.whitekongsoftware.com\/ca\/wp-json\/wp\/v2\/media\/191534"}],"wp:attachment":[{"href":"https:\/\/tucomarca.whitekongsoftware.com\/ca\/wp-json\/wp\/v2\/media?parent=191610"}],"wp:term":[{"taxonomy":"category","embeddable":true,"href":"https:\/\/tucomarca.whitekongsoftware.com\/ca\/wp-json\/wp\/v2\/categories?post=191610"},{"taxonomy":"post_tag","embeddable":true,"href":"https:\/\/tucomarca.whitekongsoftware.com\/ca\/wp-json\/wp\/v2\/tags?post=191610"}],"curies":[{"name":"wp","href":"https:\/\/api.w.org\/{rel}","templated":true}]}}