{"id":191521,"date":"2023-07-17T12:00:00","date_gmt":"2023-07-17T11:00:00","guid":{"rendered":"https:\/\/www.tucomarca.com\/wordpress\/segunda\/?p=191521"},"modified":"2023-07-17T22:03:27","modified_gmt":"2023-07-17T21:03:27","slug":"la-unio-musical-de-godelleta-i-la-unio-musical-de-torrent-guanyen-ex-aequo-la-seccio-dhonor-del-certamen-internacional-de-bandes-de-musica-ciutat-de-valencia","status":"publish","type":"post","link":"https:\/\/tucomarca.whitekongsoftware.com\/ca\/la-unio-musical-de-godelleta-i-la-unio-musical-de-torrent-guanyen-ex-aequo-la-seccio-dhonor-del-certamen-internacional-de-bandes-de-musica-ciutat-de-valencia\/","title":{"rendered":"La Uni\u00f3 Musical de Godelleta i la Uni\u00f3 Musical de Torrent guanyen ex aequo la secci\u00f3 d&#8217;Honor del Certamen Internacional de Bandes de M\u00fasica Ciutat de Val\u00e8ncia"},"content":{"rendered":"\n<h3 class=\"wp-block-heading\">La Uni\u00f3 Musical de Godelleta, sota la direcci\u00f3 de Jes\u00fas Perell\u00f3 Fuster, i la Uni\u00f3 Musical de Torrent, sota la batuta de Frank de Vuyst, amb un total les dues de 342 punts, han resultat les guanyadores&nbsp;Ex aequo&nbsp;de la Secci\u00f3 d&#8217;Honor del 135 Certamen Internacional de Bandes de M\u00fasica \u2018Ciutat de Val\u00e8ncia\u2019 2023, que s&#8217;ha desenvolupat aquest passat diumenge en el Auditori dels Arts.<\/h3>\n\n\n\n<figure class=\"wp-block-image size-full\"><img loading=\"lazy\" decoding=\"async\" width=\"800\" height=\"534\" src=\"http:\/\/www.tucomarca.com\/wordpress\/segunda\/wp-content\/uploads\/2023\/07\/UMGodelleta.jpg\" alt=\"\" class=\"wp-image-191501\" srcset=\"https:\/\/tucomarca.whitekongsoftware.com\/wp-content\/uploads\/2023\/07\/UMGodelleta.jpg 800w, https:\/\/tucomarca.whitekongsoftware.com\/wp-content\/uploads\/2023\/07\/UMGodelleta-300x200.jpg 300w, https:\/\/tucomarca.whitekongsoftware.com\/wp-content\/uploads\/2023\/07\/UMGodelleta-768x513.jpg 768w\" sizes=\"auto, (max-width: 800px) 100vw, 800px\" \/><\/figure>\n\n\n\n<p class=\"wp-block-paragraph\">L&#8217;Associaci\u00f3 M\u00fasic-Cultural \u201cLa Lira de Pozuelo\u201d de Madrid, ha quedat en segona posici\u00f3 amb 320,5 punts, mentre que la Societat Va unir Musical d\u2019Alberic ha ocupat el tercer lloc amb 299 punts.<\/p>\n\n\n\n<p class=\"wp-block-paragraph\">El regidor de l&#8217;Ajuntament de Val\u00e8ncia,&nbsp;Jos\u00e9 Luis Moreno,&nbsp;ha entregat el premi a les dues societats guanyadores d&#8217;aquesta Secci\u00f3 d&#8217;Honor.<\/p>\n\n\n\n<p class=\"wp-block-paragraph\">L&#8217;obra obligada que han interpretat totes les bandes d&#8217;aquesta secci\u00f3 han sigut \u2018Homenatge a Joaqu\u00edn Sorolla\u2019. \u2018Quadres Simf\u00f2nics\u2019, de Bernardo Adam Ferrero, en homenatge al mestre Bernardo Adam Ferrero i al centenari del pintor Joaqu\u00edn Sorolla. Una obra colorista i costumista inspirada en les pintures de Sorolla, amb els moviments \u2018El Palleter\u2019, \u2018Pescadores Valencianes\u2019, \u2018Sol de la Vesprada\u2019 i \u2018Les Gropes\u2019.<\/p>\n\n\n\n<p class=\"wp-block-paragraph\">La Banda Simf\u00f2nica Municipal de Val\u00e8ncia, sota la direcci\u00f3 de Miquel Rodrigo i Tamarit, va posar el fermall d&#8217;or al Certamen mentre deliberava el jurat, interpretant el pasdoble \u2018Val\u00e8ncia\u2019 del mestre Jos\u00e9 Serrano, en commemoraci\u00f3 del centenari del seu naixement, aix\u00ed com \u2018Concertino per a Percussi\u00f3 i Ensemble de Vents\u2019 de David R. Gillingham, i de Dmitri Xostak\u00f3vitx el Ballet suite n\u00fam. 5 \u2018The Bolt\u2019 i \u2018Riverdance\u2019.<\/p>\n\n\n\n<p class=\"wp-block-paragraph\">La dotaci\u00f3 dels premis per a la Secci\u00f3 d&#8217;Honor \u00e9s de 9.000 euros per a la guanyadora, 6.000 euros per a la segona i 4.000 euros per a la tercera.<\/p>\n\n\n\n<p class=\"wp-block-paragraph\">L&#8217;alcaldessa de Godelleta, Maria Amparo Pardo, ha manifestat que &#8220;Hui ha sigut un gran dia d&#8217;emocions per al poble de Godelleta. Els nostres m\u00fasics han guanyat el primer premi del Certamen Internacional de Bandes de M\u00fasica de la Ciutat de Val\u00e8ncia. Un primer premi compartit amb Torrent&#8221;.<br>&#8220;Aquesta vesprada, les campanes de l&#8217;esgl\u00e9sia repicaven alegres, volent transmetre al poble la felicitat de tant de triomf acumulat.<br>Dia d&#8217;\u00e8xits i alegries.<br>Molt bona faena.<br>Hui, em fique al llit una mica m\u00e9s feli\u00e7.<br>Molt orgullosa de verificar que, quan es lluita, es triomfa.<br>No puc m\u00e9s que felicitar-vos a tots pel gran dia que ens heu fet viure. Gr\u00e0cies i Felicitats!&#8221;<\/p>\n\n\n\n<p class=\"wp-block-paragraph\"><strong>Certamen Internacional de Bandes de M\u00fasica&nbsp;<\/strong><strong>\u201cCiutat de Val\u00e8ncia\u201d 2023<\/strong><\/p>\n\n\n\n<p class=\"wp-block-paragraph\">Resultats de la&nbsp;SECCI\u00d3 D&#8217;HONOR &#8211; Diumenge 16 de juliol<\/p>\n\n\n\n<p class=\"wp-block-paragraph\">1r Premi:&nbsp;(342 punts)&nbsp; EX AEQUO.<\/p>\n\n\n\n<p class=\"wp-block-paragraph\">Uni\u00f3 Musical de Godelleta (Val\u00e8ncia).<\/p>\n\n\n\n<p class=\"wp-block-paragraph\">Uni\u00f3 Musical de Torrent (Val\u00e8ncia).<\/p>\n\n\n\n<p class=\"wp-block-paragraph\">2n Premi:&nbsp;(320.5 punts).<\/p>\n\n\n\n<p class=\"wp-block-paragraph\">Associaci\u00f3 M\u00fasic-Cultural \u201cLa Lira de Pozuelo\u201d (Madrid).<\/p>\n\n\n\n<p class=\"wp-block-paragraph\">3r Premi:&nbsp;(299&nbsp; punts).<\/p>\n\n\n\n<p class=\"wp-block-paragraph\">Societat Uni\u00f3 Musical d\u2019Alberic(Val\u00e8ncia).<\/p>\n\n\n\n<figure class=\"wp-block-gallery has-nested-images columns-default is-cropped wp-block-gallery-1 is-layout-flex wp-block-gallery-is-layout-flex\">\n<figure class=\"wp-block-image size-large\"><img loading=\"lazy\" decoding=\"async\" width=\"1390\" height=\"1070\" data-id=\"191510\" src=\"http:\/\/www.tucomarca.com\/wordpress\/segunda\/wp-content\/uploads\/2023\/07\/UMGodelletaCelebracion23.jpg\" alt=\"\" class=\"wp-image-191510\" srcset=\"https:\/\/tucomarca.whitekongsoftware.com\/wp-content\/uploads\/2023\/07\/UMGodelletaCelebracion23.jpg 1390w, https:\/\/tucomarca.whitekongsoftware.com\/wp-content\/uploads\/2023\/07\/UMGodelletaCelebracion23-300x231.jpg 300w, https:\/\/tucomarca.whitekongsoftware.com\/wp-content\/uploads\/2023\/07\/UMGodelletaCelebracion23-1024x788.jpg 1024w, https:\/\/tucomarca.whitekongsoftware.com\/wp-content\/uploads\/2023\/07\/UMGodelletaCelebracion23-768x591.jpg 768w\" sizes=\"auto, (max-width: 1390px) 100vw, 1390px\" \/><\/figure>\n\n\n\n<figure class=\"wp-block-image size-large\"><img loading=\"lazy\" decoding=\"async\" width=\"1002\" height=\"754\" data-id=\"191512\" src=\"http:\/\/www.tucomarca.com\/wordpress\/segunda\/wp-content\/uploads\/2023\/07\/UMGodelletaAlcaldesa.jpg\" alt=\"\" class=\"wp-image-191512\" srcset=\"https:\/\/tucomarca.whitekongsoftware.com\/wp-content\/uploads\/2023\/07\/UMGodelletaAlcaldesa.jpg 1002w, https:\/\/tucomarca.whitekongsoftware.com\/wp-content\/uploads\/2023\/07\/UMGodelletaAlcaldesa-300x226.jpg 300w, https:\/\/tucomarca.whitekongsoftware.com\/wp-content\/uploads\/2023\/07\/UMGodelletaAlcaldesa-768x578.jpg 768w, https:\/\/tucomarca.whitekongsoftware.com\/wp-content\/uploads\/2023\/07\/UMGodelletaAlcaldesa-678x509.jpg 678w, https:\/\/tucomarca.whitekongsoftware.com\/wp-content\/uploads\/2023\/07\/UMGodelletaAlcaldesa-326x245.jpg 326w, https:\/\/tucomarca.whitekongsoftware.com\/wp-content\/uploads\/2023\/07\/UMGodelletaAlcaldesa-80x60.jpg 80w\" sizes=\"auto, (max-width: 1002px) 100vw, 1002px\" \/><\/figure>\n<\/figure>\n","protected":false},"excerpt":{"rendered":"<div class=\"mh-excerpt\">La Uni\u00f3 Musical de Godelleta, sota la direcci\u00f3 de Jes\u00fas Perell\u00f3 Fuster, i la Uni\u00f3 Musical de Torrent, sota la batuta de Frank de Vuyst, amb un total les dues de 342 punts, han resultat <a class=\"mh-excerpt-more\" href=\"https:\/\/tucomarca.whitekongsoftware.com\/ca\/la-unio-musical-de-godelleta-i-la-unio-musical-de-torrent-guanyen-ex-aequo-la-seccio-dhonor-del-certamen-internacional-de-bandes-de-musica-ciutat-de-valencia\/\" title=\"La Uni\u00f3 Musical de Godelleta i la Uni\u00f3 Musical de Torrent guanyen ex aequo la secci\u00f3 d&#8217;Honor del Certamen Internacional de Bandes de M\u00fasica Ciutat de Val\u00e8ncia\">[+] <\/a><\/div>\n","protected":false},"author":1,"featured_media":191497,"comment_status":"open","ping_status":"open","sticky":false,"template":"","format":"gallery","meta":{"footnotes":""},"categories":[11005,10898,10977,10894,10904,10912,11007,10896],"tags":[19497,11087,10914,11670],"class_list":["post-191521","post","type-post","status-publish","format-gallery","has-post-thumbnail","category-canal-musica","category-ventana-ca","category-godelleta-ca","category-la-comarca-ca","category-sin-categorizar-ca","category-la-hoya-ca","category-ocio-y-cultura-ca","category-seccion-ca","tag-certamen-internacional-de-bandas-de-musica-ciudad-de-valencia-ca","tag-godelleta-ca","tag-la-hoya-de-bunol-chiva-ca","tag-um-godelleta-ca","post_format-post-format-gallery"],"_links":{"self":[{"href":"https:\/\/tucomarca.whitekongsoftware.com\/ca\/wp-json\/wp\/v2\/posts\/191521","targetHints":{"allow":["GET"]}}],"collection":[{"href":"https:\/\/tucomarca.whitekongsoftware.com\/ca\/wp-json\/wp\/v2\/posts"}],"about":[{"href":"https:\/\/tucomarca.whitekongsoftware.com\/ca\/wp-json\/wp\/v2\/types\/post"}],"author":[{"embeddable":true,"href":"https:\/\/tucomarca.whitekongsoftware.com\/ca\/wp-json\/wp\/v2\/users\/1"}],"replies":[{"embeddable":true,"href":"https:\/\/tucomarca.whitekongsoftware.com\/ca\/wp-json\/wp\/v2\/comments?post=191521"}],"version-history":[{"count":0,"href":"https:\/\/tucomarca.whitekongsoftware.com\/ca\/wp-json\/wp\/v2\/posts\/191521\/revisions"}],"wp:featuredmedia":[{"embeddable":true,"href":"https:\/\/tucomarca.whitekongsoftware.com\/ca\/wp-json\/wp\/v2\/media\/191497"}],"wp:attachment":[{"href":"https:\/\/tucomarca.whitekongsoftware.com\/ca\/wp-json\/wp\/v2\/media?parent=191521"}],"wp:term":[{"taxonomy":"category","embeddable":true,"href":"https:\/\/tucomarca.whitekongsoftware.com\/ca\/wp-json\/wp\/v2\/categories?post=191521"},{"taxonomy":"post_tag","embeddable":true,"href":"https:\/\/tucomarca.whitekongsoftware.com\/ca\/wp-json\/wp\/v2\/tags?post=191521"}],"curies":[{"name":"wp","href":"https:\/\/api.w.org\/{rel}","templated":true}]}}