{"id":191435,"date":"2023-07-15T17:00:00","date_gmt":"2023-07-15T16:00:00","guid":{"rendered":"https:\/\/www.tucomarca.com\/wordpress\/segunda\/?p=191435"},"modified":"2023-07-15T19:31:13","modified_gmt":"2023-07-15T18:31:13","slug":"detenen-a-un-profug-que-va-envestir-a-un-guardia-civil-en-un-control-i-que-samagava-en-un-disseminat-de-camp-de-turia","status":"publish","type":"post","link":"https:\/\/tucomarca.whitekongsoftware.com\/ca\/detenen-a-un-profug-que-va-envestir-a-un-guardia-civil-en-un-control-i-que-samagava-en-un-disseminat-de-camp-de-turia\/","title":{"rendered":"Detenen a un pr\u00f2fug que va envestir a un gu\u00e0rdia civil en un control i que s&#8217;amagava en un disseminat de Camp de T\u00faria"},"content":{"rendered":"\n<h3 class=\"wp-block-heading\"><strong>El detingut estava en cerca per m\u00faltiples delictes tant a Espanya com a Fran\u00e7a, des d&#8217;on constava una ordre internacional de detenci\u00f3<\/strong>.<\/h3>\n\n\n\n<h3 class=\"wp-block-heading\"><strong>Els investigadors van haver d&#8217;establir un dispositiu especial per a la seua captura, perqu\u00e8 l&#8217;autor utilitzava m\u00e8todes de contravigilancia per a ocultar-se<\/strong>.<\/h3>\n\n\n\n<p class=\"wp-block-paragraph\">La Gu\u00e0rdia Civil, en el marc de l&#8217;operaci\u00f3 FETUPA, ha detingut a un home espanyol de 38 anys d&#8217;edat pels delictes de falsificaci\u00f3 de document p\u00fablic, robatori amb for\u00e7a, tinen\u00e7a il\u00b7l\u00edcita d&#8217;armes i sobre el que pesava una ordre internacional de detenci\u00f3 per a la seua presentaci\u00f3 a Fran\u00e7a (per un delicte contra l&#8217;administraci\u00f3 de just\u00edcia), on tamb\u00e9 tenia causes pendents.<\/p>\n\n\n\n<p class=\"wp-block-paragraph\">El detingut, que cometia delictes a Espanya i Fran\u00e7a, era conscient que les autoritats estaven buscant-ho i havia triat un habitatge en un disseminat de la comarca de Camp de T\u00faria per a ocultar-se. Des del seu domicili, envoltat de camps agr\u00edcoles, podia controlar els vehicles i persones que s&#8217;aproximaven, la qual cosa va suposar que els investigadors dissenyaren un dispositiu que no al\u00e7ara les seues sospites.&nbsp;<\/p>\n\n\n\n<p class=\"wp-block-paragraph\">L&#8217;home tenia un historial delictiu violent i tenia acc\u00e9s a una arma de foc, la qual cosa va fer valorar als agents la necessitat de la seua detenci\u00f3 de manera sorprenent per a evitar que poguera causar danys a tercers.<\/p>\n\n\n\n<p class=\"wp-block-paragraph\">Finalment, a la fi del passat mes de juny es va establir un operatiu especial per a procedir a la seua detenci\u00f3. Els agents van realitzar un dispositiu en una via interurbana que va interceptar la motocicleta d&#8217;alta cilindrada que condu\u00efa l&#8217;autor.&nbsp;<\/p>\n\n\n\n<p class=\"wp-block-paragraph\">Despr\u00e9s de rebre l&#8217;alt dels agents l&#8217;home va envestir amb la seua moto contra un dels gu\u00e0rdies civils que li van donar l&#8217;alt. L&#8217;agent va aconseguir esquivar-lo i la moto va impactar contra un cotxe oficial. En aqueix moment va comen\u00e7ar la fugida a peu a trav\u00e9s dels camps agr\u00edcoles. Els agents de la Gu\u00e0rdia Civil finalment van aconseguir interceptar-ho i van comprovar que portava una carta d&#8217;identitat italiana falsificada per a ocultar la seua identitat.<\/p>\n\n\n\n<p class=\"wp-block-paragraph\">Despr\u00e9s es va realitzar un registre del domicili on es va trobar una escopeta, munici\u00f3, diverses drogues t\u00f2xiques i altres documents d&#8217;identitat falsificats.<\/p>\n\n\n\n<p class=\"wp-block-paragraph\">A l&#8217;autor se li van atribuir els delictes de falsificaci\u00f3 de document, robatori amb for\u00e7a, tinen\u00e7a il\u00b7l\u00edcita d&#8217;armes i delicte contra l&#8217;administraci\u00f3 de just\u00edcia (requisit\u00f2ria internacional).<\/p>\n\n\n\n<p class=\"wp-block-paragraph\">D&#8217;aquests fets ent\u00e9n el Jutjat de Primera Inst\u00e0ncia i Instrucci\u00f3 n\u00famero 3 de Ll\u00edria.&nbsp;<\/p>\n\n\n\n<p class=\"wp-block-paragraph\">De les investigacions va ser responsable l&#8217;equip de l&#8217;\u00e0rea d&#8217;investigaci\u00f3 del Lloc Principal de Sagunt.<\/p>\n","protected":false},"excerpt":{"rendered":"<div class=\"mh-excerpt\">El detingut estava en cerca per m\u00faltiples delictes tant a Espanya com a Fran\u00e7a, des d&#8217;on constava una ordre internacional de detenci\u00f3. Els investigadors van haver d&#8217;establir un dispositiu especial per a la seua captura, <a class=\"mh-excerpt-more\" href=\"https:\/\/tucomarca.whitekongsoftware.com\/ca\/detenen-a-un-profug-que-va-envestir-a-un-guardia-civil-en-un-control-i-que-samagava-en-un-disseminat-de-camp-de-turia\/\" title=\"Detenen a un pr\u00f2fug que va envestir a un gu\u00e0rdia civil en un control i que s&#8217;amagava en un disseminat de Camp de T\u00faria\">[+] <\/a><\/div>\n","protected":false},"author":1,"featured_media":191430,"comment_status":"open","ping_status":"open","sticky":false,"template":"","format":"standard","meta":{"footnotes":""},"categories":[10892,10898,10948,10894,10904,10928,10896,10897],"tags":[10899,17107,11118,11070,19503],"class_list":["post-191435","post","type-post","status-publish","format-standard","has-post-thumbnail","category-camp-de-turia-ca","category-ventana-ca","category-infraestructuras-ca","category-la-comarca-ca","category-sin-categorizar-ca","category-lliria-ca","category-seccion-ca","category-sucesos-la-comarca-ca","tag-camp-de-turia-ca","tag-detenido-ca","tag-guardia-civil-ca","tag-lliria-ca","tag-profugo-ca"],"_links":{"self":[{"href":"https:\/\/tucomarca.whitekongsoftware.com\/ca\/wp-json\/wp\/v2\/posts\/191435","targetHints":{"allow":["GET"]}}],"collection":[{"href":"https:\/\/tucomarca.whitekongsoftware.com\/ca\/wp-json\/wp\/v2\/posts"}],"about":[{"href":"https:\/\/tucomarca.whitekongsoftware.com\/ca\/wp-json\/wp\/v2\/types\/post"}],"author":[{"embeddable":true,"href":"https:\/\/tucomarca.whitekongsoftware.com\/ca\/wp-json\/wp\/v2\/users\/1"}],"replies":[{"embeddable":true,"href":"https:\/\/tucomarca.whitekongsoftware.com\/ca\/wp-json\/wp\/v2\/comments?post=191435"}],"version-history":[{"count":0,"href":"https:\/\/tucomarca.whitekongsoftware.com\/ca\/wp-json\/wp\/v2\/posts\/191435\/revisions"}],"wp:featuredmedia":[{"embeddable":true,"href":"https:\/\/tucomarca.whitekongsoftware.com\/ca\/wp-json\/wp\/v2\/media\/191430"}],"wp:attachment":[{"href":"https:\/\/tucomarca.whitekongsoftware.com\/ca\/wp-json\/wp\/v2\/media?parent=191435"}],"wp:term":[{"taxonomy":"category","embeddable":true,"href":"https:\/\/tucomarca.whitekongsoftware.com\/ca\/wp-json\/wp\/v2\/categories?post=191435"},{"taxonomy":"post_tag","embeddable":true,"href":"https:\/\/tucomarca.whitekongsoftware.com\/ca\/wp-json\/wp\/v2\/tags?post=191435"}],"curies":[{"name":"wp","href":"https:\/\/api.w.org\/{rel}","templated":true}]}}