{"id":191289,"date":"2023-07-14T13:03:00","date_gmt":"2023-07-14T12:03:00","guid":{"rendered":"https:\/\/www.tucomarca.com\/wordpress\/segunda\/?p=191289"},"modified":"2023-07-14T16:16:52","modified_gmt":"2023-07-14T15:16:52","slug":"el-centro-cultural-alqueria-de-julia-acogera-la-presentacion-de-la-48-edicion-del-concierto-mano-a-mano-de-bunol","status":"publish","type":"post","link":"https:\/\/tucomarca.whitekongsoftware.com\/ca\/el-centro-cultural-alqueria-de-julia-acogera-la-presentacion-de-la-48-edicion-del-concierto-mano-a-mano-de-bunol\/","title":{"rendered":"El Centre Cultural Alqueria de Juli\u00e0, a Val\u00e8ncia, acollir\u00e0 aquest dilluns la presentaci\u00f3 de la 48 edici\u00f3 del concert \u201cM\u00e0 a m\u00e0\u201d de Bunyol"},"content":{"rendered":"\n<h3 class=\"wp-block-heading\">El President d&#8217;Honor del qual enguany ser\u00e0 el m\u00fasic i director nascut en Brunssum (Pa\u00efsos Baixos), Bj\u00f6rn Bus.<\/h3>\n\n\n\n<figure class=\"wp-block-image size-full is-resized\"><img loading=\"lazy\" decoding=\"async\" src=\"http:\/\/www.tucomarca.com\/wordpress\/segunda\/wp-content\/uploads\/2023\/07\/BjornBusMam.jpg\" alt=\"\" class=\"wp-image-191405\" width=\"391\" height=\"338\" srcset=\"https:\/\/tucomarca.whitekongsoftware.com\/wp-content\/uploads\/2023\/07\/BjornBusMam.jpg 500w, https:\/\/tucomarca.whitekongsoftware.com\/wp-content\/uploads\/2023\/07\/BjornBusMam-300x259.jpg 300w\" sizes=\"auto, (max-width: 391px) 100vw, 391px\" \/><figcaption>Bj\u00f6rn Bus.<\/figcaption><\/figure>\n\n\n\n<p class=\"wp-block-paragraph\">El Centre Cultural Alqueria de Juli\u00e0, situat al carrer de la Democr\u00e0cia, n\u00famero 62, de Val\u00e8ncia, acollir\u00e0 aquest pr\u00f2xim dilluns, 17 de juliol, a partir de les 18,00 hores, la presentaci\u00f3 oficial de la 48 edici\u00f3 del concert \u201cM\u00e0 a m\u00e0\u201d a c\u00e0rrec les dues bandes de m\u00fasica de Bunyol: el Centre Instructiu Musical \u201cL&#8217;Harm\u00f2nica\u201d i la Societat Musical \u201cL&#8217;Art\u00edstica\u201d, que tindr\u00e0 lloc el pr\u00f2xim 19 d&#8217;agost a l&#8217;Auditori Municipal del Passeig de Sant Llu\u00eds, a Bunyol; i el President d&#8217;Honor del qual enguany ser\u00e0 el m\u00fasic i director nascut en Brunssum (Pa\u00efsos Baixos), Bj\u00f6rn Bus.<\/p>\n\n\n\n<p class=\"wp-block-paragraph\"> Bj\u00f6rn Bus al WMC (World Music Contest) en Kerkrade en 2009, va guanyar la batuta de bronze, treballant juntament amb la Marine Band de la Marina Real dels Pa\u00efsos Baixos.<br>Actualment, Bj\u00f6rn Bus dirigeix les seg\u00fcents orquestres: Orchestra of the Dutch Customs, State Symphonic Wind Orchestra of Baden-W\u00fcrttemberg, Symphonic Wind Orchestra St. Joseph Sittard i Symphonic Wind Orchestra St. Jozef Kaalheide \u2013 Kerkrade.<br>Tamb\u00e9 \u00e9s membre de la Junta Directiva de WASBE (World Association for Symphonic Bands and Ensembles).<br>Bj\u00f6rn Bus treballa sovint amb conegudes bandes nacionals i internacionals. \u00c9s un cobejat director convidat de la Banda de l&#8217;Ex\u00e8rcit Real dels Pa\u00efsos Baixos &#8216;Johan Willem Fris&#8217;, la Banda Municipal de Barcelona, la Rundfunk Blasorchester Leipzig i la Banda Simf\u00f2nica de Vent del Conservatori de Maastricht.<br>Participa activament en la realitzaci\u00f3 de classes magistrals i tallers, i amb freq\u00fc\u00e8ncia \u00e9s convidat a actuar com a jutge en diversos concursos.<\/p>\n\n\n\n<p class=\"wp-block-paragraph\">En l&#8217;acte de presentaci\u00f3 oficial participaran l&#8217;alcaldessa de Bunyol, Virg\u00ednia Sanz; la regidora de Cultura de l&#8217;Ajuntament de Bunyol, Tamara D\u00edaz; la presidenta del CIM \u201cL&#8217;Harm\u00f2nica\u201d de Bunyol, Rosario Pardo; el president de la SM \u201cL&#8217;Art\u00edstica\u201d de Bunyol, Paco Blasco; el director del CIM \u201cL&#8217;Harm\u00f2nica\u201d de Bunyol, Sa\u00fcl G\u00f3mez i el director de la SM \u201cL&#8217;Art\u00edstica\u201d de Bunyol, Mario Ortu\u00f1o.<\/p>\n\n\n\n<figure class=\"wp-block-image size-large\"><img loading=\"lazy\" decoding=\"async\" width=\"745\" height=\"1024\" src=\"http:\/\/www.tucomarca.com\/wordpress\/segunda\/wp-content\/uploads\/2023\/07\/cartelMam2023-745x1024.jpg\" alt=\"\" class=\"wp-image-191407\" srcset=\"https:\/\/tucomarca.whitekongsoftware.com\/wp-content\/uploads\/2023\/07\/cartelMam2023-745x1024.jpg 745w, https:\/\/tucomarca.whitekongsoftware.com\/wp-content\/uploads\/2023\/07\/cartelMam2023-218x300.jpg 218w, https:\/\/tucomarca.whitekongsoftware.com\/wp-content\/uploads\/2023\/07\/cartelMam2023-768x1056.jpg 768w, https:\/\/tucomarca.whitekongsoftware.com\/wp-content\/uploads\/2023\/07\/cartelMam2023-1117x1536.jpg 1117w, https:\/\/tucomarca.whitekongsoftware.com\/wp-content\/uploads\/2023\/07\/cartelMam2023-1490x2048.jpg 1490w, https:\/\/tucomarca.whitekongsoftware.com\/wp-content\/uploads\/2023\/07\/cartelMam2023.jpg 1575w\" sizes=\"auto, (max-width: 745px) 100vw, 745px\" \/><\/figure>\n","protected":false},"excerpt":{"rendered":"<div class=\"mh-excerpt\">El President d&#8217;Honor del qual enguany ser\u00e0 el m\u00fasic i director nascut en Brunssum (Pa\u00efsos Baixos), Bj\u00f6rn Bus. El Centre Cultural Alqueria de Juli\u00e0, situat al carrer de la Democr\u00e0cia, n\u00famero 62, de Val\u00e8ncia, acollir\u00e0 <a class=\"mh-excerpt-more\" href=\"https:\/\/tucomarca.whitekongsoftware.com\/ca\/el-centro-cultural-alqueria-de-julia-acogera-la-presentacion-de-la-48-edicion-del-concierto-mano-a-mano-de-bunol\/\" title=\"El Centre Cultural Alqueria de Juli\u00e0, a Val\u00e8ncia, acollir\u00e0 aquest dilluns la presentaci\u00f3 de la 48 edici\u00f3 del concert \u201cM\u00e0 a m\u00e0\u201d de Bunyol\">[+] <\/a><\/div>\n","protected":false},"author":13,"featured_media":191407,"comment_status":"open","ping_status":"open","sticky":false,"template":"","format":"standard","meta":{"footnotes":""},"categories":[11019,10911,11005,10894,10912,11007,10896],"tags":[10913,11209,10914,11765,11154],"class_list":["post-191289","post","type-post","status-publish","format-standard","has-post-thumbnail","category-agenda-ca","category-bunol-ca","category-canal-musica","category-la-comarca-ca","category-la-hoya-ca","category-ocio-y-cultura-ca","category-seccion-ca","tag-bunol-ca","tag-cim-la-armonica-de-bunol-ca","tag-la-hoya-de-bunol-chiva-ca","tag-mano-a-mano-ca","tag-sm-la-artistica-de-bunol-ca"],"_links":{"self":[{"href":"https:\/\/tucomarca.whitekongsoftware.com\/ca\/wp-json\/wp\/v2\/posts\/191289","targetHints":{"allow":["GET"]}}],"collection":[{"href":"https:\/\/tucomarca.whitekongsoftware.com\/ca\/wp-json\/wp\/v2\/posts"}],"about":[{"href":"https:\/\/tucomarca.whitekongsoftware.com\/ca\/wp-json\/wp\/v2\/types\/post"}],"author":[{"embeddable":true,"href":"https:\/\/tucomarca.whitekongsoftware.com\/ca\/wp-json\/wp\/v2\/users\/13"}],"replies":[{"embeddable":true,"href":"https:\/\/tucomarca.whitekongsoftware.com\/ca\/wp-json\/wp\/v2\/comments?post=191289"}],"version-history":[{"count":0,"href":"https:\/\/tucomarca.whitekongsoftware.com\/ca\/wp-json\/wp\/v2\/posts\/191289\/revisions"}],"wp:featuredmedia":[{"embeddable":true,"href":"https:\/\/tucomarca.whitekongsoftware.com\/ca\/wp-json\/wp\/v2\/media\/191407"}],"wp:attachment":[{"href":"https:\/\/tucomarca.whitekongsoftware.com\/ca\/wp-json\/wp\/v2\/media?parent=191289"}],"wp:term":[{"taxonomy":"category","embeddable":true,"href":"https:\/\/tucomarca.whitekongsoftware.com\/ca\/wp-json\/wp\/v2\/categories?post=191289"},{"taxonomy":"post_tag","embeddable":true,"href":"https:\/\/tucomarca.whitekongsoftware.com\/ca\/wp-json\/wp\/v2\/tags?post=191289"}],"curies":[{"name":"wp","href":"https:\/\/api.w.org\/{rel}","templated":true}]}}