{"id":191236,"date":"2023-07-12T12:00:00","date_gmt":"2023-07-12T11:00:00","guid":{"rendered":"https:\/\/www.tucomarca.com\/wordpress\/segunda\/?p=191236"},"modified":"2023-07-12T19:10:49","modified_gmt":"2023-07-12T18:10:49","slug":"el-cd-bunyol-reforca-el-seu-atac-amb-el-davanter-alex-abarca-lextrem-tobias-rafael-pla-i-el-mitja-punta-alberto-lopez-i-fitxa-a-juan-diego-com-a-nou-preparador-fisic","status":"publish","type":"post","link":"https:\/\/tucomarca.whitekongsoftware.com\/ca\/el-cd-bunyol-reforca-el-seu-atac-amb-el-davanter-alex-abarca-lextrem-tobias-rafael-pla-i-el-mitja-punta-alberto-lopez-i-fitxa-a-juan-diego-com-a-nou-preparador-fisic\/","title":{"rendered":"El CD Bunyol refor\u00e7a el seu atac amb el davanter \u00c1lex Abarca; l&#8217;extrem Tob\u00edas Rafael Pla i el mitja punta Alberto L\u00f3pez; i fitxa a Juan Diego com a nou preparador f\u00edsic"},"content":{"rendered":"\n<figure class=\"wp-block-image size-large\"><img loading=\"lazy\" decoding=\"async\" width=\"1024\" height=\"598\" src=\"http:\/\/www.tucomarca.com\/wordpress\/segunda\/wp-content\/uploads\/2023\/07\/FichajesCDBunol-1024x598.jpg\" alt=\"\" class=\"wp-image-191213\" srcset=\"https:\/\/tucomarca.whitekongsoftware.com\/wp-content\/uploads\/2023\/07\/FichajesCDBunol-1024x598.jpg 1024w, https:\/\/tucomarca.whitekongsoftware.com\/wp-content\/uploads\/2023\/07\/FichajesCDBunol-300x175.jpg 300w, https:\/\/tucomarca.whitekongsoftware.com\/wp-content\/uploads\/2023\/07\/FichajesCDBunol-768x449.jpg 768w, https:\/\/tucomarca.whitekongsoftware.com\/wp-content\/uploads\/2023\/07\/FichajesCDBunol.jpg 1181w\" sizes=\"auto, (max-width: 1024px) 100vw, 1024px\" \/><figcaption>Tob\u00edas Pla Terol, Alberto L\u00f3pez, \u00c1lex Abarca y Juan Diego S\u00e1nchez.<\/figcaption><\/figure>\n\n\n\n<p class=\"wp-block-paragraph\">El Club Esportiu Bunyol continua incorporant nous jugadors a la seua plantilla per a refor\u00e7ar-se de cara a la nova temporada 2023-24 que s&#8217;iniciar\u00e0 el mes que ve i sens dubte amb l&#8217;objectiu de tornar a estar en els llocs de cap de la taula i en la lluita per l&#8217;ascens de categoria. <\/p>\n\n\n\n<p class=\"wp-block-paragraph\">Entre els \u00faltims fitxatges que ha incorporat a les seues files es troben tres jugadors amb els quals refor\u00e7ar\u00e0 la seua zona d&#8217;atac: l&#8217;extrem Tob\u00edas Rafael Pla Terol, el mitja punta Alberto L\u00f3pez Nadal el davanter \u00c1lex Abarca; aix\u00ed com tamb\u00e9 ha anunciat la incorporaci\u00f3 de Juan Diego S\u00e1nchez al seu cos t\u00e8cnic com a nou preparador f\u00edsic.\u00a0<\/p>\n\n\n\n<p class=\"wp-block-paragraph\">L&#8217;extrem Tob\u00edas Rafael Pla Terol (07\/07\/1990) ha sigut qualificat com un home de &#8220;qualitat i gol&#8221; pel CD Bunyol, &#8220;que atresora una gran qualitat i que pot jugar per totes dues bandes. Aquesta \u00faltima temporada ha aconseguit marcar 8 gols, ajudant aix\u00ed al CD Utiel en la consecuci\u00f3 del t\u00edtol de lliga i l&#8217;ascens a Tercera. Tamb\u00e9 ha passat per equips importants de Preferent com l&#8217;UD Castellonenca, CD Borriana i Torre Levante CF; i de Tercera (Paterna CF, Ol\u00edmpic de X\u00e0tiva, Novelda CF, Recanvis Col\u00f3n CD, Atl\u00e8tic Sagunt\u00ed, CD Llosa, Juventut Barri Crist, Burjassot CF)&#8221;.<\/p>\n\n\n\n<p class=\"wp-block-paragraph\">Del mitja punta Alberto L\u00f3pez Nadal (04\/10\/1988) destaquen des del CD Bunyol la seua &#8220;experi\u00e8ncia i classe per al mig camp&#8221;. Un home que pot jugar &#8220;tamb\u00e9 de mig centre o segon davanter. Ve d&#8217;aconseguir t\u00edtol de lliga i ascens a Tercera amb el CD Utiel, aportant 6 gols. Tamb\u00e9 ha passat per equips de Preferent (Ciutat de Torrent, Recanvis Col\u00f3n, UD Castellonenc, CD Acer, Raig Ll\u00edria CF), aconseguint 4 t\u00edtols de lliga, 2 subcampionats, 6 promocions i 2 ascensos i en Tercera (Mislata CF, Catarroja CF, Paterna CF, SC Requena, Recanvis Col\u00f3n i Silla CF). Jugador amb molta classe i qualitat, que segur far\u00e0 gaudir als aficionats del Beltr\u00e1n&#8221;.<\/p>\n\n\n\n<p class=\"wp-block-paragraph\">Es tracta a m\u00e9s d&#8217;un jugador de plena confian\u00e7a de Luis Navarro, que ja es coneixen de la seua etapa de tres temporades al Paterna CF de Tercera Divisi\u00f3.<\/p>\n\n\n\n<p class=\"wp-block-paragraph\">Finalment, \u00c1lex Abarca Sim\u00f3 (18\/06\/1998) ha jugat 5 temporades a Alc\u00e0sser CF i ha aconseguit jugar la promoci\u00f3 aquesta \u00faltima temporada amb el Recanvis Col\u00f3n. &#8220;El jove davanter vol aportar molts gols a la davantera blanca. Volem agrair-te la predisposici\u00f3 que has tingut per a vindre i destacar les ganes amb les quals arribes a l&#8217;equip. \u00c1lex, benvingut a l&#8217;infern del Beltr\u00e1n!&#8221;, han finalitzat des del CD Bunyol.<\/p>\n\n\n\n<p class=\"wp-block-paragraph\"><strong>&#8220;Chondi&#8221;, nou preparador f\u00edsic<\/strong><\/p>\n\n\n\n<p class=\"wp-block-paragraph\">El CD Bunyol ha anunciat tamb\u00e9 que tanca els fitxatges en el seu cos t\u00e8cnic amb l&#8217;\u00faltima incorporaci\u00f3 de Juan Diego S\u00e1nchez &#8220;Chondi&#8221; (14\/09\/1988), que ser\u00e0 &#8220;l&#8217;encarregat de traure el m\u00e0xim rendiment als nostres jugadors en aquesta nova i exigent temporada.<\/p>\n\n\n\n<p class=\"wp-block-paragraph\">Juan Diego S\u00e1nchez \u201cChondi\u201d \u00e9s Llicenciat en Ci\u00e8ncies de l&#8217;Activitat F\u00edsica i de l&#8217;Esport amb especialitat en futbol i atletisme. Nivell II d&#8217;entrenador de futbol. Professor d&#8217;Educaci\u00f3 F\u00edsica de Secund\u00e0ria i Batxillerat. De la seua traject\u00f2ria destaca que de 2013a 2016 va ser Preparador f\u00edsic CF Torre Levante Tercera Divisi\u00f3. De 2017 a 2021 Preparador f\u00edsic CF Torre Levante DH Juvenil. I de 2013 a 2021 Coordinador preparaci\u00f3 f\u00edsica escola CF Torre Levante.<\/p>\n","protected":false},"excerpt":{"rendered":"<div class=\"mh-excerpt\">El Club Esportiu Bunyol continua incorporant nous jugadors a la seua plantilla per a refor\u00e7ar-se de cara a la nova temporada 2023-24 que s&#8217;iniciar\u00e0 el mes que ve i sens dubte amb l&#8217;objectiu de tornar <a class=\"mh-excerpt-more\" href=\"https:\/\/tucomarca.whitekongsoftware.com\/ca\/el-cd-bunyol-reforca-el-seu-atac-amb-el-davanter-alex-abarca-lextrem-tobias-rafael-pla-i-el-mitja-punta-alberto-lopez-i-fitxa-a-juan-diego-com-a-nou-preparador-fisic\/\" title=\"El CD Bunyol refor\u00e7a el seu atac amb el davanter \u00c1lex Abarca; l&#8217;extrem Tob\u00edas Rafael Pla i el mitja punta Alberto L\u00f3pez; i fitxa a Juan Diego com a nou preparador f\u00edsic\">[+] <\/a><\/div>\n","protected":false},"author":1,"featured_media":191214,"comment_status":"open","ping_status":"open","sticky":false,"template":"","format":"standard","meta":{"footnotes":""},"categories":[10911,11015,11003,10894,10912,10896],"tags":[11126,11074,11075,10914],"class_list":["post-191236","post","type-post","status-publish","format-standard","has-post-thumbnail","category-bunol-ca","category-canal-futbol","category-sports","category-la-comarca-ca","category-la-hoya-ca","category-seccion-ca","tag-cd-bunol-ca","tag-deportes-ca","tag-futbol-ca","tag-la-hoya-de-bunol-chiva-ca"],"_links":{"self":[{"href":"https:\/\/tucomarca.whitekongsoftware.com\/ca\/wp-json\/wp\/v2\/posts\/191236","targetHints":{"allow":["GET"]}}],"collection":[{"href":"https:\/\/tucomarca.whitekongsoftware.com\/ca\/wp-json\/wp\/v2\/posts"}],"about":[{"href":"https:\/\/tucomarca.whitekongsoftware.com\/ca\/wp-json\/wp\/v2\/types\/post"}],"author":[{"embeddable":true,"href":"https:\/\/tucomarca.whitekongsoftware.com\/ca\/wp-json\/wp\/v2\/users\/1"}],"replies":[{"embeddable":true,"href":"https:\/\/tucomarca.whitekongsoftware.com\/ca\/wp-json\/wp\/v2\/comments?post=191236"}],"version-history":[{"count":0,"href":"https:\/\/tucomarca.whitekongsoftware.com\/ca\/wp-json\/wp\/v2\/posts\/191236\/revisions"}],"wp:featuredmedia":[{"embeddable":true,"href":"https:\/\/tucomarca.whitekongsoftware.com\/ca\/wp-json\/wp\/v2\/media\/191214"}],"wp:attachment":[{"href":"https:\/\/tucomarca.whitekongsoftware.com\/ca\/wp-json\/wp\/v2\/media?parent=191236"}],"wp:term":[{"taxonomy":"category","embeddable":true,"href":"https:\/\/tucomarca.whitekongsoftware.com\/ca\/wp-json\/wp\/v2\/categories?post=191236"},{"taxonomy":"post_tag","embeddable":true,"href":"https:\/\/tucomarca.whitekongsoftware.com\/ca\/wp-json\/wp\/v2\/tags?post=191236"}],"curies":[{"name":"wp","href":"https:\/\/api.w.org\/{rel}","templated":true}]}}