{"id":191182,"date":"2023-07-12T13:00:00","date_gmt":"2023-07-12T12:00:00","guid":{"rendered":"https:\/\/www.tucomarca.com\/wordpress\/segunda\/?p=191182"},"modified":"2023-07-12T14:34:16","modified_gmt":"2023-07-12T13:34:16","slug":"la-diputacio-de-valencia-celebra-el-ple-de-constitucio-de-la-corporacio-per-a-la-legislatura-2023-27-aquest-divendres-sense-saber-qui-la-governara","status":"publish","type":"post","link":"https:\/\/tucomarca.whitekongsoftware.com\/ca\/la-diputacio-de-valencia-celebra-el-ple-de-constitucio-de-la-corporacio-per-a-la-legislatura-2023-27-aquest-divendres-sense-saber-qui-la-governara\/","title":{"rendered":"La Diputaci\u00f3 de Val\u00e8ncia celebra el ple de constituci\u00f3 de la corporaci\u00f3 per a la legislatura 2023-27 aquest divendres sense saber qui la governar\u00e0"},"content":{"rendered":"\n<p class=\"wp-block-paragraph\">La Diputaci\u00f3 de Val\u00e8ncia celebrar\u00e0 este divendres dia 14, a les 12.00 hores, la sessi\u00f3 extraordin\u00e0ria del ple per a la constituci\u00f3 de la corporaci\u00f3 de cara a la legislatura 2023-2027.<\/p>\n\n\n\n<p class=\"wp-block-paragraph\">A dos dies per a la conformaci\u00f3 de l&#8217;estament provincial, se segueix sense saber el color pol\u00edtic del govern que el dirigir\u00e0 durant els pr\u00f2xims quatre anys. ja que la formaci\u00f3 comarcal Ens Uneix, que dirigeix l&#8217;alcalde d&#8217;Ontinyent, Jorge Rodr\u00edguez, ha tornat a recordar aquest dimecres que mant\u00e9 la seua proposta que la presid\u00e8ncia de l&#8217;estament provincial recaiga sobre la seua candidata i \u00fanica diputada, Nat\u00e0lia Enguix. <\/p>\n\n\n\n<p class=\"wp-block-paragraph\">Jorge Rodr\u00edguez ha insistit que &#8220;l&#8217;\u00fanica possibilitat&#8221; que existisca un govern progressista configurat per PSPV-PSOE i Comprom\u00eds \u00e9s que totes dues formacions secunden i voten a la seua diputada com a presidenta.\u00a0<\/p>\n","protected":false},"excerpt":{"rendered":"<div class=\"mh-excerpt\">La Diputaci\u00f3 de Val\u00e8ncia celebrar\u00e0 este divendres dia 14, a les 12.00 hores, la sessi\u00f3 extraordin\u00e0ria del ple per a la constituci\u00f3 de la corporaci\u00f3 de cara a la legislatura 2023-2027. A dos dies per <a class=\"mh-excerpt-more\" href=\"https:\/\/tucomarca.whitekongsoftware.com\/ca\/la-diputacio-de-valencia-celebra-el-ple-de-constitucio-de-la-corporacio-per-a-la-legislatura-2023-27-aquest-divendres-sense-saber-qui-la-governara\/\" title=\"La Diputaci\u00f3 de Val\u00e8ncia celebra el ple de constituci\u00f3 de la corporaci\u00f3 per a la legislatura 2023-27 aquest divendres sense saber qui la governar\u00e0\">[+] <\/a><\/div>\n","protected":false},"author":13,"featured_media":191180,"comment_status":"open","ping_status":"open","sticky":false,"template":"","format":"standard","meta":{"footnotes":""},"categories":[10898,10948,10894,10904,10947,10896],"tags":[11246,11140],"class_list":["post-191182","post","type-post","status-publish","format-standard","has-post-thumbnail","category-ventana-ca","category-infraestructuras-ca","category-la-comarca-ca","category-sin-categorizar-ca","category-politica","category-seccion-ca","tag-diputacio-de-valencia-ca","tag-politica-ca"],"_links":{"self":[{"href":"https:\/\/tucomarca.whitekongsoftware.com\/ca\/wp-json\/wp\/v2\/posts\/191182","targetHints":{"allow":["GET"]}}],"collection":[{"href":"https:\/\/tucomarca.whitekongsoftware.com\/ca\/wp-json\/wp\/v2\/posts"}],"about":[{"href":"https:\/\/tucomarca.whitekongsoftware.com\/ca\/wp-json\/wp\/v2\/types\/post"}],"author":[{"embeddable":true,"href":"https:\/\/tucomarca.whitekongsoftware.com\/ca\/wp-json\/wp\/v2\/users\/13"}],"replies":[{"embeddable":true,"href":"https:\/\/tucomarca.whitekongsoftware.com\/ca\/wp-json\/wp\/v2\/comments?post=191182"}],"version-history":[{"count":0,"href":"https:\/\/tucomarca.whitekongsoftware.com\/ca\/wp-json\/wp\/v2\/posts\/191182\/revisions"}],"wp:featuredmedia":[{"embeddable":true,"href":"https:\/\/tucomarca.whitekongsoftware.com\/ca\/wp-json\/wp\/v2\/media\/191180"}],"wp:attachment":[{"href":"https:\/\/tucomarca.whitekongsoftware.com\/ca\/wp-json\/wp\/v2\/media?parent=191182"}],"wp:term":[{"taxonomy":"category","embeddable":true,"href":"https:\/\/tucomarca.whitekongsoftware.com\/ca\/wp-json\/wp\/v2\/categories?post=191182"},{"taxonomy":"post_tag","embeddable":true,"href":"https:\/\/tucomarca.whitekongsoftware.com\/ca\/wp-json\/wp\/v2\/tags?post=191182"}],"curies":[{"name":"wp","href":"https:\/\/api.w.org\/{rel}","templated":true}]}}