{"id":191172,"date":"2023-07-12T07:45:00","date_gmt":"2023-07-12T06:45:00","guid":{"rendered":"https:\/\/www.tucomarca.com\/wordpress\/segunda\/?p=191172"},"modified":"2023-07-12T18:16:56","modified_gmt":"2023-07-12T17:16:56","slug":"la-banda-juvenil-del-cim-la-armonica-de-bunyol-juntament-amb-la-banda-juvenil-cim-mislata-ofereixen-un-concert-aquest-dissabte","status":"publish","type":"post","link":"https:\/\/tucomarca.whitekongsoftware.com\/ca\/la-banda-juvenil-del-cim-la-armonica-de-bunyol-juntament-amb-la-banda-juvenil-cim-mislata-ofereixen-un-concert-aquest-dissabte\/","title":{"rendered":"La Banda Juvenil del CIM &#8220;La Arm\u00f3nica&#8221; de Bunyol juntament amb la Banda Juvenil CIM Mislata ofereixen un concert aquest dissabte"},"content":{"rendered":"\n<p class=\"wp-block-paragraph\">Aquest dissabte, 15 de juliol, a les 20,00 hores, la Banda Juvenil del CIM &#8220;La Arm\u00f3nica&#8221; de Bunyol ofereix un concert conjunt amb la Banda Juvenil CIM Mislata, als jardins de &#8220;La Arm\u00f3nica&#8221; (Viach\u00e9n).<\/p>\n\n\n\n<p class=\"wp-block-paragraph\">Aquest concert forma part de la XX Campanya de Concerts d&#8217;Intercanvis Musicals, que compr\u00e9n des de l&#8217;1 de juny fins al 15 d&#8217;octubre d&#8217;aquest 2023.<\/p>\n","protected":false},"excerpt":{"rendered":"<div class=\"mh-excerpt\">Aquest dissabte, 15 de juliol, a les 20,00 hores, la Banda Juvenil del CIM &#8220;La Arm\u00f3nica&#8221; de Bunyol ofereix un concert conjunt amb la Banda Juvenil CIM Mislata, als jardins de &#8220;La Arm\u00f3nica&#8221; (Viach\u00e9n). Aquest <a class=\"mh-excerpt-more\" href=\"https:\/\/tucomarca.whitekongsoftware.com\/ca\/la-banda-juvenil-del-cim-la-armonica-de-bunyol-juntament-amb-la-banda-juvenil-cim-mislata-ofereixen-un-concert-aquest-dissabte\/\" title=\"La Banda Juvenil del CIM &#8220;La Arm\u00f3nica&#8221; de Bunyol juntament amb la Banda Juvenil CIM Mislata ofereixen un concert aquest dissabte\">[+] <\/a><\/div>\n","protected":false},"author":13,"featured_media":191170,"comment_status":"open","ping_status":"open","sticky":false,"template":"","format":"standard","meta":{"footnotes":""},"categories":[11019,10911,11005,10894,10912,11007,10896],"tags":[10913,11066,11209,10914],"class_list":["post-191172","post","type-post","status-publish","format-standard","has-post-thumbnail","category-agenda-ca","category-bunol-ca","category-canal-musica","category-la-comarca-ca","category-la-hoya-ca","category-ocio-y-cultura-ca","category-seccion-ca","tag-bunol-ca","tag-musica-ca","tag-cim-la-armonica-de-bunol-ca","tag-la-hoya-de-bunol-chiva-ca"],"_links":{"self":[{"href":"https:\/\/tucomarca.whitekongsoftware.com\/ca\/wp-json\/wp\/v2\/posts\/191172","targetHints":{"allow":["GET"]}}],"collection":[{"href":"https:\/\/tucomarca.whitekongsoftware.com\/ca\/wp-json\/wp\/v2\/posts"}],"about":[{"href":"https:\/\/tucomarca.whitekongsoftware.com\/ca\/wp-json\/wp\/v2\/types\/post"}],"author":[{"embeddable":true,"href":"https:\/\/tucomarca.whitekongsoftware.com\/ca\/wp-json\/wp\/v2\/users\/13"}],"replies":[{"embeddable":true,"href":"https:\/\/tucomarca.whitekongsoftware.com\/ca\/wp-json\/wp\/v2\/comments?post=191172"}],"version-history":[{"count":0,"href":"https:\/\/tucomarca.whitekongsoftware.com\/ca\/wp-json\/wp\/v2\/posts\/191172\/revisions"}],"wp:featuredmedia":[{"embeddable":true,"href":"https:\/\/tucomarca.whitekongsoftware.com\/ca\/wp-json\/wp\/v2\/media\/191170"}],"wp:attachment":[{"href":"https:\/\/tucomarca.whitekongsoftware.com\/ca\/wp-json\/wp\/v2\/media?parent=191172"}],"wp:term":[{"taxonomy":"category","embeddable":true,"href":"https:\/\/tucomarca.whitekongsoftware.com\/ca\/wp-json\/wp\/v2\/categories?post=191172"},{"taxonomy":"post_tag","embeddable":true,"href":"https:\/\/tucomarca.whitekongsoftware.com\/ca\/wp-json\/wp\/v2\/tags?post=191172"}],"curies":[{"name":"wp","href":"https:\/\/api.w.org\/{rel}","templated":true}]}}