{"id":191099,"date":"2023-07-12T08:00:00","date_gmt":"2023-07-12T07:00:00","guid":{"rendered":"https:\/\/www.tucomarca.com\/wordpress\/segunda\/?p=191099"},"modified":"2023-07-12T11:29:56","modified_gmt":"2023-07-12T10:29:56","slug":"ava-asaja-exigeix-al-govern-que-no-deixe-fora-la-vinya-i-olivar-en-les-ajudes-per-la-sequera","status":"publish","type":"post","link":"https:\/\/tucomarca.whitekongsoftware.com\/ca\/ava-asaja-exigeix-al-govern-que-no-deixe-fora-la-vinya-i-olivar-en-les-ajudes-per-la-sequera\/","title":{"rendered":"AVA-Asaja exigeix al Govern que no deixe fora la vinya i olivar en les ajudes per la sequera"},"content":{"rendered":"\n<h4 class=\"wp-block-heading\">L&#8217;organitzaci\u00f3 valenciana valora positivament que l&#8217;esborrany atenga la seua petici\u00f3 d&#8217;incorporar en les ajudes als c\u00edtrics, fruita seca, d&#8217;os i subtropicals<\/h4>\n\n\n\n<p class=\"wp-block-paragraph\">No plou a gust de tots en el projecte d&#8217;ordre que el Govern ha donat a con\u00e9ixer al sector agrari, mitjan\u00e7ant el qual avan\u00e7a les seues intencions de determinar les quanties, zones i cultius beneficiaris de les ajudes directes per a fer front als efectes negatius de la sequera, disposades en el Reial decret llei 4\/2023, d&#8217;11 de maig, i per a les quals Espanya compta amb 81 milions d&#8217;euros addicionals de la reserva de crisi de la Uni\u00f3 Europea.<br>L&#8217;Associaci\u00f3 Valenciana d&#8217;Agricultors (AVA-Asaja) exigeix al Govern central que no deixe fora d&#8217;aquest paquet d&#8217;ajudes la vinya i l&#8217;olivar \u201cper ser dues produccions extremadament afectades per la falta de pluges en les quals es preveu una greu disminuci\u00f3 de la futura collita i, fins i tot, l&#8217;aparici\u00f3 de vinyes seques que acabaran morint per d\u00e8ficit h\u00eddric\u201d. Precisament l&#8217;associaci\u00f3 denunciava fa uns dies \u201cla dram\u00e0tica crisi que estan travessant els viticultors d&#8217;Utiel-Requena i altres zones de sec\u00e0 per, entre altres motius, la sequera\u201d.<br>En canvi, AVA-Asaja valora positivament que l&#8217;esborrany atenga la seua petici\u00f3 d&#8217;incorporar en les ajudes directes als c\u00edtrics, fruites d&#8217;os, fruites subtropicals i fruits de corfa. En considerar el Govern que les tres prov\u00edncies de la Comunitat Valenciana s\u00f3n zones d&#8217;afecci\u00f3 mitjana en aquesta mena de cultius, els imports m\u00e0xims plantejats s\u00f3n 137,5 euros per hect\u00e0rea en c\u00edtrics i fruiters i 46 euros per hect\u00e0rea en fruits de corfa. El projecte d&#8217;ordre tamb\u00e9 estableix la quantia m\u00ednima per beneficiari en 200 euros, per la qual cosa no cobrarien aquells titulars d&#8217;explotacions amb una grand\u00e0ria menor a 1,45 hect\u00e0rees de c\u00edtrics o fruiters i 4,3 hect\u00e0rees de fruits de corfa.<br>Per a AVA-Asaja \u201cla inclusi\u00f3 en la reserva de crisi dels c\u00edtrics, la resta de fruiteres (entre ells el caqui, l&#8217;alvocat i les fruites d&#8217;os) i la fruita seca com l&#8217;ametla suposa una mesura justa i raonable, ja que aquests cultius igualment patiran aquesta campanya un minvament de producci\u00f3 a causa de l&#8217;anomalia clim\u00e0tica, aix\u00ed com importants sobrecostos econ\u00f2mics per haver hagut de regar quatre mesos abans amb el preu de l&#8217;energia encara en nivells hist\u00f2ricament elevats\u201d.<br>A m\u00e9s d&#8217;afegir la vinya i l&#8217;olivar als cultius beneficiaris de les ajudes directes per la sequera, una altra al\u00b7legaci\u00f3 presentada per AVA-Asaja per a millorar aquest projecte d&#8217;ordre \u00e9s que el Govern no sols atorgue aquests suports financers als productors que tramiten la Sol\u00b7licitud \u00danica de la Pol\u00edtica Agr\u00edcola Comuna (PAC), sin\u00f3 a tots aquells que estiguen inscrits en el Registre General de la Producci\u00f3 Agr\u00edcola (REGEPA) perqu\u00e8, d&#8217;aqueixa manera, no es quedaran fora un n\u00famero considerable dels agricultors valencians.<br><br>Ajudes a agricultors i ramaders<br>En una primera part de l&#8217;esborrany governamental tamb\u00e9 es concedeixen ajudes m\u00e0ximes de 43,5 euros per hect\u00e0rea per als productors valencians d&#8217;herbacis de sec\u00e0, mentre que els titulars sobrepassen les 4,6 hect\u00e0rees de superf\u00edcie. Per a AVA-Asaja es tracta de \u201cuna quantia absolutament insuficient\u201d. Altres cultius agregats en aquest apartat s\u00f3n l&#8217;arr\u00f2s (si no s&#8217;ha pogut sembrar per sequera) amb un import m\u00e0xim de 205,8 euros per hect\u00e0rea, tomaca d&#8217;ind\u00fastria amb 456,7 euros per hect\u00e0rea i cireres del Jerte amb 2.500 euros per hect\u00e0rea.<br>Per part seua, el FEGA ha publicat la resoluci\u00f3 que recull el llistat provisional de beneficiaris de les ajudes extraordin\u00e0ries als sectors ramaders. Els imports per vaca de carn (nodrissa) s\u00f3n 143,48 euros (per a les 250 primeres vaques, un 50% dels imports des de la 251 fins a la totalitat del seu cens); per vaca de llet s\u00f3n 55,12 euros (m\u00e0xim de 725 animals subvencionables per beneficiari); per ovella i cabra de carn s\u00f3n 15,89 euros; i per ovella i cabra de llet s\u00f3n 8,66 euros. Els productors d&#8217;ovelles i cabres percebran el 100% dels imports respectius per als primers 2.000 animals, i el 50% dels mateixos per a la resta dels seus animals elegibles.<br>Les ajudes per a l&#8217;apicultura de la Comunitat Valenciana ascendeixen a 646.750 euros. S&#8217;atorguen per titular conforme a les seg\u00fcents quanties m\u00e0ximes per beneficiari at\u00e9s la grand\u00e0ria de l&#8217;explotaci\u00f3: de 150 a 450 ruscos: 825 euros; de 451 a 1.000 ruscos: 1.650 euros; i m\u00e9s de 1.001 ruscos: 2.200 euros.<\/p>\n\n\n\n<p class=\"wp-block-paragraph\"><\/p>\n","protected":false},"excerpt":{"rendered":"<div class=\"mh-excerpt\">L&#8217;organitzaci\u00f3 valenciana valora positivament que l&#8217;esborrany atenga la seua petici\u00f3 d&#8217;incorporar en les ajudes als c\u00edtrics, fruita seca, d&#8217;os i subtropicals No plou a gust de tots en el projecte d&#8217;ordre que el Govern ha <a class=\"mh-excerpt-more\" href=\"https:\/\/tucomarca.whitekongsoftware.com\/ca\/ava-asaja-exigeix-al-govern-que-no-deixe-fora-la-vinya-i-olivar-en-les-ajudes-per-la-sequera\/\" title=\"AVA-Asaja exigeix al Govern que no deixe fora la vinya i olivar en les ajudes per la sequera\">[+] <\/a><\/div>\n","protected":false},"author":12,"featured_media":71878,"comment_status":"open","ping_status":"open","sticky":false,"template":"","format":"standard","meta":{"footnotes":""},"categories":[10890,10905,10951,10892,11046,10898,10948,10963,10894,10904,10912,10902,10903,10947,10909,10896],"tags":[11924,19493],"class_list":["post-191099","post","type-post","status-publish","format-standard","has-post-thumbnail","category-ademus","category-agricultura-la-comarca-ca","category-ayora-cofrentes-ca","category-camp-de-turia-ca","category-los-serranos-ca","category-ventana-ca","category-infraestructuras-ca","category-la-canal-de-navarres-ca","category-la-comarca-ca","category-sin-categorizar-ca","category-la-hoya-ca","category-la-ribera-ca","category-medio-ambiente-la-comarca-ca","category-politica","category-requena-utiel-ca","category-seccion-ca","tag-ava-asaja-ca","tag-ayudas-por-la-sequia-ca"],"_links":{"self":[{"href":"https:\/\/tucomarca.whitekongsoftware.com\/ca\/wp-json\/wp\/v2\/posts\/191099","targetHints":{"allow":["GET"]}}],"collection":[{"href":"https:\/\/tucomarca.whitekongsoftware.com\/ca\/wp-json\/wp\/v2\/posts"}],"about":[{"href":"https:\/\/tucomarca.whitekongsoftware.com\/ca\/wp-json\/wp\/v2\/types\/post"}],"author":[{"embeddable":true,"href":"https:\/\/tucomarca.whitekongsoftware.com\/ca\/wp-json\/wp\/v2\/users\/12"}],"replies":[{"embeddable":true,"href":"https:\/\/tucomarca.whitekongsoftware.com\/ca\/wp-json\/wp\/v2\/comments?post=191099"}],"version-history":[{"count":0,"href":"https:\/\/tucomarca.whitekongsoftware.com\/ca\/wp-json\/wp\/v2\/posts\/191099\/revisions"}],"wp:featuredmedia":[{"embeddable":true,"href":"https:\/\/tucomarca.whitekongsoftware.com\/ca\/wp-json\/wp\/v2\/media\/71878"}],"wp:attachment":[{"href":"https:\/\/tucomarca.whitekongsoftware.com\/ca\/wp-json\/wp\/v2\/media?parent=191099"}],"wp:term":[{"taxonomy":"category","embeddable":true,"href":"https:\/\/tucomarca.whitekongsoftware.com\/ca\/wp-json\/wp\/v2\/categories?post=191099"},{"taxonomy":"post_tag","embeddable":true,"href":"https:\/\/tucomarca.whitekongsoftware.com\/ca\/wp-json\/wp\/v2\/tags?post=191099"}],"curies":[{"name":"wp","href":"https:\/\/api.w.org\/{rel}","templated":true}]}}