{"id":190971,"date":"2023-07-11T08:00:00","date_gmt":"2023-07-11T07:00:00","guid":{"rendered":"https:\/\/www.tucomarca.com\/wordpress\/segunda\/?p=190971"},"modified":"2023-07-11T09:23:00","modified_gmt":"2023-07-11T08:23:00","slug":"la-directora-bunyolense-carmen-mas-arocas-es-posa-al-capdavant-de-la-banda-simfonica-municipal-de-madrid","status":"publish","type":"post","link":"https:\/\/tucomarca.whitekongsoftware.com\/ca\/la-directora-bunyolense-carmen-mas-arocas-es-posa-al-capdavant-de-la-banda-simfonica-municipal-de-madrid\/","title":{"rendered":"La directora bunyolense Carmen Mas Arocas es posa al capdavant de la Banda Simf\u00f2nica Municipal de Madrid"},"content":{"rendered":"\n<h3 class=\"wp-block-heading\">Dirigir\u00e0 el concert que l&#8217;agrupaci\u00f3 madrilenya oferir\u00e0 el diumenge 16 de juliol dins del cicle de primavera-estiu.<\/h3>\n\n\n\n<h3 class=\"wp-block-heading\">Sota el t\u00edtol \u201cSons de les Am\u00e8riques\u201d el programa triat per la valenciana inclour\u00e0 obres de Leonard Bernstein, Astor Piazzola, Alberto Ginastera, Arturo M\u00e1rquez, Jos\u00e9 Pablo Moncayo i Agust\u00edn Lara.<\/h3>\n\n\n\n<p class=\"wp-block-paragraph\">La directora bunyolense Carmen Mas Arocas es troba aquests dies a Madrid assajant amb la Banda Simf\u00f2nica Municipal de la capital amb la qual oferir\u00e0 un concert diumenge que ve 16 de juliol en qualitat de directora convidada en el marc del cicle de primavera-estiu de l&#8217;agrupaci\u00f3.<\/p>\n\n\n\n<p class=\"wp-block-paragraph\">\u00c9s la primera vegada que Carmen Mas es posa al capdavant d&#8217;aquesta formaci\u00f3, una de les agrupacions de m\u00e9s prestigi del nostre pa\u00eds, i per aix\u00f2 se sent molt il\u00b7lusionada davant la possibilitat de dirigir a aquesta Banda Municipal que, igual que la Banda Simf\u00f2nica Municipal de Val\u00e8ncia, est\u00e0 formada per m\u00fasics d&#8217;un alt nivell professional i per les tarimes del qual han passat grans directors amb dilatades carreres art\u00edstiques tant en bandes com en orquestres de primer nivell.\u00a0<\/p>\n\n\n\n<p class=\"wp-block-paragraph\">El concert es realitzar\u00e0 a partir de les 12,00 hores en el Templet del parc del Retir, un lloc molt popular que per a Carmen suposa \u201cun gran respecte, ja que ocupar\u00e9 el podi on han estat els m\u00fasics m\u00e9s insignes d&#8217;aquest pa\u00eds com per exemple els mestres Ricardo Villa (fundador de la Banda i violinista), Enrique Garc\u00eda Asensio, Pablo Soroz\u00e1bal, Jes\u00fas Arambarr\u00ed\u2026 i per descomptat el seu director actual, Jan Cober\u201d.&nbsp;<\/p>\n\n\n\n<p class=\"wp-block-paragraph\">Sota el t\u00edtol de \u201cSons de les Am\u00e8riques\u201d el programa inclour\u00e0 obres de Leonard Bernstein, Astor Piazzola, Alberto Evaristo Ginastera, Arturo M\u00e1rquez, Jos\u00e9 Pablo Moncayo o Agust\u00edn Lara. Les raons que li han motivat a triar aquestes peces s\u00f3n que, com Carmen Mas relata, \u201cvolia que fora un programa fresc, din\u00e0mic, popular i concorde a un concert d&#8217;estiu, on el p\u00fablic es divertira, realitzant en aquesta ocasi\u00f3 un viatge per les Am\u00e8riques, i com tot viatge cal assaborir els ritmes i melodies caracter\u00edstics de cada pa\u00eds.\u201d&nbsp;<\/p>\n\n\n\n<p class=\"wp-block-paragraph\">Segons la directora \u201cles bandes professionals espanyoles s\u00f3n un clar referent tant dins com fora de les nostres fronteres, amb una llarga tradici\u00f3, un gran nivell art\u00edstic i per descomptat una funci\u00f3 social que cal cuidar, acaronar i respectar. Realitzen una gran labor cultural i social i s\u00f3n vaixells ins\u00edgnies de les nostres arrels i tradicions al mateix temps que exemple de modernitat\u201d. En aquest sentit, lamenta l&#8217;injust tracte que a vegades reben enfront de les orquestres, i considera que \u201ca vegades hi ha una clara discriminaci\u00f3 de tracte amb els directors de banda i no tenen el reconeixement que haurien de tindre, igual que passa amb els m\u00fasics de totes dues agrupacions\u201d.&nbsp;<\/p>\n\n\n\n<p class=\"wp-block-paragraph\">El concert de Carmen Mas Arocas amb la Banda Simf\u00f2nica Municipal de Madrid suposa un pas m\u00e9s en la seua llarga traject\u00f2ria professional, una carrera fonamentada en \u201cel pas del temps, en coneixements adquirits dia rere dia i en les situacions que van apareixent al llarg del cam\u00ed. El cam\u00ed cap a \u00cdtaca \u00e9s molt llarg! Tots aquests factors t&#8217;ajuden a cr\u00e9ixer i crear la teua pr\u00f2pia identitat. La del director \u00e9s, sens dubte, una carrera de fons, on cal cr\u00e9ixer, caminar, entropessar-se, al\u00e7ar-se i aguantar\u201d.\u00a0<\/p>\n\n\n\n<p class=\"wp-block-paragraph\">Quant als seus pr\u00f2xims projectes despr\u00e9s de la cita del 16 de juliol, el director compte que \u201cdespr\u00e9s de Madrid potser t\u00e9 les dues o tres setmanes m\u00e9s importants de l&#8217;any\u2026\u201d. Entre riures, explica que qualsevol m\u00fasic professional entendr\u00e0 les seues paraules: \u201che de dedicar una mica de temps a la meua fam\u00edlia i a la meua gent m\u00e9s pr\u00f2xima i intentar llevar-me la culpa per les meues abs\u00e8ncies. Els altres projectes els anir\u00e9 anunciant m\u00e9s endavant, a poc a poc, perqu\u00e8 com he dit, el cam\u00ed a \u00cctaca \u00e9s llarg!\u201d.<\/p>\n\n\n\n<p class=\"wp-block-paragraph\"><strong>Carmen M\u00e1s Arocas<br><\/strong>Graduada Superior en Direcci\u00f3 d&#8217;Orquestra pel Centre Superior de M\u00fasica Katarina Gurska (CSCG) de Madrid amb el mestre Borja Quintas Melero, Carmen M\u00e1s-Arocas \u00e9s al seu torn \u201cM\u00e0ster en Musicologia, educaci\u00f3 musical i interpretaci\u00f3 de la M\u00fasica Antiga\u201d, per la Universitat Aut\u00f2noma de Barcelona (UAB) i l&#8217;Escola Superior de M\u00fasica de Barcelona, ESMUC.<\/p>\n\n\n\n<p class=\"wp-block-paragraph\">Batuta d&#8217;intensa carrera professional, ha dirigit entre altres l&#8217;Orquestra Filharm\u00f2nica de Sant Petersburg, Orquestra del Teatre i de l&#8217;Opera de Ruse a Bulg\u00e0ria, Karlovy Vary Symphony Orquestra a Rep\u00fablica Txeca, Orquestra del Liceu Musicale Statale Farmesina de Roma o l&#8217;Orquestra del Conservatori de Ginebra, entre altres.<\/p>\n\n\n\n<p class=\"wp-block-paragraph\">Carmen Mas Arocas \u00e9s directora titular i art\u00edstica des de la seua creaci\u00f3 en 2011 de l&#8217;Orquestra Filharm\u00f2nica Mart\u00edn i Soler de Val\u00e8ncia i de l&#8217;Orquestra del Conservatori Professional-Municipal de M\u00fasica de Riba-roja de T\u00faria, sent principal directora convidada en els projectes orquestrals realitzats en el Conservatori Professional Jos\u00e9 Peris Lacasa d&#8217;Alcany\u00eds (Terol) i en l&#8217;Orquestra de la \u201cSocietat Uni\u00f3 Musical Santa Cec\u00edlia d\u2019Onda\u201d (Castell\u00f3).<\/p>\n","protected":false},"excerpt":{"rendered":"<div class=\"mh-excerpt\">Dirigir\u00e0 el concert que l&#8217;agrupaci\u00f3 madrilenya oferir\u00e0 el diumenge 16 de juliol dins del cicle de primavera-estiu. Sota el t\u00edtol \u201cSons de les Am\u00e8riques\u201d el programa triat per la valenciana inclour\u00e0 obres de Leonard Bernstein, <a class=\"mh-excerpt-more\" href=\"https:\/\/tucomarca.whitekongsoftware.com\/ca\/la-directora-bunyolense-carmen-mas-arocas-es-posa-al-capdavant-de-la-banda-simfonica-municipal-de-madrid\/\" title=\"La directora bunyolense Carmen Mas Arocas es posa al capdavant de la Banda Simf\u00f2nica Municipal de Madrid\">[+] <\/a><\/div>\n","protected":false},"author":1,"featured_media":190969,"comment_status":"open","ping_status":"open","sticky":false,"template":"","format":"standard","meta":{"footnotes":""},"categories":[10911,11005,10894,10904,10912,11007,10896],"tags":[10913,19489,10914],"class_list":["post-190971","post","type-post","status-publish","format-standard","has-post-thumbnail","category-bunol-ca","category-canal-musica","category-la-comarca-ca","category-sin-categorizar-ca","category-la-hoya-ca","category-ocio-y-cultura-ca","category-seccion-ca","tag-bunol-ca","tag-directora-ca","tag-la-hoya-de-bunol-chiva-ca"],"_links":{"self":[{"href":"https:\/\/tucomarca.whitekongsoftware.com\/ca\/wp-json\/wp\/v2\/posts\/190971","targetHints":{"allow":["GET"]}}],"collection":[{"href":"https:\/\/tucomarca.whitekongsoftware.com\/ca\/wp-json\/wp\/v2\/posts"}],"about":[{"href":"https:\/\/tucomarca.whitekongsoftware.com\/ca\/wp-json\/wp\/v2\/types\/post"}],"author":[{"embeddable":true,"href":"https:\/\/tucomarca.whitekongsoftware.com\/ca\/wp-json\/wp\/v2\/users\/1"}],"replies":[{"embeddable":true,"href":"https:\/\/tucomarca.whitekongsoftware.com\/ca\/wp-json\/wp\/v2\/comments?post=190971"}],"version-history":[{"count":0,"href":"https:\/\/tucomarca.whitekongsoftware.com\/ca\/wp-json\/wp\/v2\/posts\/190971\/revisions"}],"wp:featuredmedia":[{"embeddable":true,"href":"https:\/\/tucomarca.whitekongsoftware.com\/ca\/wp-json\/wp\/v2\/media\/190969"}],"wp:attachment":[{"href":"https:\/\/tucomarca.whitekongsoftware.com\/ca\/wp-json\/wp\/v2\/media?parent=190971"}],"wp:term":[{"taxonomy":"category","embeddable":true,"href":"https:\/\/tucomarca.whitekongsoftware.com\/ca\/wp-json\/wp\/v2\/categories?post=190971"},{"taxonomy":"post_tag","embeddable":true,"href":"https:\/\/tucomarca.whitekongsoftware.com\/ca\/wp-json\/wp\/v2\/tags?post=190971"}],"curies":[{"name":"wp","href":"https:\/\/api.w.org\/{rel}","templated":true}]}}