{"id":190911,"date":"2023-07-10T14:00:00","date_gmt":"2023-07-10T13:00:00","guid":{"rendered":"https:\/\/www.tucomarca.com\/wordpress\/segunda\/?p=190911"},"modified":"2023-07-10T17:49:23","modified_gmt":"2023-07-10T16:49:23","slug":"el-jugador-bunyolense-ximo-lora-cortes-renova-per-segona-temporada-consecutiva-amb-lhandbol-soria","status":"publish","type":"post","link":"https:\/\/tucomarca.whitekongsoftware.com\/ca\/el-jugador-bunyolense-ximo-lora-cortes-renova-per-segona-temporada-consecutiva-amb-lhandbol-soria\/","title":{"rendered":"El jugador bunyolense Ximo Lora Cort\u00e9s renova per segona temporada consecutiva amb l&#8217;Handbol Soria"},"content":{"rendered":"\n<p class=\"wp-block-paragraph\">El jugador d&#8217;handbol bunyolense de 24 anys, Ximo Lora Cort\u00e9s, conegut per l&#8217;afici\u00f3 soriana per la campanya passada, ha tornat a fitxar per l&#8217;Handbol Soria, equip de la Primera Nacional Mascul\u00ed de l&#8217;handbol espanyol.<\/p>\n\n\n\n<p class=\"wp-block-paragraph\">El jugador de Bunyol ha demostrat un gran potencial en la faceta defensiva com a pivot, on es caracteritza per ser un jugador dur i batallador, dif\u00edcilment superable per l&#8217;atac contrari i de suport i ajuda constant als seus companys.<\/p>\n\n\n\n<p class=\"wp-block-paragraph\">En aquesta segona temporada, a m\u00e9s de la seua capacitat defensiva ja demostrada, mostrar\u00e0 tamb\u00e9 el gran potencial que t\u00e9 en l&#8217;aspecte ofensiu, on \u00e9s fonamental amb la seua ajuda al joc col\u00b7lectiu d&#8217;atac amb els seus moviments i bloquejos.<\/p>\n","protected":false},"excerpt":{"rendered":"<div class=\"mh-excerpt\">El jugador d&#8217;handbol bunyolense de 24 anys, Ximo Lora Cort\u00e9s, conegut per l&#8217;afici\u00f3 soriana per la campanya passada, ha tornat a fitxar per l&#8217;Handbol Soria, equip de la Primera Nacional Mascul\u00ed de l&#8217;handbol espanyol. El <a class=\"mh-excerpt-more\" href=\"https:\/\/tucomarca.whitekongsoftware.com\/ca\/el-jugador-bunyolense-ximo-lora-cortes-renova-per-segona-temporada-consecutiva-amb-lhandbol-soria\/\" title=\"El jugador bunyolense Ximo Lora Cort\u00e9s renova per segona temporada consecutiva amb l&#8217;Handbol Soria\">[+] <\/a><\/div>\n","protected":false},"author":12,"featured_media":190910,"comment_status":"open","ping_status":"open","sticky":false,"template":"","format":"standard","meta":{"footnotes":""},"categories":[10911,11003,10894,10912,11009,10896],"tags":[11884,10913,10914,19487],"class_list":["post-190911","post","type-post","status-publish","format-standard","has-post-thumbnail","category-bunol-ca","category-sports","category-la-comarca-ca","category-la-hoya-ca","category-polideportivo-ca","category-seccion-ca","tag-balonmano-ca","tag-bunol-ca","tag-la-hoya-de-bunol-chiva-ca","tag-ximo-lora-cortes-ca"],"_links":{"self":[{"href":"https:\/\/tucomarca.whitekongsoftware.com\/ca\/wp-json\/wp\/v2\/posts\/190911","targetHints":{"allow":["GET"]}}],"collection":[{"href":"https:\/\/tucomarca.whitekongsoftware.com\/ca\/wp-json\/wp\/v2\/posts"}],"about":[{"href":"https:\/\/tucomarca.whitekongsoftware.com\/ca\/wp-json\/wp\/v2\/types\/post"}],"author":[{"embeddable":true,"href":"https:\/\/tucomarca.whitekongsoftware.com\/ca\/wp-json\/wp\/v2\/users\/12"}],"replies":[{"embeddable":true,"href":"https:\/\/tucomarca.whitekongsoftware.com\/ca\/wp-json\/wp\/v2\/comments?post=190911"}],"version-history":[{"count":0,"href":"https:\/\/tucomarca.whitekongsoftware.com\/ca\/wp-json\/wp\/v2\/posts\/190911\/revisions"}],"wp:featuredmedia":[{"embeddable":true,"href":"https:\/\/tucomarca.whitekongsoftware.com\/ca\/wp-json\/wp\/v2\/media\/190910"}],"wp:attachment":[{"href":"https:\/\/tucomarca.whitekongsoftware.com\/ca\/wp-json\/wp\/v2\/media?parent=190911"}],"wp:term":[{"taxonomy":"category","embeddable":true,"href":"https:\/\/tucomarca.whitekongsoftware.com\/ca\/wp-json\/wp\/v2\/categories?post=190911"},{"taxonomy":"post_tag","embeddable":true,"href":"https:\/\/tucomarca.whitekongsoftware.com\/ca\/wp-json\/wp\/v2\/tags?post=190911"}],"curies":[{"name":"wp","href":"https:\/\/api.w.org\/{rel}","templated":true}]}}