{"id":190897,"date":"2023-07-10T08:58:00","date_gmt":"2023-07-10T07:58:00","guid":{"rendered":"https:\/\/www.tucomarca.com\/wordpress\/segunda\/?p=190897"},"modified":"2023-07-10T17:34:40","modified_gmt":"2023-07-10T16:34:40","slug":"lagrupacio-musical-de-patraix-i-la-banda-juvenil-la-lira-de-xest-protagonitzen-la-tercera-actuacio-del-cicle-de-serenates-2023","status":"publish","type":"post","link":"https:\/\/tucomarca.whitekongsoftware.com\/ca\/lagrupacio-musical-de-patraix-i-la-banda-juvenil-la-lira-de-xest-protagonitzen-la-tercera-actuacio-del-cicle-de-serenates-2023\/","title":{"rendered":"L&#8217;Agrupaci\u00f3 Musical de Patraix i la Banda Juvenil &#8216;La Lira&#8217; de Xest protagonitzen la tercera actuaci\u00f3 del cicle de Serenates 2023"},"content":{"rendered":"\n<p class=\"wp-block-paragraph\">Dissabte passat, 8 de juliol, la pla\u00e7a Doctor Cajal va acollir la tercera actuaci\u00f3 del cicle de Serenates 2023, en la qual van compartir escenari l&#8217;Agrupaci\u00f3 Musical de Patraix i la Banda Juvenil de l&#8217;Associaci\u00f3 Musical La Lira de Xest.<\/p>\n\n\n\n<p class=\"wp-block-paragraph\">\u201cAquest concert s&#8217;emmarca en la XX Campanya d&#8217;Intercanvis Musicals organitzada per l&#8217;Institut Valenci\u00e0 de Cultura i la Federaci\u00f3 de Societats Musicals de la Comunitat Valenciana\u201d, explicava la regidora de Cultura, M\u00aa \u00c1ngeles Llorente Cort\u00e9s, abans d&#8217;introduir a les dues agrupacions que realitzarien el concert, posant en valor la seua traject\u00f2ria.&nbsp;<\/p>\n\n\n\n<p class=\"wp-block-paragraph\">Despr\u00e9s de la presentaci\u00f3, la regidora va demanar la pres\u00e8ncia en l&#8217;escenari de l&#8217;alcalde de Xest, Jos\u00e9 Morell Roser, i del president de l&#8217;Associaci\u00f3 Musical La Lira, Ra\u00fal Huercio la Canyada, per a fer el lliurament d&#8217;una placa commemorativa a l&#8217;Agrupaci\u00f3 Musical de Patraix.<\/p>\n\n\n\n<p class=\"wp-block-paragraph\">Despr\u00e9s de l&#8217;agra\u00efment, va arrancar el concert amb l&#8217;actuaci\u00f3 de la banda convidada, dirigida per Jes\u00fas Manuel Jare\u00f1o Gonz\u00e1lez, que va interpretar Roma Invicta, de Ra\u00fal Dom\u00e9nech Rubio; Air for Band, de Frank Erickson; i Adventure!, de Markus G\u00f6tz.<\/p>\n\n\n\n<p class=\"wp-block-paragraph\">Per part seua, l&#8217;agrupaci\u00f3 amfitriona, sota la batuta de Gustavo L\u00f3pez Aceituno, es va fer c\u00e0rrec de la segona part del programa amb l&#8217;execuci\u00f3 del pasdoble Manuela Calzada, de David Rivas Dom\u00ednguez; Gangster\u2019s Scenes, de Jos\u00e9 Alberto Pina; \u00c9s Freus, de Frank J. Cabdells Mart\u00ednez; i A Klezmer Karnival, de Philip Sparke.<\/p>\n\n\n\n<p class=\"wp-block-paragraph\">Finalment, les dues agrupacions van interpretar conjuntament Mambo Cub\u00e0, de James Swearingen.<\/p>\n\n\n\n<figure class=\"wp-block-gallery has-nested-images columns-1 is-cropped wp-block-gallery-1 is-layout-flex wp-block-gallery-is-layout-flex\">\n<figure class=\"wp-block-image size-large\"><img loading=\"lazy\" decoding=\"async\" width=\"886\" height=\"591\" data-id=\"190892\" src=\"https:\/\/www.tucomarca.com\/wordpress\/segunda\/wp-content\/uploads\/2023\/07\/ChesteSerenataJuvenil4.jpg\" alt=\"\" class=\"wp-image-190892\" srcset=\"https:\/\/tucomarca.whitekongsoftware.com\/wp-content\/uploads\/2023\/07\/ChesteSerenataJuvenil4.jpg 886w, https:\/\/tucomarca.whitekongsoftware.com\/wp-content\/uploads\/2023\/07\/ChesteSerenataJuvenil4-300x200.jpg 300w, https:\/\/tucomarca.whitekongsoftware.com\/wp-content\/uploads\/2023\/07\/ChesteSerenataJuvenil4-768x512.jpg 768w\" sizes=\"auto, (max-width: 886px) 100vw, 886px\" \/><\/figure>\n\n\n\n<figure class=\"wp-block-image size-large\"><img loading=\"lazy\" decoding=\"async\" width=\"886\" height=\"591\" data-id=\"190890\" src=\"https:\/\/www.tucomarca.com\/wordpress\/segunda\/wp-content\/uploads\/2023\/07\/ChesteSerenataJuvenil9-1.jpg\" alt=\"\" class=\"wp-image-190890\" srcset=\"https:\/\/tucomarca.whitekongsoftware.com\/wp-content\/uploads\/2023\/07\/ChesteSerenataJuvenil9-1.jpg 886w, https:\/\/tucomarca.whitekongsoftware.com\/wp-content\/uploads\/2023\/07\/ChesteSerenataJuvenil9-1-300x200.jpg 300w, https:\/\/tucomarca.whitekongsoftware.com\/wp-content\/uploads\/2023\/07\/ChesteSerenataJuvenil9-1-768x512.jpg 768w\" sizes=\"auto, (max-width: 886px) 100vw, 886px\" \/><\/figure>\n\n\n\n<figure class=\"wp-block-image size-large\"><img loading=\"lazy\" decoding=\"async\" width=\"886\" height=\"591\" data-id=\"190894\" src=\"https:\/\/www.tucomarca.com\/wordpress\/segunda\/wp-content\/uploads\/2023\/07\/ChesteSerenataJuvenil10.jpg\" alt=\"\" class=\"wp-image-190894\" srcset=\"https:\/\/tucomarca.whitekongsoftware.com\/wp-content\/uploads\/2023\/07\/ChesteSerenataJuvenil10.jpg 886w, https:\/\/tucomarca.whitekongsoftware.com\/wp-content\/uploads\/2023\/07\/ChesteSerenataJuvenil10-300x200.jpg 300w, https:\/\/tucomarca.whitekongsoftware.com\/wp-content\/uploads\/2023\/07\/ChesteSerenataJuvenil10-768x512.jpg 768w\" sizes=\"auto, (max-width: 886px) 100vw, 886px\" \/><\/figure>\n<\/figure>\n","protected":false},"excerpt":{"rendered":"<div class=\"mh-excerpt\">Dissabte passat, 8 de juliol, la pla\u00e7a Doctor Cajal va acollir la tercera actuaci\u00f3 del cicle de Serenates 2023, en la qual van compartir escenari l&#8217;Agrupaci\u00f3 Musical de Patraix i la Banda Juvenil de l&#8217;Associaci\u00f3 <a class=\"mh-excerpt-more\" href=\"https:\/\/tucomarca.whitekongsoftware.com\/ca\/lagrupacio-musical-de-patraix-i-la-banda-juvenil-la-lira-de-xest-protagonitzen-la-tercera-actuacio-del-cicle-de-serenates-2023\/\" title=\"L&#8217;Agrupaci\u00f3 Musical de Patraix i la Banda Juvenil &#8216;La Lira&#8217; de Xest protagonitzen la tercera actuaci\u00f3 del cicle de Serenates 2023\">[+] <\/a><\/div>\n","protected":false},"author":13,"featured_media":190889,"comment_status":"open","ping_status":"open","sticky":false,"template":"","format":"gallery","meta":{"footnotes":""},"categories":[11005,10894,10912,11007,10896,10974],"tags":[11071,10914,11893],"class_list":["post-190897","post","type-post","status-publish","format-gallery","has-post-thumbnail","category-canal-musica","category-la-comarca-ca","category-la-hoya-ca","category-ocio-y-cultura-ca","category-seccion-ca","category-cheste-ca","tag-cheste","tag-la-hoya-de-bunol-chiva-ca","tag-la-lira-de-cheste-ca","post_format-post-format-gallery"],"_links":{"self":[{"href":"https:\/\/tucomarca.whitekongsoftware.com\/ca\/wp-json\/wp\/v2\/posts\/190897","targetHints":{"allow":["GET"]}}],"collection":[{"href":"https:\/\/tucomarca.whitekongsoftware.com\/ca\/wp-json\/wp\/v2\/posts"}],"about":[{"href":"https:\/\/tucomarca.whitekongsoftware.com\/ca\/wp-json\/wp\/v2\/types\/post"}],"author":[{"embeddable":true,"href":"https:\/\/tucomarca.whitekongsoftware.com\/ca\/wp-json\/wp\/v2\/users\/13"}],"replies":[{"embeddable":true,"href":"https:\/\/tucomarca.whitekongsoftware.com\/ca\/wp-json\/wp\/v2\/comments?post=190897"}],"version-history":[{"count":0,"href":"https:\/\/tucomarca.whitekongsoftware.com\/ca\/wp-json\/wp\/v2\/posts\/190897\/revisions"}],"wp:featuredmedia":[{"embeddable":true,"href":"https:\/\/tucomarca.whitekongsoftware.com\/ca\/wp-json\/wp\/v2\/media\/190889"}],"wp:attachment":[{"href":"https:\/\/tucomarca.whitekongsoftware.com\/ca\/wp-json\/wp\/v2\/media?parent=190897"}],"wp:term":[{"taxonomy":"category","embeddable":true,"href":"https:\/\/tucomarca.whitekongsoftware.com\/ca\/wp-json\/wp\/v2\/categories?post=190897"},{"taxonomy":"post_tag","embeddable":true,"href":"https:\/\/tucomarca.whitekongsoftware.com\/ca\/wp-json\/wp\/v2\/tags?post=190897"}],"curies":[{"name":"wp","href":"https:\/\/api.w.org\/{rel}","templated":true}]}}