{"id":190877,"date":"2023-07-10T11:00:00","date_gmt":"2023-07-10T10:00:00","guid":{"rendered":"https:\/\/www.tucomarca.com\/wordpress\/segunda\/?p=190877"},"modified":"2023-07-10T13:33:43","modified_gmt":"2023-07-10T12:33:43","slug":"riba-roja-de-turia-aprova-lentrada-gratuita-a-la-piscina-municipal-davant-lonada-de-calor-daquesta-setmana-fins-a-completar-laforament-del-recinte","status":"publish","type":"post","link":"https:\/\/tucomarca.whitekongsoftware.com\/ca\/riba-roja-de-turia-aprova-lentrada-gratuita-a-la-piscina-municipal-davant-lonada-de-calor-daquesta-setmana-fins-a-completar-laforament-del-recinte\/","title":{"rendered":"Riba-roja de T\u00faria aprova l&#8217;entrada gratu\u00efta a la piscina municipal davant l&#8217;onada de calor d&#8217;aquesta setmana fins a completar l&#8217;aforament del recinte"},"content":{"rendered":"\n<p class=\"wp-block-paragraph\"><strong>Les contractes municipals de jardineria i neteja vi\u00e0ria apliquen un horari especial per a evitar les hores de major calor i conclouran a les 12.45 hores<\/strong><\/p>\n\n\n\n<p class=\"wp-block-paragraph\">L&#8217;Ajuntament de Riba-roja de T\u00faria ha aprovat l&#8217;entrada gratu\u00efta a la piscina municipal a les persones empadronades en el municipi davant l&#8217;onada de calor que s&#8217;ha anunciat per a aquesta setmana i que preveu temperatures de fins a 44 graus en alguns punts d&#8217;Espanya, segons els anuncis de l&#8217;Ag\u00e8ncia Estatal de Meteorologia (AEMET) entre hui dilluns 10 de juliol i dimecres que ve dia 12.&nbsp;<\/p>\n\n\n\n<p class=\"wp-block-paragraph\">La resoluci\u00f3 de l&#8217;alcalde de Riba-roja de T\u00faria signada aquest mat\u00ed contempla l&#8217;entrada lliure a la piscina municipal entre el dilluns i el dimecres fins a completar l&#8217;aforament del recinte per a mitigar els efectes de l&#8217;onada de calor anunciada pels organismes oficials. L&#8217;horari fixat per a l&#8217;entrada lliure comen\u00e7a a les 11.30 i acaba a les 19.30 hores, amb un m\u00e0xim de 150 persones.&nbsp;<\/p>\n\n\n\n<p class=\"wp-block-paragraph\">A m\u00e9s, l&#8217;Ajuntament de Riba-roja de T\u00faria recomana alguns consells per a evitar riscos durant aquestes caloroses jornades, com evitar eixir de casa o una exposici\u00f3 al sol durant les hores centrals del dia, evitar la pr\u00e0ctica esportiva si les temperatures s\u00f3n molt elevades, no exposar als m\u00e9s joves o majors al sol ni a les temperatures excessives, hidratar-se adequadament, evitar canvis bruscos de temperatura i, finalment, es recomana l&#8217;\u00fas de protectors solars.&nbsp;<\/p>\n\n\n\n<p class=\"wp-block-paragraph\">Per part seua, les contractes municipals de neteja vi\u00e0ria i jardineria aplicaran durant aquests dies de calor excessiva un horari laboral especial que consisteix a comen\u00e7ar m\u00e9s prompte la seua jornada laboral i concloure la mateixa a les 12.45 hores. Aquest horari t\u00e9 com a objectiu evitar l&#8217;exposici\u00f3 dels empleats a temperatures excessives que puguen provocar problemes f\u00edsics. Aquest horari s&#8217;aplicar\u00e0, tamb\u00e9, als empleats municipals de l&#8217;\u00e0rea de Serveis i Obres P\u00fabliques.&nbsp;<\/p>\n\n\n\n<p class=\"wp-block-paragraph\">L&#8217;alcalde de Riba-roja de T\u00faria, Robert Raga, ha afirmat que l&#8217;entrada lliure a la piscina municipal \u201c\u00e9s una mesura que apliquem de manera excepcional davant la previsi\u00f3 de jornades amb temperatures elevades previstes, amb el que pretenem que els nostres ve\u00efns puguen veure&#8217;s beneficiats amb un bany gratu\u00eft durant aquests dies en qu\u00e8 es poden superar els 40 graus\u201d.<\/p>\n","protected":false},"excerpt":{"rendered":"<div class=\"mh-excerpt\">Les contractes municipals de jardineria i neteja vi\u00e0ria apliquen un horari especial per a evitar les hores de major calor i conclouran a les 12.45 hores L&#8217;Ajuntament de Riba-roja de T\u00faria ha aprovat l&#8217;entrada gratu\u00efta <a class=\"mh-excerpt-more\" href=\"https:\/\/tucomarca.whitekongsoftware.com\/ca\/riba-roja-de-turia-aprova-lentrada-gratuita-a-la-piscina-municipal-davant-lonada-de-calor-daquesta-setmana-fins-a-completar-laforament-del-recinte\/\" title=\"Riba-roja de T\u00faria aprova l&#8217;entrada gratu\u00efta a la piscina municipal davant l&#8217;onada de calor d&#8217;aquesta setmana fins a completar l&#8217;aforament del recinte\">[+] <\/a><\/div>\n","protected":false},"author":13,"featured_media":190875,"comment_status":"open","ping_status":"open","sticky":false,"template":"","format":"standard","meta":{"footnotes":""},"categories":[10892,10948,10894,10906,10896],"tags":[10899,11102],"class_list":["post-190877","post","type-post","status-publish","format-standard","has-post-thumbnail","category-camp-de-turia-ca","category-infraestructuras-ca","category-la-comarca-ca","category-riba-roja-ca","category-seccion-ca","tag-camp-de-turia-ca","tag-riba-roja-2-ca"],"_links":{"self":[{"href":"https:\/\/tucomarca.whitekongsoftware.com\/ca\/wp-json\/wp\/v2\/posts\/190877","targetHints":{"allow":["GET"]}}],"collection":[{"href":"https:\/\/tucomarca.whitekongsoftware.com\/ca\/wp-json\/wp\/v2\/posts"}],"about":[{"href":"https:\/\/tucomarca.whitekongsoftware.com\/ca\/wp-json\/wp\/v2\/types\/post"}],"author":[{"embeddable":true,"href":"https:\/\/tucomarca.whitekongsoftware.com\/ca\/wp-json\/wp\/v2\/users\/13"}],"replies":[{"embeddable":true,"href":"https:\/\/tucomarca.whitekongsoftware.com\/ca\/wp-json\/wp\/v2\/comments?post=190877"}],"version-history":[{"count":0,"href":"https:\/\/tucomarca.whitekongsoftware.com\/ca\/wp-json\/wp\/v2\/posts\/190877\/revisions"}],"wp:featuredmedia":[{"embeddable":true,"href":"https:\/\/tucomarca.whitekongsoftware.com\/ca\/wp-json\/wp\/v2\/media\/190875"}],"wp:attachment":[{"href":"https:\/\/tucomarca.whitekongsoftware.com\/ca\/wp-json\/wp\/v2\/media?parent=190877"}],"wp:term":[{"taxonomy":"category","embeddable":true,"href":"https:\/\/tucomarca.whitekongsoftware.com\/ca\/wp-json\/wp\/v2\/categories?post=190877"},{"taxonomy":"post_tag","embeddable":true,"href":"https:\/\/tucomarca.whitekongsoftware.com\/ca\/wp-json\/wp\/v2\/tags?post=190877"}],"curies":[{"name":"wp","href":"https:\/\/api.w.org\/{rel}","templated":true}]}}