{"id":190860,"date":"2023-07-10T08:00:00","date_gmt":"2023-07-10T07:00:00","guid":{"rendered":"https:\/\/www.tucomarca.com\/wordpress\/segunda\/?p=190860"},"modified":"2023-07-10T13:41:34","modified_gmt":"2023-07-10T12:41:34","slug":"continuen-les-activitats-teatrals-de-les-festes-de-juliol-de-xest","status":"publish","type":"post","link":"https:\/\/tucomarca.whitekongsoftware.com\/ca\/continuen-les-activitats-teatrals-de-les-festes-de-juliol-de-xest\/","title":{"rendered":"Continuen les activitats teatrals de les Festes de Juliol de Xest"},"content":{"rendered":"\n<p class=\"wp-block-paragraph\">Durant el passat cap de setmana es van succeir diverses passades de teatre breu en diferents punts de Xest, en el marc de programaci\u00f3 de Festes de Juliol 2023 que organitza l&#8217;Ajuntament.&nbsp;<\/p>\n\n\n\n<figure class=\"wp-block-gallery has-nested-images columns-default is-cropped wp-block-gallery-1 is-layout-flex wp-block-gallery-is-layout-flex\">\n<figure class=\"wp-block-image size-large\"><img loading=\"lazy\" decoding=\"async\" width=\"886\" height=\"591\" data-id=\"190853\" src=\"http:\/\/www.tucomarca.com\/wordpress\/segunda\/wp-content\/uploads\/2023\/07\/ChesteTeatroBreve1.jpg\" alt=\"\" class=\"wp-image-190853\" srcset=\"https:\/\/tucomarca.whitekongsoftware.com\/wp-content\/uploads\/2023\/07\/ChesteTeatroBreve1.jpg 886w, https:\/\/tucomarca.whitekongsoftware.com\/wp-content\/uploads\/2023\/07\/ChesteTeatroBreve1-300x200.jpg 300w, https:\/\/tucomarca.whitekongsoftware.com\/wp-content\/uploads\/2023\/07\/ChesteTeatroBreve1-768x512.jpg 768w\" sizes=\"auto, (max-width: 886px) 100vw, 886px\" \/><\/figure>\n\n\n\n<figure class=\"wp-block-image size-large\"><img loading=\"lazy\" decoding=\"async\" width=\"886\" height=\"591\" data-id=\"190855\" src=\"http:\/\/www.tucomarca.com\/wordpress\/segunda\/wp-content\/uploads\/2023\/07\/ChesteTeatroBreve3.jpg\" alt=\"\" class=\"wp-image-190855\" srcset=\"https:\/\/tucomarca.whitekongsoftware.com\/wp-content\/uploads\/2023\/07\/ChesteTeatroBreve3.jpg 886w, https:\/\/tucomarca.whitekongsoftware.com\/wp-content\/uploads\/2023\/07\/ChesteTeatroBreve3-300x200.jpg 300w, https:\/\/tucomarca.whitekongsoftware.com\/wp-content\/uploads\/2023\/07\/ChesteTeatroBreve3-768x512.jpg 768w\" sizes=\"auto, (max-width: 886px) 100vw, 886px\" \/><\/figure>\n<\/figure>\n\n\n\n<p class=\"wp-block-paragraph\">Dues cases tradicionals i el bar del Front\u00f3 Bar\u00f3 de Xest es van convertir en l&#8217;escenari per a tres companyies teatrals, que van oferir actuacions d&#8217;entre 30 i 40 minuts de duraci\u00f3. En total es van realitzar 4 passes de cada pe\u00e7a, dues el dissabte, a les 19.00 i a les 20.30, i dues el diumenge, en el mateix horari; ja que els espais comptaven amb un aforament redu\u00eft.<\/p>\n\n\n\n<p class=\"wp-block-paragraph\">Concretament la casa Conchita, situada al carrer Xiva, va ser el lloc en el qual es va representar<em>&nbsp;I a tu, et penja el polit?<\/em>, a c\u00e0rrec de la companyia Fulanita i Menganita. Les actrius valencianes Sol Barrat i D\u00e9bora Pascual van donar vida a Lola i Vero, dues dones molt diferents les vides de les quals s&#8217;havien creuat poc temps arrere. D&#8217;altra banda, la casa Cervera, en la pla\u00e7a de l&#8217;Esgl\u00e9sia, rebia a l&#8217;actor valenci\u00e0 Manuel Puchades, de la companyia Col\u00b7lectiu Fracassades, amb la seua proposta esc\u00e8nica&nbsp;<em>Mam\u00e0, la verge i un conill;&nbsp;<\/em>una hist\u00f2ria familiar en sintonia amb un quadre de la Mare de D\u00e9u i el xiquet Jes\u00fas reposant.&nbsp;<\/p>\n\n\n\n<p class=\"wp-block-paragraph\">Per part seua, les actrius Mireia Sobrevela i Xenia Fortes van interpretar&nbsp;<em>Entre les cames<\/em>, en el bar del Front\u00f3 Bar\u00f3 de Xest, on van dur a terme un joc esc\u00e8nic sobre la llibertat que reptava al p\u00fablic a trav\u00e9s de la paraula, el moviment i la m\u00fasica en directe.<\/p>\n\n\n\n<p class=\"wp-block-paragraph\">Les actuacions continuaran el pr\u00f2xim cap de setmana de la m\u00e0 de la companyia Paraules d\u2019a\u00efre, amb la seua proposta de teatre immersiu per a p\u00fablic infantil,&nbsp;<em>Natura<\/em>, que tindr\u00e0 lloc el dissabte 15 de juliol a les 12.00 al Parc de La Lomiquia. El diumenge, 16 de juliol, ser\u00e0 el torn de la companyia Javier Aranda, amb&nbsp;<em>Vida<\/em>, un espectacle de titelles que es realitzar\u00e0 en el \u201ccinico del capell\u00e0\u201d a les 20,00.<\/p>\n","protected":false},"excerpt":{"rendered":"<div class=\"mh-excerpt\">Durant el passat cap de setmana es van succeir diverses passades de teatre breu en diferents punts de Xest, en el marc de programaci\u00f3 de Festes de Juliol 2023 que organitza l&#8217;Ajuntament.&nbsp; Dues cases tradicionals <a class=\"mh-excerpt-more\" href=\"https:\/\/tucomarca.whitekongsoftware.com\/ca\/continuen-les-activitats-teatrals-de-les-festes-de-juliol-de-xest\/\" title=\"Continuen les activitats teatrals de les Festes de Juliol de Xest\">[+] <\/a><\/div>\n","protected":false},"author":12,"featured_media":190858,"comment_status":"open","ping_status":"open","sticky":false,"template":"","format":"gallery","meta":{"footnotes":""},"categories":[10894,10912,11004,11007,11008,10896,10974],"tags":[11071,19486,10914],"class_list":["post-190860","post","type-post","status-publish","format-gallery","has-post-thumbnail","category-la-comarca-ca","category-la-hoya-ca","category-la-semana-en-imagenes-ca","category-ocio-y-cultura-ca","category-pueblos-en-fiestas-ca","category-seccion-ca","category-cheste-ca","tag-cheste","tag-fiestas-de-julio-de-cheste-ca","tag-la-hoya-de-bunol-chiva-ca","post_format-post-format-gallery"],"_links":{"self":[{"href":"https:\/\/tucomarca.whitekongsoftware.com\/ca\/wp-json\/wp\/v2\/posts\/190860","targetHints":{"allow":["GET"]}}],"collection":[{"href":"https:\/\/tucomarca.whitekongsoftware.com\/ca\/wp-json\/wp\/v2\/posts"}],"about":[{"href":"https:\/\/tucomarca.whitekongsoftware.com\/ca\/wp-json\/wp\/v2\/types\/post"}],"author":[{"embeddable":true,"href":"https:\/\/tucomarca.whitekongsoftware.com\/ca\/wp-json\/wp\/v2\/users\/12"}],"replies":[{"embeddable":true,"href":"https:\/\/tucomarca.whitekongsoftware.com\/ca\/wp-json\/wp\/v2\/comments?post=190860"}],"version-history":[{"count":0,"href":"https:\/\/tucomarca.whitekongsoftware.com\/ca\/wp-json\/wp\/v2\/posts\/190860\/revisions"}],"wp:featuredmedia":[{"embeddable":true,"href":"https:\/\/tucomarca.whitekongsoftware.com\/ca\/wp-json\/wp\/v2\/media\/190858"}],"wp:attachment":[{"href":"https:\/\/tucomarca.whitekongsoftware.com\/ca\/wp-json\/wp\/v2\/media?parent=190860"}],"wp:term":[{"taxonomy":"category","embeddable":true,"href":"https:\/\/tucomarca.whitekongsoftware.com\/ca\/wp-json\/wp\/v2\/categories?post=190860"},{"taxonomy":"post_tag","embeddable":true,"href":"https:\/\/tucomarca.whitekongsoftware.com\/ca\/wp-json\/wp\/v2\/tags?post=190860"}],"curies":[{"name":"wp","href":"https:\/\/api.w.org\/{rel}","templated":true}]}}