{"id":190847,"date":"2023-07-09T11:55:00","date_gmt":"2023-07-09T10:55:00","guid":{"rendered":"https:\/\/www.tucomarca.com\/wordpress\/segunda\/?p=190847"},"modified":"2023-07-10T09:30:05","modified_gmt":"2023-07-10T08:30:05","slug":"morant-a-riba-roja-de-turia-som-lopcio-per-a-la-gent-desquerres-pero-tambe-per-a-tota-aqueixa-majoria-que-es-nega-al-fet-que-aquest-pais-retrocedisca","status":"publish","type":"post","link":"https:\/\/tucomarca.whitekongsoftware.com\/ca\/morant-a-riba-roja-de-turia-som-lopcio-per-a-la-gent-desquerres-pero-tambe-per-a-tota-aqueixa-majoria-que-es-nega-al-fet-que-aquest-pais-retrocedisca\/","title":{"rendered":"Diana Morant (PSPV-PSOE) a Riba-roja de T\u00faria: \u201cSom l&#8217;opci\u00f3 per a la gent d&#8217;esquerres, per\u00f2 tamb\u00e9 per a tota aqueixa majoria que es nega al fet que aquest pa\u00eds retrocedisca\u201d"},"content":{"rendered":"\n<h3 class=\"wp-block-heading\"><strong>La ministra de Ci\u00e8ncia i Innovaci\u00f3 i cap de llista del PSOE per la prov\u00edncia Val\u00e8ncia, Diana Morant, critica que \u201cFeij\u00f3o no vol que coneguem la seua agenda amagada\u201d: \u201cEn la Comunitat Valenciana ja sabem el que volen fer, ho diuen aprimament dels serveis p\u00fablics, per\u00f2 el que volen dir \u00e9s retallar\u201d<\/strong>.<\/h3>\n\n\n\n<h3 class=\"wp-block-heading\"><strong>Morant subratlla que \u201cel PP vol tornar a portar-nos a la casella d&#8217;eixida, a aquella Comunitat Valenciana que eixia en els telenot\u00edcies pels casos de corrupci\u00f3\u201d<\/strong>.<\/h3>\n\n\n\n<p class=\"wp-block-paragraph\">La ministra de Ci\u00e8ncia i Innovaci\u00f3 i cap de llista per la prov\u00edncia de Val\u00e8ncia, Diana Morant, ha assegurat que \u201cel Partit Socialista \u00e9s l&#8217;opci\u00f3 per a la gent d&#8217;esquerres, per\u00f2 tamb\u00e9 per a tota aqueixa majoria que es nega al fet que aquest pa\u00eds retrocedisca\u201d. <\/p>\n\n\n\n<p class=\"wp-block-paragraph\">Aix\u00ed s&#8217;ha manifestat hui en una trobada amb militants en Riba-Roja, el que ha assegurat que \u201cmolta gent que va votar al PP i a Vox s&#8217;ha adonat que no \u00e9s el que volien, han vist que censuren i que estan parlant de retrocedir 40 anys en els drets de les dones\u201d.<\/p>\n\n\n\n<p class=\"wp-block-paragraph\">En la mateixa l\u00ednia, la dirigent socialista ha criticat que \u201cFeij\u00f3o no vol parlar perqu\u00e8 no vol que es conega la seua agenda amagada\u201d: \u201cEn la Comunitat Valenciana ja hem descobert el past\u00eds, sabem el que volen fer, el diuen \u2018aprimament de serveis p\u00fablics\u2019 per\u00f2 el que volen dir \u00e9s retallar, com sempre han fet\u201d.&nbsp;<\/p>\n\n\n\n<p class=\"wp-block-paragraph\">Aix\u00ed mateix, Morant ha lamentat que \u201cla nova pol\u00edtica del PP \u00e9s tornar al Govern d&#8217;Aznar i al de Camps, al de la G\u00fcrtel i el \u2018yonki dels diners\u2019\u201d: \u201cQuan Estaven Gonz\u00e1lez Pons estava en el Govern d&#8217;Aznar jo encara estava en l&#8217;institut, aqueixa \u00e9s la renovaci\u00f3 del Partit Popular de Feij\u00f3o\u201d. En aqueix sentit, ha subratllat que \u201cel que volen \u00e9s tornar a portar-nos a la casella d&#8217;eixida, aquella en la qual la Comunitat Valenciana eixia en tots els telenot\u00edcies per casos de corrupci\u00f3, perqu\u00e8 van robar en tots els llocs\u201d. \u201cDespr\u00e9s de 8 anys de pol\u00edtica impol\u00b7luta de Ximo Puig, en tot just dos dies hem tornat a ser la vergonya d&#8217;Espanya\u201d, ha lamentat.<\/p>\n\n\n\n<p class=\"wp-block-paragraph\">El cap de llista per la prov\u00edncia de Val\u00e8ncia tamb\u00e9 s&#8217;ha referit a la manifestaci\u00f3 celebrada el passat 28 de juny en defensa dels drets LGTBI: \u201cL&#8217;altre dia ens manifestem a N\u00e0quera m\u00e9s de mil persones, van prohibir penjar la bandera LGTBI al balc\u00f3 de l&#8217;Ajuntament\u201d. \u201cHan prohibit tamb\u00e9 els minuts de silenci per les v\u00edctimes de viol\u00e8ncia de g\u00e8nere en un pa\u00eds en el qual nom\u00e9s el passat cap de setmana van ser assassinades 4 dones, no l&#8217;acceptarem\u201d, ha concl\u00f2s.<\/p>\n\n\n\n<figure class=\"wp-block-gallery has-nested-images columns-1 is-cropped wp-block-gallery-1 is-layout-flex wp-block-gallery-is-layout-flex\">\n<figure class=\"wp-block-image size-large\"><img loading=\"lazy\" decoding=\"async\" width=\"1600\" height=\"1067\" data-id=\"190840\" src=\"http:\/\/www.tucomarca.com\/wordpress\/segunda\/wp-content\/uploads\/2023\/07\/DianaMorantRibaroja1.jpeg\" alt=\"\" class=\"wp-image-190840\" srcset=\"https:\/\/tucomarca.whitekongsoftware.com\/wp-content\/uploads\/2023\/07\/DianaMorantRibaroja1.jpeg 1600w, https:\/\/tucomarca.whitekongsoftware.com\/wp-content\/uploads\/2023\/07\/DianaMorantRibaroja1-300x200.jpeg 300w, https:\/\/tucomarca.whitekongsoftware.com\/wp-content\/uploads\/2023\/07\/DianaMorantRibaroja1-1024x683.jpeg 1024w, https:\/\/tucomarca.whitekongsoftware.com\/wp-content\/uploads\/2023\/07\/DianaMorantRibaroja1-768x512.jpeg 768w, https:\/\/tucomarca.whitekongsoftware.com\/wp-content\/uploads\/2023\/07\/DianaMorantRibaroja1-1536x1024.jpeg 1536w\" sizes=\"auto, (max-width: 1600px) 100vw, 1600px\" \/><\/figure>\n\n\n\n<figure class=\"wp-block-image size-large\"><img loading=\"lazy\" decoding=\"async\" width=\"1600\" height=\"1067\" data-id=\"190844\" src=\"http:\/\/www.tucomarca.com\/wordpress\/segunda\/wp-content\/uploads\/2023\/07\/DianaMorantRibaroja3.jpeg\" alt=\"\" class=\"wp-image-190844\" srcset=\"https:\/\/tucomarca.whitekongsoftware.com\/wp-content\/uploads\/2023\/07\/DianaMorantRibaroja3.jpeg 1600w, https:\/\/tucomarca.whitekongsoftware.com\/wp-content\/uploads\/2023\/07\/DianaMorantRibaroja3-300x200.jpeg 300w, https:\/\/tucomarca.whitekongsoftware.com\/wp-content\/uploads\/2023\/07\/DianaMorantRibaroja3-1024x683.jpeg 1024w, https:\/\/tucomarca.whitekongsoftware.com\/wp-content\/uploads\/2023\/07\/DianaMorantRibaroja3-768x512.jpeg 768w, https:\/\/tucomarca.whitekongsoftware.com\/wp-content\/uploads\/2023\/07\/DianaMorantRibaroja3-1536x1024.jpeg 1536w\" sizes=\"auto, (max-width: 1600px) 100vw, 1600px\" \/><\/figure>\n\n\n\n<figure class=\"wp-block-image size-large\"><img loading=\"lazy\" decoding=\"async\" width=\"1600\" height=\"1067\" data-id=\"190842\" src=\"http:\/\/www.tucomarca.com\/wordpress\/segunda\/wp-content\/uploads\/2023\/07\/DianaMorantRibaroja2.jpeg\" alt=\"\" class=\"wp-image-190842\" srcset=\"https:\/\/tucomarca.whitekongsoftware.com\/wp-content\/uploads\/2023\/07\/DianaMorantRibaroja2.jpeg 1600w, https:\/\/tucomarca.whitekongsoftware.com\/wp-content\/uploads\/2023\/07\/DianaMorantRibaroja2-300x200.jpeg 300w, https:\/\/tucomarca.whitekongsoftware.com\/wp-content\/uploads\/2023\/07\/DianaMorantRibaroja2-1024x683.jpeg 1024w, https:\/\/tucomarca.whitekongsoftware.com\/wp-content\/uploads\/2023\/07\/DianaMorantRibaroja2-768x512.jpeg 768w, https:\/\/tucomarca.whitekongsoftware.com\/wp-content\/uploads\/2023\/07\/DianaMorantRibaroja2-1536x1024.jpeg 1536w\" sizes=\"auto, (max-width: 1600px) 100vw, 1600px\" \/><\/figure>\n<\/figure>\n","protected":false},"excerpt":{"rendered":"<div class=\"mh-excerpt\">La ministra de Ci\u00e8ncia i Innovaci\u00f3 i cap de llista del PSOE per la prov\u00edncia Val\u00e8ncia, Diana Morant, critica que \u201cFeij\u00f3o no vol que coneguem la seua agenda amagada\u201d: \u201cEn la Comunitat Valenciana ja sabem <a class=\"mh-excerpt-more\" href=\"https:\/\/tucomarca.whitekongsoftware.com\/ca\/morant-a-riba-roja-de-turia-som-lopcio-per-a-la-gent-desquerres-pero-tambe-per-a-tota-aqueixa-majoria-que-es-nega-al-fet-que-aquest-pais-retrocedisca\/\" title=\"Diana Morant (PSPV-PSOE) a Riba-roja de T\u00faria: \u201cSom l&#8217;opci\u00f3 per a la gent d&#8217;esquerres, per\u00f2 tamb\u00e9 per a tota aqueixa majoria que es nega al fet que aquest pa\u00eds retrocedisca\u201d\">[+] <\/a><\/div>\n","protected":false},"author":1,"featured_media":190843,"comment_status":"open","ping_status":"open","sticky":false,"template":"","format":"gallery","meta":{"footnotes":""},"categories":[10892,10898,10948,10894,10947,10906,10896],"tags":[10899,11319,10907],"class_list":["post-190847","post","type-post","status-publish","format-gallery","has-post-thumbnail","category-camp-de-turia-ca","category-ventana-ca","category-infraestructuras-ca","category-la-comarca-ca","category-politica","category-riba-roja-ca","category-seccion-ca","tag-camp-de-turia-ca","tag-pspv-psoe-ca","tag-riba-roja-del-turia-ca","post_format-post-format-gallery"],"_links":{"self":[{"href":"https:\/\/tucomarca.whitekongsoftware.com\/ca\/wp-json\/wp\/v2\/posts\/190847","targetHints":{"allow":["GET"]}}],"collection":[{"href":"https:\/\/tucomarca.whitekongsoftware.com\/ca\/wp-json\/wp\/v2\/posts"}],"about":[{"href":"https:\/\/tucomarca.whitekongsoftware.com\/ca\/wp-json\/wp\/v2\/types\/post"}],"author":[{"embeddable":true,"href":"https:\/\/tucomarca.whitekongsoftware.com\/ca\/wp-json\/wp\/v2\/users\/1"}],"replies":[{"embeddable":true,"href":"https:\/\/tucomarca.whitekongsoftware.com\/ca\/wp-json\/wp\/v2\/comments?post=190847"}],"version-history":[{"count":0,"href":"https:\/\/tucomarca.whitekongsoftware.com\/ca\/wp-json\/wp\/v2\/posts\/190847\/revisions"}],"wp:featuredmedia":[{"embeddable":true,"href":"https:\/\/tucomarca.whitekongsoftware.com\/ca\/wp-json\/wp\/v2\/media\/190843"}],"wp:attachment":[{"href":"https:\/\/tucomarca.whitekongsoftware.com\/ca\/wp-json\/wp\/v2\/media?parent=190847"}],"wp:term":[{"taxonomy":"category","embeddable":true,"href":"https:\/\/tucomarca.whitekongsoftware.com\/ca\/wp-json\/wp\/v2\/categories?post=190847"},{"taxonomy":"post_tag","embeddable":true,"href":"https:\/\/tucomarca.whitekongsoftware.com\/ca\/wp-json\/wp\/v2\/tags?post=190847"}],"curies":[{"name":"wp","href":"https:\/\/api.w.org\/{rel}","templated":true}]}}