{"id":190627,"date":"2023-07-07T09:00:00","date_gmt":"2023-07-07T08:00:00","guid":{"rendered":"https:\/\/www.tucomarca.com\/wordpress\/segunda\/?p=190627"},"modified":"2023-07-07T11:53:08","modified_gmt":"2023-07-07T10:53:08","slug":"lajuntament-de-riba-roja-redueix-el-nombre-de-regidors-amb-dedicacio-exclusiva-de-9-a-7-i-permet-estalviar-42-000-euros-anuals-a-les-arques-municipals","status":"publish","type":"post","link":"https:\/\/tucomarca.whitekongsoftware.com\/ca\/lajuntament-de-riba-roja-redueix-el-nombre-de-regidors-amb-dedicacio-exclusiva-de-9-a-7-i-permet-estalviar-42-000-euros-anuals-a-les-arques-municipals\/","title":{"rendered":"L&#8217;Ajuntament de Riba-roja redueix el nombre de regidors amb dedicaci\u00f3 exclusiva de 9 a 7 i permet estalviar 42.000 euros anuals a les arques municipals&nbsp;"},"content":{"rendered":"\n<h2 class=\"wp-block-heading\">El ple municipal aprova el nomenament dels portaveus dels grups pol\u00edtics i inclou al portaveu d&#8217;Iniciativa-Comprom\u00eds en la Junta de Govern&nbsp;<\/h2>\n\n\n\n<p class=\"wp-block-paragraph\">El ple de l&#8217;Ajuntament de Riba-roja de T\u00faria ha aprovat en la sessi\u00f3 d&#8217;aquest mat\u00ed les retribucions econ\u00f2miques dels regidors amb dedicaci\u00f3 exclusiva que passen de 9 a 7 respecte de l&#8217;anterior legislatura i ha aprovat el nomenament dels diversos portaveus municipals dels diversos grups pol\u00edtics, a m\u00e9s de l&#8217;establiment de les \u00e0rees de gesti\u00f3 per a la legislatura 2023-2027.&nbsp;<\/p>\n\n\n\n<p class=\"wp-block-paragraph\">La proposta de l&#8217;equip de govern en dedicacions per als regidors suposa una reducci\u00f3 de fins a 42.000 euros anuals en passar dels 337.000 euros de la legislatura 2019-2023 als 294.900 euros de la legislatura que s&#8217;inicia ara. A m\u00e9s, es passa de 9 regidors alliberats de l&#8217;anterior mandat als 7 que es mantindran en l&#8217;actual, dins dels par\u00e0metres establits en els pressupostos de l&#8217;Estat per a enguany.&nbsp;<\/p>\n\n\n\n<p class=\"wp-block-paragraph\">Els sous aprovats pel ple s\u00f3n entre un 25 i 30% menors als barems establits en els comptes generals de l&#8217;Estat, de manera que l&#8217;alcalde rebr\u00e0 un salari de 48.234 euros anuals bruts, dos regidors percebran 43.067 euros anuals en funci\u00f3 del volum de responsabilitats en la gesti\u00f3, mentre que altres quatre tindran un sou d&#8217;altres 38.891 euros bruts a l&#8217;any.&nbsp;<\/p>\n\n\n\n<p class=\"wp-block-paragraph\">A m\u00e9s, el ple municipal de Riba-roja de T\u00faria ha confirmat la proposta del govern de disposar de set empleats eventuals, d&#8217;ells tres amb dedicaci\u00f3 completa i un sou de 37.377 euros bruts anuals, mentre que altres quatre treballadors tindran una dedicaci\u00f3 parcial del 50% i unes retribucions econ\u00f2miques brutes a l&#8217;any d&#8217;altres 17.000 euros cadascun d&#8217;ells.&nbsp;<\/p>\n\n\n\n<p class=\"wp-block-paragraph\">L&#8217;equip de govern ha refor\u00e7at l&#8217;\u00e0rea d&#8217;Esports amb dues persones eventuals per a gestionar l&#8217;increment de treball, amb m\u00e9s de 3.000 esportistes federats i desenes de clubs esportius en l&#8217;actualitat. D&#8217;aquesta manera, es destinar\u00e0 un coordinador de la gesti\u00f3 esportiva i altres dedicat a la coordinaci\u00f3 dels esdeveniments i instal\u00b7lacions esportives i relacions amb els clubs. El ple ha aprovat, tamb\u00e9, una altra pla\u00e7a de coordinador de falles i resta de festes locals amb una dedicaci\u00f3 del 50% i un coordinador de protocol i atenci\u00f3 a urbanitzacions. Aquestes quatre places tenen el referit sou de 17.000 euros bruts anuals.&nbsp;<br>El ple municipal de Riba-roja de T\u00faria ha confirmat la proposta de l&#8217;alcalde respecte de les diverses \u00e0rees de gesti\u00f3 pol\u00edtica que es distribueixen en Gesti\u00f3 Municipal i Govern Obert; Innovaci\u00f3, Projectes Europeus, Integritat, Agenda 2030, Compra P\u00fablica i Sostenibilitat; Territori, Agenda Urbana, Serveis P\u00fablics i Mobilitat; Educaci\u00f3, Cultura, Art, Esports i Festa; i, finalment, Inclusi\u00f3 Social, Igualtat, Promoci\u00f3 de la Salut i Benestar Social.&nbsp;<\/p>\n\n\n\n<p class=\"wp-block-paragraph\">La sessi\u00f3 d&#8217;aquest mat\u00ed ha confirmat el nomenament dels portaveus municipals dels diversos grups pol\u00edtics de Riba-roja de T\u00faria que correspondran a Teresa Pozuelo com a portaveu del PSPV-PSOE; Alberto Gimeno \u00e9s el portaveu del Partit Popular; Jos\u00e9 Luis Fern\u00e1ndez ser\u00e0 el portaveu de Vox; Esquerra Unida-Podem tindr\u00e0 com a portaveu a Jos\u00e9 Manuel Gallardo i, finalment, Rafael Folgado ser\u00e0 el portaveu d&#8217;Iniciativa- Comprom\u00eds.&nbsp;<\/p>\n\n\n\n<p class=\"wp-block-paragraph\">El ple municipal de Riba-roja de T\u00faria ha donat compte, tamb\u00e9, del nomenament de la Junta de Govern que estar\u00e0 formada per l&#8217;alcalde, Robert Raga, els edils Teresa Pozuelo, Jos\u00e9 Luis Ramos, Jos\u00e9 \u00c1ngel Hern\u00e1ndez, Eva Lara, Jos\u00e9 Manuel Vila i Alfredo Pla, a m\u00e9s d&#8217;incorporar al portaveu d&#8217;Iniciativa-Comprom\u00eds, Rafael Folgado, en aquest organisme de decisi\u00f3 municipal.&nbsp;<\/p>\n\n\n\n<p class=\"wp-block-paragraph\">L&#8217;alcalde de Riba-roja de T\u00faria, Robert Raga, ha afirmat que la composici\u00f3 i les retribucions aprovades en el ple \u201cpermetran seguir la l\u00ednia dels dos \u00faltims mandats, amb una administraci\u00f3 \u00e0gil i r\u00e0pida per a solucionar i donar resposta a les necessitats dels ciutadans\u201d i ha subratllat l&#8217;oferiment de l&#8217;actual govern a la resta de l&#8217;oposici\u00f3 \u201cper a accedir a la Junta de Govern com a signe de tarann\u00e0, di\u00e0leg i transpar\u00e8ncia que nom\u00e9s ha acceptat el grup de Comprom\u00eds\u201d.<\/p>\n\n\n\n<h4 class=\"wp-block-heading\"><\/h4>\n","protected":false},"excerpt":{"rendered":"<div class=\"mh-excerpt\">El ple municipal aprova el nomenament dels portaveus dels grups pol\u00edtics i inclou al portaveu d&#8217;Iniciativa-Comprom\u00eds en la Junta de Govern&nbsp; El ple de l&#8217;Ajuntament de Riba-roja de T\u00faria ha aprovat en la sessi\u00f3 d&#8217;aquest <a class=\"mh-excerpt-more\" href=\"https:\/\/tucomarca.whitekongsoftware.com\/ca\/lajuntament-de-riba-roja-redueix-el-nombre-de-regidors-amb-dedicacio-exclusiva-de-9-a-7-i-permet-estalviar-42-000-euros-anuals-a-les-arques-municipals\/\" title=\"L&#8217;Ajuntament de Riba-roja redueix el nombre de regidors amb dedicaci\u00f3 exclusiva de 9 a 7 i permet estalviar 42.000 euros anuals a les arques municipals&nbsp;\">[+] <\/a><\/div>\n","protected":false},"author":12,"featured_media":190626,"comment_status":"open","ping_status":"open","sticky":false,"template":"","format":"standard","meta":{"footnotes":""},"categories":[10892,10948,10894,10947,10906,10896],"tags":[10899,15024],"class_list":["post-190627","post","type-post","status-publish","format-standard","has-post-thumbnail","category-camp-de-turia-ca","category-infraestructuras-ca","category-la-comarca-ca","category-politica","category-riba-roja-ca","category-seccion-ca","tag-camp-de-turia-ca","tag-riba-roja-de-turia-ca"],"_links":{"self":[{"href":"https:\/\/tucomarca.whitekongsoftware.com\/ca\/wp-json\/wp\/v2\/posts\/190627","targetHints":{"allow":["GET"]}}],"collection":[{"href":"https:\/\/tucomarca.whitekongsoftware.com\/ca\/wp-json\/wp\/v2\/posts"}],"about":[{"href":"https:\/\/tucomarca.whitekongsoftware.com\/ca\/wp-json\/wp\/v2\/types\/post"}],"author":[{"embeddable":true,"href":"https:\/\/tucomarca.whitekongsoftware.com\/ca\/wp-json\/wp\/v2\/users\/12"}],"replies":[{"embeddable":true,"href":"https:\/\/tucomarca.whitekongsoftware.com\/ca\/wp-json\/wp\/v2\/comments?post=190627"}],"version-history":[{"count":0,"href":"https:\/\/tucomarca.whitekongsoftware.com\/ca\/wp-json\/wp\/v2\/posts\/190627\/revisions"}],"wp:featuredmedia":[{"embeddable":true,"href":"https:\/\/tucomarca.whitekongsoftware.com\/ca\/wp-json\/wp\/v2\/media\/190626"}],"wp:attachment":[{"href":"https:\/\/tucomarca.whitekongsoftware.com\/ca\/wp-json\/wp\/v2\/media?parent=190627"}],"wp:term":[{"taxonomy":"category","embeddable":true,"href":"https:\/\/tucomarca.whitekongsoftware.com\/ca\/wp-json\/wp\/v2\/categories?post=190627"},{"taxonomy":"post_tag","embeddable":true,"href":"https:\/\/tucomarca.whitekongsoftware.com\/ca\/wp-json\/wp\/v2\/tags?post=190627"}],"curies":[{"name":"wp","href":"https:\/\/api.w.org\/{rel}","templated":true}]}}