{"id":190346,"date":"2023-07-05T11:00:00","date_gmt":"2023-07-05T10:00:00","guid":{"rendered":"https:\/\/www.tucomarca.com\/wordpress\/segunda\/?p=190346"},"modified":"2023-07-05T22:02:33","modified_gmt":"2023-07-05T21:02:33","slug":"concert-de-compositors-valencians-de-la-societat-musical-lartistica-de-xiva","status":"publish","type":"post","link":"https:\/\/tucomarca.whitekongsoftware.com\/ca\/concert-de-compositors-valencians-de-la-societat-musical-lartistica-de-xiva\/","title":{"rendered":"Concert de compositors valencians de la Societat Musical \u201cL&#8217;Art\u00edstica&#8221; de Xiva"},"content":{"rendered":"\n<p class=\"wp-block-paragraph\"><strong>Intensa activitat desarrolada per &#8220;L&#8217;Art\u00edstica&#8221; de Xiva<\/strong>.<\/p>\n\n\n\n<p class=\"wp-block-paragraph\">La Societat Musical \u201cl&#8217;Art\u00edstica&#8221; de Xiva desenvolupa una intensa activitat per a oferir a tots els seus socis i simpatitzants una gran oferta musical i cultural que es tradueix en multitud d&#8217;actes, aix\u00ed, si l&#8217;\u00faltim va ser el passat 24 de juny que la Banda Simf\u00f2nica va actuar en el tradicional concert de Sant Joan al costat de l&#8217;Orquestra de Pols i Pua Vila de Xiva, oferint la meitat del concert cadascuna, diumenge que ve dia 9, al pati del col\u00b7legi Doctor Corach\u00e1n de la localitat, a les 20.00 hores, oferir\u00e0 un concert en el qual actuar\u00e0 en la primera part la seua Banda Juvenil i en la segona la Banda Simf\u00f2nica, i en el qual els compositors valencians seran els principals protagonistes.<\/p>\n\n\n\n<p class=\"wp-block-paragraph\">Aquest concert s&#8217;emmarca dins de la campanya de l&#8217;\u00c0rea de Cultura de la Diputaci\u00f3 de Val\u00e8ncia: \u201cEXCEL-LENT m\u00fasica de banda 2023\u201d, recolzada i assessorada per la Federaci\u00f3 de Societats Musicals de la Comunitat Valenciana. L&#8217;entrada \u00e9s gratu\u00efta per a tot el p\u00fablic.<\/p>\n\n\n\n<p class=\"wp-block-paragraph\">Aix\u00ed mateix, tres dies despr\u00e9s, el dimecres dia 12 eixir\u00e0 de viatge feia Disneyland Paris, per haver sigut seleccionats per a participar el dia 16 de juliol en el programa Disney Performing Art en el recinte d&#8217;aquest parc. En aquest viatge es despla\u00e7aran, a m\u00e9s dels m\u00fasics de les Banda Simf\u00f2nica, la Junta Directiva i familiars dels m\u00fasics, que estaran de viatge fins al dia 18 que ser\u00e0 el retorn.<\/p>\n","protected":false},"excerpt":{"rendered":"<div class=\"mh-excerpt\">Intensa activitat desarrolada per &#8220;L&#8217;Art\u00edstica&#8221; de Xiva. La Societat Musical \u201cl&#8217;Art\u00edstica&#8221; de Xiva desenvolupa una intensa activitat per a oferir a tots els seus socis i simpatitzants una gran oferta musical i cultural que es <a class=\"mh-excerpt-more\" href=\"https:\/\/tucomarca.whitekongsoftware.com\/ca\/concert-de-compositors-valencians-de-la-societat-musical-lartistica-de-xiva\/\" title=\"Concert de compositors valencians de la Societat Musical \u201cL&#8217;Art\u00edstica&#8221; de Xiva\">[+] <\/a><\/div>\n","protected":false},"author":13,"featured_media":190344,"comment_status":"open","ping_status":"open","sticky":false,"template":"","format":"standard","meta":{"footnotes":""},"categories":[11019,11005,10894,10912,11007,10896,10975],"tags":[11066,11195,10914,14188],"class_list":["post-190346","post","type-post","status-publish","format-standard","has-post-thumbnail","category-agenda-ca","category-canal-musica","category-la-comarca-ca","category-la-hoya-ca","category-ocio-y-cultura-ca","category-seccion-ca","category-chiva-ca","tag-musica-ca","tag-chiva-ca","tag-la-hoya-de-bunol-chiva-ca","tag-sm-la-artistica-de-chiva-2-ca"],"_links":{"self":[{"href":"https:\/\/tucomarca.whitekongsoftware.com\/ca\/wp-json\/wp\/v2\/posts\/190346","targetHints":{"allow":["GET"]}}],"collection":[{"href":"https:\/\/tucomarca.whitekongsoftware.com\/ca\/wp-json\/wp\/v2\/posts"}],"about":[{"href":"https:\/\/tucomarca.whitekongsoftware.com\/ca\/wp-json\/wp\/v2\/types\/post"}],"author":[{"embeddable":true,"href":"https:\/\/tucomarca.whitekongsoftware.com\/ca\/wp-json\/wp\/v2\/users\/13"}],"replies":[{"embeddable":true,"href":"https:\/\/tucomarca.whitekongsoftware.com\/ca\/wp-json\/wp\/v2\/comments?post=190346"}],"version-history":[{"count":0,"href":"https:\/\/tucomarca.whitekongsoftware.com\/ca\/wp-json\/wp\/v2\/posts\/190346\/revisions"}],"wp:featuredmedia":[{"embeddable":true,"href":"https:\/\/tucomarca.whitekongsoftware.com\/ca\/wp-json\/wp\/v2\/media\/190344"}],"wp:attachment":[{"href":"https:\/\/tucomarca.whitekongsoftware.com\/ca\/wp-json\/wp\/v2\/media?parent=190346"}],"wp:term":[{"taxonomy":"category","embeddable":true,"href":"https:\/\/tucomarca.whitekongsoftware.com\/ca\/wp-json\/wp\/v2\/categories?post=190346"},{"taxonomy":"post_tag","embeddable":true,"href":"https:\/\/tucomarca.whitekongsoftware.com\/ca\/wp-json\/wp\/v2\/tags?post=190346"}],"curies":[{"name":"wp","href":"https:\/\/api.w.org\/{rel}","templated":true}]}}