{"id":190330,"date":"2023-07-05T13:00:00","date_gmt":"2023-07-05T12:00:00","guid":{"rendered":"https:\/\/www.tucomarca.com\/wordpress\/segunda\/?p=190330"},"modified":"2023-07-05T19:06:50","modified_gmt":"2023-07-05T18:06:50","slug":"els-hospitals-de-requena-i-torrevella-se-sumen-a-la-xarxa-de-centres-de-vacunacio-internacional-de-la-comunitat-valenciana","status":"publish","type":"post","link":"https:\/\/tucomarca.whitekongsoftware.com\/ca\/els-hospitals-de-requena-i-torrevella-se-sumen-a-la-xarxa-de-centres-de-vacunacio-internacional-de-la-comunitat-valenciana\/","title":{"rendered":"Els hospitals de Requena i Torrevella se sumen a la xarxa de Centres de Vacunaci\u00f3 Internacional de la Comunitat Valenciana"},"content":{"rendered":"\n<p class=\"wp-block-paragraph\"><strong><strong>El servei s&#8217;acosta m\u00e9s a la ciutadania perqu\u00e8 els i les pacients s&#8217;estalvien haver de despla\u00e7ar-se a Val\u00e8ncia, Oriola o Elx<\/strong><\/strong><\/p>\n\n\n\n<p class=\"wp-block-paragraph\"><strong>La xarxa de vacunaci\u00f3 a persones viatgeres compta amb un total de 20 punts que s&#8217;encarreguen de mesures preventives en el tr\u00e0nsit internacional<\/strong><\/p>\n\n\n\n<p class=\"wp-block-paragraph\">Els hospitals de Requena i Torrevella s&#8217;adhereixen des d&#8217;aquest estiu a la xarxa de Centres de Vacunaci\u00f3 Internacional de la Comunitat Valenciana, integrada amb aquestes incorporacions per un total de 20 punts. D&#8217;aquesta manera, les persones que precisen aquest servei s&#8217;eviten haver de despla\u00e7ar-se als seus centres de refer\u00e8ncia a Val\u00e8ncia, Oriola i Elx, respectivament. Els dies i horaris d&#8217;atenci\u00f3 es poden consultar en la p\u00e0gina web de la Conselleria de Sanitat Universal i Salut P\u00fablica.<\/p>\n\n\n\n<p class=\"wp-block-paragraph\">Dins de les funcions a desenvolupar en aquests centres, es contemplen les vacunacions i altres mesures preventives en el tr\u00e0fic internacional de persones, aix\u00ed com l&#8217;expedici\u00f3 dels certificats corresponents a les vacunacions. El servei prestat pel Centre de Vacunaci\u00f3 Internacional el realitza personal del Servei de Medicina Preventiva, que inclou aquesta activitat en la seua cartera de serveis, i contempla tant consulta m\u00e8dica com d&#8217;infermeria.<\/p>\n\n\n\n<p class=\"wp-block-paragraph\">Dins de la consulta m\u00e8dica es gestiona la hist\u00f2ria cl\u00ednica personal i vacunal pr\u00e8via, es fa una valoraci\u00f3 completa dels riscos sanitaris implicats en el viatge, vacunacions obligat\u00f2ries i recomanables, aix\u00ed com r\u00e8gims preventius o profilaxi antipal\u00fadica corresponent en relaci\u00f3 amb el tipus de viatge.<\/p>\n\n\n\n<p class=\"wp-block-paragraph\">La consulta d&#8217;infermeria s&#8217;encarrega de l&#8217;administraci\u00f3 de les vacunes prescrites pel metge, brinda consells sanitaris pertinents i escomet l&#8217;expedici\u00f3 del Certificat Internacional de Vacunaci\u00f3.<\/p>\n\n\n\n<p class=\"wp-block-paragraph\">Jos\u00e9 Cano, gerent del Departament de Salut de Torrevella, ha valorat de manera altament positiva la nova incorporaci\u00f3 d&#8217;aquest servei a l&#8217;Hospital Universitari de Torrevella en resposta al \u201caugment de la demanda de consultes per a l&#8217;atenci\u00f3 de viatgers internacionals, que ha anat incrementant-se en els \u00faltims anys\u201d.<\/p>\n\n\n\n<p class=\"wp-block-paragraph\"><strong>Informe permanent a l&#8217;OMS<\/strong><\/p>\n\n\n\n<p class=\"wp-block-paragraph\">Donada l&#8217;obligaci\u00f3 d&#8217;informar l&#8217;Organitzaci\u00f3 Mundial de la Salut, els centres de vacunaci\u00f3 han de superar diversos tr\u00e0mits per a acreditar que compleixen determinats requisits. D&#8217;una banda, comptar amb almenys dos professionals sanitaris de cada centre de vacunaci\u00f3 amb signatura reconeguda per a l&#8217;emissi\u00f3 del Certificat Internacional de Vacunaci\u00f3.<\/p>\n\n\n\n<p class=\"wp-block-paragraph\">El Ministeri de Sanitat, a m\u00e9s, facilita als centres el model de segell oficial corresponent, a m\u00e9s de subministrar-los les publicacions oficials o el material divulgatiu.<\/p>\n\n\n\n<p class=\"wp-block-paragraph\">D&#8217;altra banda, el Ministeri ofereix al personal dels centres de vacunaci\u00f3 internacional les activitats formatives que, en mat\u00e8ria de prevenci\u00f3 de la patologia del viatger, s&#8217;organitzen des de la Direcci\u00f3 General de Salut P\u00fablica, amb l&#8217;objectiu d&#8217;actualitzar els coneixements i establir l&#8217;harmonitzaci\u00f3 dels sistemes operatius necessaris i coherents en el context internacional.<\/p>\n\n\n\n<p class=\"wp-block-paragraph\"><a href=\"https:\/\/twitter.com\/intent\/tweet?text=Los+hospitales+de+Requena+y+Torrevieja+se+suman+a+la+red+de+Centros+de+Vacunaci%C3%B3n+Internacional+de+la+Comunitat+Valenciana&amp;tw_p=tweetbutton&amp;url=https:\/\/comunica.gva.es\/ca\/detalle?id=373131045&amp;site=174859789\"><\/a><\/p>\n\n\n\n<figure class=\"wp-block-image size-large\"><img loading=\"lazy\" decoding=\"async\" width=\"1024\" height=\"768\" src=\"https:\/\/www.tucomarca.com\/wordpress\/segunda\/wp-content\/uploads\/2023\/07\/CentroVacunacionInternacional1-1-1024x768.jpeg\" alt=\"\" class=\"wp-image-190325\" srcset=\"https:\/\/tucomarca.whitekongsoftware.com\/wp-content\/uploads\/2023\/07\/CentroVacunacionInternacional1-1-1024x768.jpeg 1024w, https:\/\/tucomarca.whitekongsoftware.com\/wp-content\/uploads\/2023\/07\/CentroVacunacionInternacional1-1-300x225.jpeg 300w, https:\/\/tucomarca.whitekongsoftware.com\/wp-content\/uploads\/2023\/07\/CentroVacunacionInternacional1-1-768x576.jpeg 768w, https:\/\/tucomarca.whitekongsoftware.com\/wp-content\/uploads\/2023\/07\/CentroVacunacionInternacional1-1-1536x1152.jpeg 1536w, https:\/\/tucomarca.whitekongsoftware.com\/wp-content\/uploads\/2023\/07\/CentroVacunacionInternacional1-1-678x509.jpeg 678w, https:\/\/tucomarca.whitekongsoftware.com\/wp-content\/uploads\/2023\/07\/CentroVacunacionInternacional1-1-326x245.jpeg 326w, https:\/\/tucomarca.whitekongsoftware.com\/wp-content\/uploads\/2023\/07\/CentroVacunacionInternacional1-1-80x60.jpeg 80w, https:\/\/tucomarca.whitekongsoftware.com\/wp-content\/uploads\/2023\/07\/CentroVacunacionInternacional1-1.jpeg 1600w\" sizes=\"auto, (max-width: 1024px) 100vw, 1024px\" \/><\/figure>\n\n\n\n<figure class=\"wp-block-image size-large\"><img loading=\"lazy\" decoding=\"async\" width=\"1024\" height=\"768\" src=\"http:\/\/www.tucomarca.com\/wordpress\/segunda\/wp-content\/uploads\/2023\/07\/CentroVacunacionInternacional2-1024x768.jpeg\" alt=\"\" class=\"wp-image-190327\" srcset=\"https:\/\/tucomarca.whitekongsoftware.com\/wp-content\/uploads\/2023\/07\/CentroVacunacionInternacional2-1024x768.jpeg 1024w, https:\/\/tucomarca.whitekongsoftware.com\/wp-content\/uploads\/2023\/07\/CentroVacunacionInternacional2-300x225.jpeg 300w, https:\/\/tucomarca.whitekongsoftware.com\/wp-content\/uploads\/2023\/07\/CentroVacunacionInternacional2-768x576.jpeg 768w, https:\/\/tucomarca.whitekongsoftware.com\/wp-content\/uploads\/2023\/07\/CentroVacunacionInternacional2-1536x1152.jpeg 1536w, https:\/\/tucomarca.whitekongsoftware.com\/wp-content\/uploads\/2023\/07\/CentroVacunacionInternacional2-678x509.jpeg 678w, https:\/\/tucomarca.whitekongsoftware.com\/wp-content\/uploads\/2023\/07\/CentroVacunacionInternacional2-326x245.jpeg 326w, https:\/\/tucomarca.whitekongsoftware.com\/wp-content\/uploads\/2023\/07\/CentroVacunacionInternacional2-80x60.jpeg 80w, https:\/\/tucomarca.whitekongsoftware.com\/wp-content\/uploads\/2023\/07\/CentroVacunacionInternacional2.jpeg 1600w\" sizes=\"auto, (max-width: 1024px) 100vw, 1024px\" \/><\/figure>\n","protected":false},"excerpt":{"rendered":"<div class=\"mh-excerpt\">El servei s&#8217;acosta m\u00e9s a la ciutadania perqu\u00e8 els i les pacients s&#8217;estalvien haver de despla\u00e7ar-se a Val\u00e8ncia, Oriola o Elx La xarxa de vacunaci\u00f3 a persones viatgeres compta amb un total de 20 punts <a class=\"mh-excerpt-more\" href=\"https:\/\/tucomarca.whitekongsoftware.com\/ca\/els-hospitals-de-requena-i-torrevella-se-sumen-a-la-xarxa-de-centres-de-vacunacio-internacional-de-la-comunitat-valenciana\/\" title=\"Els hospitals de Requena i Torrevella se sumen a la xarxa de Centres de Vacunaci\u00f3 Internacional de la Comunitat Valenciana\">[+] <\/a><\/div>\n","protected":false},"author":13,"featured_media":190324,"comment_status":"open","ping_status":"open","sticky":false,"template":"","format":"standard","meta":{"footnotes":""},"categories":[11010,10898,10948,10894,10904,10908,10909,10896],"tags":[11497,11099,10910,11207,13963],"class_list":["post-190330","post","type-post","status-publish","format-standard","has-post-thumbnail","category-canal-salud","category-ventana-ca","category-infraestructuras-ca","category-la-comarca-ca","category-sin-categorizar-ca","category-requena-ca","category-requena-utiel-ca","category-seccion-ca","tag-comunitat-valenciana-ca","tag-requena-ca","tag-requena-utiel-ca","tag-salud-ca","tag-vacunacion-ca"],"_links":{"self":[{"href":"https:\/\/tucomarca.whitekongsoftware.com\/ca\/wp-json\/wp\/v2\/posts\/190330","targetHints":{"allow":["GET"]}}],"collection":[{"href":"https:\/\/tucomarca.whitekongsoftware.com\/ca\/wp-json\/wp\/v2\/posts"}],"about":[{"href":"https:\/\/tucomarca.whitekongsoftware.com\/ca\/wp-json\/wp\/v2\/types\/post"}],"author":[{"embeddable":true,"href":"https:\/\/tucomarca.whitekongsoftware.com\/ca\/wp-json\/wp\/v2\/users\/13"}],"replies":[{"embeddable":true,"href":"https:\/\/tucomarca.whitekongsoftware.com\/ca\/wp-json\/wp\/v2\/comments?post=190330"}],"version-history":[{"count":0,"href":"https:\/\/tucomarca.whitekongsoftware.com\/ca\/wp-json\/wp\/v2\/posts\/190330\/revisions"}],"wp:featuredmedia":[{"embeddable":true,"href":"https:\/\/tucomarca.whitekongsoftware.com\/ca\/wp-json\/wp\/v2\/media\/190324"}],"wp:attachment":[{"href":"https:\/\/tucomarca.whitekongsoftware.com\/ca\/wp-json\/wp\/v2\/media?parent=190330"}],"wp:term":[{"taxonomy":"category","embeddable":true,"href":"https:\/\/tucomarca.whitekongsoftware.com\/ca\/wp-json\/wp\/v2\/categories?post=190330"},{"taxonomy":"post_tag","embeddable":true,"href":"https:\/\/tucomarca.whitekongsoftware.com\/ca\/wp-json\/wp\/v2\/tags?post=190330"}],"curies":[{"name":"wp","href":"https:\/\/api.w.org\/{rel}","templated":true}]}}