{"id":190281,"date":"2023-07-04T14:00:00","date_gmt":"2023-07-04T13:00:00","guid":{"rendered":"https:\/\/www.tucomarca.com\/wordpress\/segunda\/?p=190281"},"modified":"2023-07-04T20:40:14","modified_gmt":"2023-07-04T19:40:14","slug":"efectius-del-parc-de-bombers-dalzira-assisteixen-a-un-vehicle-envestit-per-una-cabra-muntesa-en-la-7","status":"publish","type":"post","link":"https:\/\/tucomarca.whitekongsoftware.com\/ca\/efectius-del-parc-de-bombers-dalzira-assisteixen-a-un-vehicle-envestit-per-una-cabra-muntesa-en-la-7\/","title":{"rendered":"Efectius del parc de bombers d&#8217;Alzira assisteixen a un vehicle envestit per una cabra muntesa en l&#8217;A-7"},"content":{"rendered":"\n<p class=\"wp-block-paragraph\">Efectius i el sergent del Parc de Bombers d&#8217;Alzira, juntament amb membres de la Policia Local d&#8217;Alberic han assistit a un accident per una envestida a un turisme d&#8217;una cabra muntesa.<\/p>\n\n\n\n<p class=\"wp-block-paragraph\">El succ\u00e9s va tindre lloc a les 20,30 hores d&#8217;aquest dilluns, quan es va rebre al parc l&#8217;av\u00eds que diverses cabres munteses havien accedisc a la A-7 en el terme municipal d&#8217;Alberic, produint-se un xoc entre un vehicle i un dels animals que resultar\u00e0 mort a causa de l&#8217;atropellament.<\/p>\n\n\n\n<p class=\"wp-block-paragraph\">Els ocupants del vehicle hi van haver de rebre assist\u00e8ncia sanit\u00e0ria a conseq\u00fc\u00e8ncia del sinistre.<\/p>\n\n\n\n<figure class=\"wp-block-image size-large\"><img loading=\"lazy\" decoding=\"async\" width=\"1024\" height=\"768\" src=\"http:\/\/www.tucomarca.com\/wordpress\/segunda\/wp-content\/uploads\/2023\/07\/AlziraAccidenteCabra2-1024x768.jpg\" alt=\"\" class=\"wp-image-190277\" srcset=\"https:\/\/tucomarca.whitekongsoftware.com\/wp-content\/uploads\/2023\/07\/AlziraAccidenteCabra2-1024x768.jpg 1024w, https:\/\/tucomarca.whitekongsoftware.com\/wp-content\/uploads\/2023\/07\/AlziraAccidenteCabra2-300x225.jpg 300w, https:\/\/tucomarca.whitekongsoftware.com\/wp-content\/uploads\/2023\/07\/AlziraAccidenteCabra2-768x576.jpg 768w, https:\/\/tucomarca.whitekongsoftware.com\/wp-content\/uploads\/2023\/07\/AlziraAccidenteCabra2-1536x1152.jpg 1536w, https:\/\/tucomarca.whitekongsoftware.com\/wp-content\/uploads\/2023\/07\/AlziraAccidenteCabra2-678x509.jpg 678w, https:\/\/tucomarca.whitekongsoftware.com\/wp-content\/uploads\/2023\/07\/AlziraAccidenteCabra2-326x245.jpg 326w, https:\/\/tucomarca.whitekongsoftware.com\/wp-content\/uploads\/2023\/07\/AlziraAccidenteCabra2-80x60.jpg 80w, https:\/\/tucomarca.whitekongsoftware.com\/wp-content\/uploads\/2023\/07\/AlziraAccidenteCabra2.jpg 2048w\" sizes=\"auto, (max-width: 1024px) 100vw, 1024px\" \/><\/figure>\n","protected":false},"excerpt":{"rendered":"<div class=\"mh-excerpt\">Efectius i el sergent del Parc de Bombers d&#8217;Alzira, juntament amb membres de la Policia Local d&#8217;Alberic han assistit a un accident per una envestida a un turisme d&#8217;una cabra muntesa. El succ\u00e9s va tindre <a class=\"mh-excerpt-more\" href=\"https:\/\/tucomarca.whitekongsoftware.com\/ca\/efectius-del-parc-de-bombers-dalzira-assisteixen-a-un-vehicle-envestit-per-una-cabra-muntesa-en-la-7\/\" title=\"Efectius del parc de bombers d&#8217;Alzira assisteixen a un vehicle envestit per una cabra muntesa en l&#8217;A-7\">[+] <\/a><\/div>\n","protected":false},"author":1,"featured_media":190276,"comment_status":"open","ping_status":"open","sticky":false,"template":"","format":"gallery","meta":{"footnotes":""},"categories":[10889,10898,10948,10894,10904,10902,10896,10897],"tags":[11077,10901],"class_list":["post-190281","post","type-post","status-publish","format-gallery","has-post-thumbnail","category-alzira-cat","category-ventana-ca","category-infraestructuras-ca","category-la-comarca-ca","category-sin-categorizar-ca","category-la-ribera-ca","category-seccion-ca","category-sucesos-la-comarca-ca","tag-la-ribera-alta-ca","tag-sucesos-ca","post_format-post-format-gallery"],"_links":{"self":[{"href":"https:\/\/tucomarca.whitekongsoftware.com\/ca\/wp-json\/wp\/v2\/posts\/190281","targetHints":{"allow":["GET"]}}],"collection":[{"href":"https:\/\/tucomarca.whitekongsoftware.com\/ca\/wp-json\/wp\/v2\/posts"}],"about":[{"href":"https:\/\/tucomarca.whitekongsoftware.com\/ca\/wp-json\/wp\/v2\/types\/post"}],"author":[{"embeddable":true,"href":"https:\/\/tucomarca.whitekongsoftware.com\/ca\/wp-json\/wp\/v2\/users\/1"}],"replies":[{"embeddable":true,"href":"https:\/\/tucomarca.whitekongsoftware.com\/ca\/wp-json\/wp\/v2\/comments?post=190281"}],"version-history":[{"count":0,"href":"https:\/\/tucomarca.whitekongsoftware.com\/ca\/wp-json\/wp\/v2\/posts\/190281\/revisions"}],"wp:featuredmedia":[{"embeddable":true,"href":"https:\/\/tucomarca.whitekongsoftware.com\/ca\/wp-json\/wp\/v2\/media\/190276"}],"wp:attachment":[{"href":"https:\/\/tucomarca.whitekongsoftware.com\/ca\/wp-json\/wp\/v2\/media?parent=190281"}],"wp:term":[{"taxonomy":"category","embeddable":true,"href":"https:\/\/tucomarca.whitekongsoftware.com\/ca\/wp-json\/wp\/v2\/categories?post=190281"},{"taxonomy":"post_tag","embeddable":true,"href":"https:\/\/tucomarca.whitekongsoftware.com\/ca\/wp-json\/wp\/v2\/tags?post=190281"}],"curies":[{"name":"wp","href":"https:\/\/api.w.org\/{rel}","templated":true}]}}