{"id":190228,"date":"2023-07-04T13:30:00","date_gmt":"2023-07-04T12:30:00","guid":{"rendered":"https:\/\/www.tucomarca.com\/wordpress\/segunda\/?p=190228"},"modified":"2023-07-04T13:45:40","modified_gmt":"2023-07-04T12:45:40","slug":"denuncien-que-la-falta-de-manteniment-i-adequacio-de-collectors-generat-inundacions-en-diverses-comunitats-de-propietaris-de-lliria","status":"publish","type":"post","link":"https:\/\/tucomarca.whitekongsoftware.com\/ca\/denuncien-que-la-falta-de-manteniment-i-adequacio-de-collectors-generat-inundacions-en-diverses-comunitats-de-propietaris-de-lliria\/","title":{"rendered":"Denuncien que la falta de manteniment i adequaci\u00f3 de col\u00b7lectors genera inundacions en diverses comunitats de propietaris de Ll\u00edria"},"content":{"rendered":"\n<p class=\"wp-block-paragraph\">L&#8217;Administraci\u00f3 de Finques SF ha denunciat la \u201clamentable situaci\u00f3\u201d dels col\u00b7lectors d&#8217;aigua pluvial que transcorren pel carrer Juan Izquierdo de Ll\u00edria &#8220;ja que cada vegada que plou amb intensitat s&#8217;inunda la comunitat de propietaris situada al final d&#8217;aquest carrer&#8221;, tal com han criticat.<\/p>\n\n\n\n<p class=\"wp-block-paragraph\">&#8220;Despr\u00e9s de les abundants precipitacions que en la vesprada d&#8217;ahir van deixar a Ll\u00edria prop de 31 litres per metres es va tornar a evidenciar la necessitat de millorar els col\u00b7lectors que recullen l&#8217;aigua pluvial els quals no est\u00e0 preparat per a canalitzar tal quantitat de litres&#8221;, han afegit.<\/p>\n\n\n\n<p class=\"wp-block-paragraph\">&#8220;Com ve ocorrent en els \u00faltims anys, cada vegada \u00e9s m\u00e9s freq\u00fcent l&#8217;aparici\u00f3 de pluges torrencials el que suposa un estat de nervis per als ve\u00efns de la comunitat situada al carrer Juan *Izquierdo 92. Aquest edifici \u00e9s l&#8217;\u00faltim situat en el citat carrer on el col\u00b7lector realitza una bifurcaci\u00f3 i cada vegada que plou amb intensitat es desborda inundant els trasters situats en el garatge&#8221;.&nbsp;<\/p>\n\n\n\n<p class=\"wp-block-paragraph\">L&#8217;administrador de la comunitat, Salvador Ferrer, insisteix a &#8220;posar soluci\u00f3 al problema&#8221; i ha matisat que &#8220;despr\u00e9s de posar-nos en contacte amb l&#8217;Ajuntament tant mitjan\u00e7ant inst\u00e0ncies, com amb reunions presencials amb els responsables t\u00e8cnics, no hem aconseguit que s&#8217;esmenen els fets i aix\u00f2 est\u00e0 provocant descontentament els ve\u00efns\u201d.<\/p>\n\n\n\n<p class=\"wp-block-paragraph\">Ferrer no descarta &#8220;reunir-se amb la nova regidor de l&#8217;\u00e0rea d&#8217;urbanisme i aix\u00ed consta que s&#8217;ha sol\u00b7licitat, esperant una soluci\u00f3 al problema, ja que s\u00f3n diversos anys reclamant una soluci\u00f3 definitiva&#8221;, ha finalitzat.<\/p>\n\n\n\n<figure class=\"wp-block-image size-large\"><img loading=\"lazy\" decoding=\"async\" width=\"1011\" height=\"1024\" src=\"http:\/\/www.tucomarca.com\/wordpress\/segunda\/wp-content\/uploads\/2023\/07\/LliriaInundaciones2-1011x1024.jpg\" alt=\"\" class=\"wp-image-190230\" srcset=\"https:\/\/tucomarca.whitekongsoftware.com\/wp-content\/uploads\/2023\/07\/LliriaInundaciones2-1011x1024.jpg 1011w, https:\/\/tucomarca.whitekongsoftware.com\/wp-content\/uploads\/2023\/07\/LliriaInundaciones2-296x300.jpg 296w, https:\/\/tucomarca.whitekongsoftware.com\/wp-content\/uploads\/2023\/07\/LliriaInundaciones2-768x778.jpg 768w, https:\/\/tucomarca.whitekongsoftware.com\/wp-content\/uploads\/2023\/07\/LliriaInundaciones2.jpg 1153w\" sizes=\"auto, (max-width: 1011px) 100vw, 1011px\" \/><\/figure>\n","protected":false},"excerpt":{"rendered":"<div class=\"mh-excerpt\">L&#8217;Administraci\u00f3 de Finques SF ha denunciat la \u201clamentable situaci\u00f3\u201d dels col\u00b7lectors d&#8217;aigua pluvial que transcorren pel carrer Juan Izquierdo de Ll\u00edria &#8220;ja que cada vegada que plou amb intensitat s&#8217;inunda la comunitat de propietaris situada <a class=\"mh-excerpt-more\" href=\"https:\/\/tucomarca.whitekongsoftware.com\/ca\/denuncien-que-la-falta-de-manteniment-i-adequacio-de-collectors-generat-inundacions-en-diverses-comunitats-de-propietaris-de-lliria\/\" title=\"Denuncien que la falta de manteniment i adequaci\u00f3 de col\u00b7lectors genera inundacions en diverses comunitats de propietaris de Ll\u00edria\">[+] <\/a><\/div>\n","protected":false},"author":1,"featured_media":190226,"comment_status":"open","ping_status":"open","sticky":false,"template":"","format":"gallery","meta":{"footnotes":""},"categories":[10892,10948,10894,10928,10903,10947,10896,10897],"tags":[10899,15500,11070],"class_list":["post-190228","post","type-post","status-publish","format-gallery","has-post-thumbnail","category-camp-de-turia-ca","category-infraestructuras-ca","category-la-comarca-ca","category-lliria-ca","category-medio-ambiente-la-comarca-ca","category-politica","category-seccion-ca","category-sucesos-la-comarca-ca","tag-camp-de-turia-ca","tag-inundaciones-ca","tag-lliria-ca","post_format-post-format-gallery"],"_links":{"self":[{"href":"https:\/\/tucomarca.whitekongsoftware.com\/ca\/wp-json\/wp\/v2\/posts\/190228","targetHints":{"allow":["GET"]}}],"collection":[{"href":"https:\/\/tucomarca.whitekongsoftware.com\/ca\/wp-json\/wp\/v2\/posts"}],"about":[{"href":"https:\/\/tucomarca.whitekongsoftware.com\/ca\/wp-json\/wp\/v2\/types\/post"}],"author":[{"embeddable":true,"href":"https:\/\/tucomarca.whitekongsoftware.com\/ca\/wp-json\/wp\/v2\/users\/1"}],"replies":[{"embeddable":true,"href":"https:\/\/tucomarca.whitekongsoftware.com\/ca\/wp-json\/wp\/v2\/comments?post=190228"}],"version-history":[{"count":0,"href":"https:\/\/tucomarca.whitekongsoftware.com\/ca\/wp-json\/wp\/v2\/posts\/190228\/revisions"}],"wp:featuredmedia":[{"embeddable":true,"href":"https:\/\/tucomarca.whitekongsoftware.com\/ca\/wp-json\/wp\/v2\/media\/190226"}],"wp:attachment":[{"href":"https:\/\/tucomarca.whitekongsoftware.com\/ca\/wp-json\/wp\/v2\/media?parent=190228"}],"wp:term":[{"taxonomy":"category","embeddable":true,"href":"https:\/\/tucomarca.whitekongsoftware.com\/ca\/wp-json\/wp\/v2\/categories?post=190228"},{"taxonomy":"post_tag","embeddable":true,"href":"https:\/\/tucomarca.whitekongsoftware.com\/ca\/wp-json\/wp\/v2\/tags?post=190228"}],"curies":[{"name":"wp","href":"https:\/\/api.w.org\/{rel}","templated":true}]}}