{"id":190058,"date":"2023-07-03T12:00:00","date_gmt":"2023-07-03T11:00:00","guid":{"rendered":"https:\/\/www.tucomarca.com\/wordpress\/segunda\/?p=190058"},"modified":"2023-07-03T13:07:25","modified_gmt":"2023-07-03T12:07:25","slug":"lescola-destiu-sinicia-a-benaguasil","status":"publish","type":"post","link":"https:\/\/tucomarca.whitekongsoftware.com\/ca\/lescola-destiu-sinicia-a-benaguasil\/","title":{"rendered":"L&#8217;escola d&#8217;estiu s&#8217;inicia a Benaguasil"},"content":{"rendered":"\n<h3 class=\"wp-block-heading\"><strong>L&#8217;objectiu \u00e9s afavorir la conciliaci\u00f3 familiar i laboral<\/strong>.<\/h3>\n\n\n\n<h3 class=\"wp-block-heading\"><strong>Manualitats, jocs i piscina s\u00f3n les activitats que realitzaran els 270 xiquets i xiquetes al llarg de tot el mes de juliol<\/strong>.<\/h3>\n\n\n\n<p class=\"wp-block-paragraph\">Aquest mat\u00ed ha donat inici l&#8217;Escola d&#8217;Estiu Municipal, organitzada per l&#8217;Ajuntament en les instal\u00b7lacions del Poliesportiu i del Centre Social.\u00a0<br>L&#8217;escola d&#8217;estiu compta enguany amb la participaci\u00f3 de 270 xiquets nascuts entre 2009 i 2020 que, gaudiran d&#8217;activitats l\u00fadiques i creatives com a din\u00e0miques de grup, jocs esportius i aqu\u00e0tics, balls o piscina.<br>Durant tot el mes de juliol, de 9,00 h a 14,00 h, els participants tindran l&#8217;oportunitat de gaudir practicant esport i aprenent en les instal\u00b7lacions esportives municipals durant les vacances.<br>Es tracta d&#8217;una proposta que l&#8217;Ajuntament posa a la disposici\u00f3 dels pares que han de treballar amb l&#8217;objectiu d&#8217;afavorir la conciliaci\u00f3 laboral i familiar i oferir una alternativa d&#8217;oci i educativa als xiquets i xiquetes.<br>Des de l&#8217;Ajuntament han subratllat que \u201cper a admetre a tots els sol\u00b7licitants s&#8217;han ampliat les places de l&#8217;Escola d&#8217;Estiu ja que \u00e9s un servei molt demandat, tal com ho demostren les xifres d&#8217;inscripcions, i s&#8217;ha ampliat en una hora l&#8217;horari amb la finalitat principal d&#8217;ajudar les fam\u00edlies a conciliar\u201d.<\/p>\n","protected":false},"excerpt":{"rendered":"<div class=\"mh-excerpt\">L&#8217;objectiu \u00e9s afavorir la conciliaci\u00f3 familiar i laboral. Manualitats, jocs i piscina s\u00f3n les activitats que realitzaran els 270 xiquets i xiquetes al llarg de tot el mes de juliol. Aquest mat\u00ed ha donat inici <a class=\"mh-excerpt-more\" href=\"https:\/\/tucomarca.whitekongsoftware.com\/ca\/lescola-destiu-sinicia-a-benaguasil\/\" title=\"L&#8217;escola d&#8217;estiu s&#8217;inicia a Benaguasil\">[+] <\/a><\/div>\n","protected":false},"author":1,"featured_media":190055,"comment_status":"open","ping_status":"open","sticky":false,"template":"","format":"standard","meta":{"footnotes":""},"categories":[10952,10892,10894,11007,10896],"tags":[11136,10899,15304],"class_list":["post-190058","post","type-post","status-publish","format-standard","has-post-thumbnail","category-benaguasil-ca","category-camp-de-turia-ca","category-la-comarca-ca","category-ocio-y-cultura-ca","category-seccion-ca","tag-benaguasil-ca","tag-camp-de-turia-ca","tag-verano-ca"],"_links":{"self":[{"href":"https:\/\/tucomarca.whitekongsoftware.com\/ca\/wp-json\/wp\/v2\/posts\/190058","targetHints":{"allow":["GET"]}}],"collection":[{"href":"https:\/\/tucomarca.whitekongsoftware.com\/ca\/wp-json\/wp\/v2\/posts"}],"about":[{"href":"https:\/\/tucomarca.whitekongsoftware.com\/ca\/wp-json\/wp\/v2\/types\/post"}],"author":[{"embeddable":true,"href":"https:\/\/tucomarca.whitekongsoftware.com\/ca\/wp-json\/wp\/v2\/users\/1"}],"replies":[{"embeddable":true,"href":"https:\/\/tucomarca.whitekongsoftware.com\/ca\/wp-json\/wp\/v2\/comments?post=190058"}],"version-history":[{"count":0,"href":"https:\/\/tucomarca.whitekongsoftware.com\/ca\/wp-json\/wp\/v2\/posts\/190058\/revisions"}],"wp:featuredmedia":[{"embeddable":true,"href":"https:\/\/tucomarca.whitekongsoftware.com\/ca\/wp-json\/wp\/v2\/media\/190055"}],"wp:attachment":[{"href":"https:\/\/tucomarca.whitekongsoftware.com\/ca\/wp-json\/wp\/v2\/media?parent=190058"}],"wp:term":[{"taxonomy":"category","embeddable":true,"href":"https:\/\/tucomarca.whitekongsoftware.com\/ca\/wp-json\/wp\/v2\/categories?post=190058"},{"taxonomy":"post_tag","embeddable":true,"href":"https:\/\/tucomarca.whitekongsoftware.com\/ca\/wp-json\/wp\/v2\/tags?post=190058"}],"curies":[{"name":"wp","href":"https:\/\/api.w.org\/{rel}","templated":true}]}}