{"id":190001,"date":"2023-07-02T10:00:00","date_gmt":"2023-07-02T09:00:00","guid":{"rendered":"https:\/\/www.tucomarca.com\/wordpress\/segunda\/?p=190001"},"modified":"2023-07-02T10:47:50","modified_gmt":"2023-07-02T09:47:50","slug":"la-guardia-civil-destrueix-10-quilograms-de-dinamita-3-g-que-un-vei-va-trobar-a-linterior-del-seu-domicili-a-caudete-de-las-fuentes","status":"publish","type":"post","link":"https:\/\/tucomarca.whitekongsoftware.com\/ca\/la-guardia-civil-destrueix-10-quilograms-de-dinamita-3-g-que-un-vei-va-trobar-a-linterior-del-seu-domicili-a-caudete-de-las-fuentes\/","title":{"rendered":"La Gu\u00e0rdia Civil destrueix 10 quilograms de dinamita 3-G que un ve\u00ed va trobar a l&#8217;interior del seu domicili a Caudete de las Fuentes"},"content":{"rendered":"\n<h3 class=\"wp-block-heading\"><strong>Un ve\u00ed de la localitat de Caudete de las Fuentes va trobar l&#8217;explosiu a l&#8217;interior del garatge del seu habitatge<\/strong>.<\/h3>\n\n\n\n<h3 class=\"wp-block-heading\"><strong>Personat el GEDEX (desactivaci\u00f3 d&#8217;explosius) de la Gu\u00e0rdia Civil en el lloc retira el material i procedeix a la seua destrucci\u00f3 controlada<\/strong>.<\/h3>\n\n\n\n<p class=\"wp-block-paragraph\">La Gu\u00e0rdia Civil de Val\u00e8ncia, a trav\u00e9s del EDEX, destrueix de manera controlada 10 quilograms de dinamita 3-G que un ve\u00ed de la comarca de Requena-Utiel va trobar a l&#8217;interior del garatge del seu domicili.<\/p>\n\n\n\n<p class=\"wp-block-paragraph\">Tot va comen\u00e7ar amb l&#8217;av\u00eds rebut d&#8217;una patrulla per part de la Central d&#8217;Emerg\u00e8ncies de la Gu\u00e0rdia Civil COC, comunicant que una persona havia localitzat 4 caixes d&#8217;explosiu tipus &#8220;DINAMITA&#8221; a l&#8217;interior del garatge del seu habitatge situat en la localitat de Caudete de las Fuentes.\u00a0<br>Una vegada personada la patrulla i entrevistada amb la persona que va notificar l&#8217;av\u00eds, aquest comunica que ha manipulat els explosius, traslladant-los del garatge de l&#8217;habitatge a l&#8217;interior del maleter del seu vehicle particular, el qual es troba estacionat en la mateixa entrada de l&#8217;habitatge.\u00a0<br>La patrulla comprova, despr\u00e9s d&#8217;obrir el maleter, que efectivament es tracta de 4 caixes que contenen material explosiu tipus DINAMITA, procedint a acordonar la zona, activant a l&#8217;Equip Territorial de Policia Judicial del Lloc Principal de Requena. A m\u00e9s dels explosius que contenen les caixes, els agents observen casquets, la qual cosa pogueren ser iniciadors de la c\u00e0rrega explosiva, i un cord\u00f3 que entrega el llamante, podent-se tractar de cord\u00f3 detonant d&#8217;explosiu.<br>Personat el EDEX (Equip de desactivaci\u00f3 d&#8217;explosius) comprova que es tracta de: 10 quilograms de dinamita 3-G, 300 detonadors pirot\u00e8cnics i 5 metres de metxa lenta embreada.<br>Aquest material \u00e9s retirat pel EDEX i destru\u00eft en la Pedrera de Les Cases d&#8217;Utiel (Val\u00e8ncia), amb mitjans propis de l&#8217;especialitat i de manera controlada.<\/p>\n\n\n\n<p class=\"wp-block-paragraph\"><strong>En el cas de trobar qualsevol tipus de material explosiu, la Gu\u00e0rdia Civil aconsella encaridament:\u00a0<\/strong><\/p>\n\n\n\n<p class=\"wp-block-paragraph\">No tocar el material.<br>No despla\u00e7ar-lo a cap altre lloc.<br>Cridar a la Gu\u00e0rdia Civil.<br>No portar el material a una caserna.<\/p>\n","protected":false},"excerpt":{"rendered":"<div class=\"mh-excerpt\">Un ve\u00ed de la localitat de Caudete de las Fuentes va trobar l&#8217;explosiu a l&#8217;interior del garatge del seu habitatge. Personat el GEDEX (desactivaci\u00f3 d&#8217;explosius) de la Gu\u00e0rdia Civil en el lloc retira el material <a class=\"mh-excerpt-more\" href=\"https:\/\/tucomarca.whitekongsoftware.com\/ca\/la-guardia-civil-destrueix-10-quilograms-de-dinamita-3-g-que-un-vei-va-trobar-a-linterior-del-seu-domicili-a-caudete-de-las-fuentes\/\" title=\"La Gu\u00e0rdia Civil destrueix 10 quilograms de dinamita 3-G que un ve\u00ed va trobar a l&#8217;interior del seu domicili a Caudete de las Fuentes\">[+] <\/a><\/div>\n","protected":false},"author":1,"featured_media":189998,"comment_status":"open","ping_status":"open","sticky":false,"template":"","format":"standard","meta":{"footnotes":""},"categories":[11032,10898,10948,10894,10904,10909,10896,10897],"tags":[19459,19460,11118,10910,10901],"class_list":["post-190001","post","type-post","status-publish","format-standard","has-post-thumbnail","category-caudete-ca","category-ventana-ca","category-infraestructuras-ca","category-la-comarca-ca","category-sin-categorizar-ca","category-requena-utiel-ca","category-seccion-ca","category-sucesos-la-comarca-ca","tag-cadete-de-las-fuentes-ca","tag-dinamita-ca","tag-guardia-civil-ca","tag-requena-utiel-ca","tag-sucesos-ca"],"_links":{"self":[{"href":"https:\/\/tucomarca.whitekongsoftware.com\/ca\/wp-json\/wp\/v2\/posts\/190001","targetHints":{"allow":["GET"]}}],"collection":[{"href":"https:\/\/tucomarca.whitekongsoftware.com\/ca\/wp-json\/wp\/v2\/posts"}],"about":[{"href":"https:\/\/tucomarca.whitekongsoftware.com\/ca\/wp-json\/wp\/v2\/types\/post"}],"author":[{"embeddable":true,"href":"https:\/\/tucomarca.whitekongsoftware.com\/ca\/wp-json\/wp\/v2\/users\/1"}],"replies":[{"embeddable":true,"href":"https:\/\/tucomarca.whitekongsoftware.com\/ca\/wp-json\/wp\/v2\/comments?post=190001"}],"version-history":[{"count":0,"href":"https:\/\/tucomarca.whitekongsoftware.com\/ca\/wp-json\/wp\/v2\/posts\/190001\/revisions"}],"wp:featuredmedia":[{"embeddable":true,"href":"https:\/\/tucomarca.whitekongsoftware.com\/ca\/wp-json\/wp\/v2\/media\/189998"}],"wp:attachment":[{"href":"https:\/\/tucomarca.whitekongsoftware.com\/ca\/wp-json\/wp\/v2\/media?parent=190001"}],"wp:term":[{"taxonomy":"category","embeddable":true,"href":"https:\/\/tucomarca.whitekongsoftware.com\/ca\/wp-json\/wp\/v2\/categories?post=190001"},{"taxonomy":"post_tag","embeddable":true,"href":"https:\/\/tucomarca.whitekongsoftware.com\/ca\/wp-json\/wp\/v2\/tags?post=190001"}],"curies":[{"name":"wp","href":"https:\/\/api.w.org\/{rel}","templated":true}]}}